{"id":9673,"date":"2020-01-21T17:29:00","date_gmt":"2020-01-21T15:29:00","guid":{"rendered":"http:\/\/www.kaldkriips.ee\/?p=9673"},"modified":"2020-01-21T17:29:00","modified_gmt":"2020-01-21T15:29:00","slug":"kaes-aasta-uus-2020","status":"publish","type":"post","link":"https:\/\/www.kaldkriips.ee\/?p=9673","title":{"rendered":"K\u00e4es aasta uus&#8230;&#8230;2020"},"content":{"rendered":"<p>Selline ilus number, eksole. K\u00fcmnendi vahetus.<br \/>\nLugesin eile eelmise aasta kokkuv\u00f5tet ja j\u00e4in m\u00f5ttesse, et aasta aastalt l\u00e4heb keerulisemaks midagi kokkuv\u00f5tvalt kirjutada, sest v\u00e4gisi kipud ennast kordama ja l\u00f5puks pole enam midagi tarka \u00f6elda. No ja eks ma tegelikult v\u00f5tan seda kokkuv\u00f5tet rohkem kui kroonikat iseendale, et vaatan aasta p\u00e4rast(v\u00f5i hiljem) mida ma siin kokku puterdasin. Ja&#8230;K k\u00e4ib ka siin ringi luusimas ja meenutamas.<br \/>\nOmeti peaks kuidagi selle aasta 2019 kokku v\u00f5tma ja oma m\u00f5tted ritta seadma ehk kirjutama Oravakese v\u00e4ljendit kasutades sumbuurse fa-fa-fa :)<\/p>\n<p><center><a href=\"\/pildid\/1533\/IMG_1597-2.jpg\"><img decoding=\"async\" src=\"\/pildid\/1533\/IMG_1597-2.jpg\" alt=\"ilutulestik\" \/a\/><\/a><\/center><\/p>\n<p>Ma ei ole see inimene, kes teeb endale aasta alguses \u00fc\u00fcratu nimekirja pompoossete lubadustega, et poole aasta pealt avastada&#8230;&#8230;eeee, see ikka mitte kohe ei edene&#8230;. see nimekiri. Minu  m\u00f5te aasta alguses on pigem see, et soovin k\u00f5ikidele oma l\u00e4hedastele ja s\u00f5pradele head, et mu perel l\u00e4heks h\u00e4sti, et k\u00f5ik oleksid terved&#8230;..ja k\u00f5ige selle nimel tulebki elada nii, et k\u00f5ik oleks h\u00e4sti. Niiv\u00f5rd kuiv\u00f5rd see meist endist s\u00f5ltuda saab. Olgu selle vanajumalaga kuidas on, aga kui aitad ennast ise, aitab sind see vennike enamasti ka.<br \/>\nEt siis nii ongi. Ma ei luba, et uuel aastal s\u00f6\u00f6n v\u00e4hem, v\u00f5imlen rohkem, joon v\u00e4hem jne. K\u00f5ige sellega on mul niikuinii asjad jonksus. Mitte v\u00e4he oluline on aga see, et ise ei tasu oma elu keeruliseks elada. Teada tuntud s\u00f5nad ju, eksole, eestlaste kultusfilmist &#8221; Siin me oleme&#8221;. Oma \u00f5ppetunnid olen ma elus k\u00e4tte saanud, sealhulgas ikkagi ellu j\u00e4\u00e4nud ja loodan t\u00f5epoolest enam sellistes \u00e4mbrites mitte kolistada.<br \/>\nK\u00fcll aga sean ma endale eesm\u00e4rke ja v\u00f5tan  vastu v\u00e4ljakutseid. N\u00e4iteks selliseid v\u00e4ljakutseid, l\u00e4bi mille tekivad head harjumused. Ja eesm\u00e4rkideks pigem  sellised, et v\u00e4hem kulutada, v\u00e4hem tarbida, rohkem s\u00e4\u00e4sta.<\/p>\n<p><center><a href=\"\/pildid\/1533\/IMG_1506-2.jpg\"><img decoding=\"async\" src=\"\/pildid\/1533\/IMG_1506-2.jpg\" alt=\"ilutulestik\" \/><\/a><\/center><\/p>\n<p>Ah jaa, \u00fchte asja lubasime k\u00fcll koos K-ga &#8211; et ei osta sel aastal poest \u00fchtegi uut r\u00f5ivaeset, kui selleks pole just karjuvat vajadust(talvejope ost tuleb vist ikkagi ette v\u00f5tta, sest neiuke otsustas k\u00e4ibelolevast v\u00e4lja kasvada, aga \u00f5nneks saan mina seda edasi kanda ja kui teksad j\u00e4lle otsad annavad, tuleb needki osta). \u00d5mbleks hoopis kapist kangaid v\u00e4hemaks, sest kangaid on mul ilmselgelt liiga palju :) Kui just pole tegemist kangaga, mis l\u00e4heb kohe millegi kindla tootmiseks, siis juurde ei osta ma t\u00f5esti n\u00fc\u00fcd m\u00f5nda aega midagi. Seda kiiksu tuleb lihtsalt kontrolli all hoida ja olla kangaid valides veelgi kriitilisem, kui ma seda olen. Vajadusp\u00f5hised kangaostud on n\u00e4iteks siis, kui tellitakse konkreetsetes toonides lapitekk ja mul parasjagu sobivaid v\u00e4rve kodus pole. Siis tuleb minna poodi ja osta. Siinjuures on tore \u00e4ra m\u00e4rkida, et m\u00f5ni p\u00e4ev tagasi sain just selle aasta esimese lapiteki tellimuse ja seekord \u00f5nneks mitte \u00fcle\u00f6\u00f6 vajadusega vaid ajalise viitega &#8211; alles juuniks. <\/p>\n<p><center><a href=\"\/pildid\/1533\/IMG_1511-2.jpg\"><img decoding=\"async\" src=\"\/pildid\/1533\/IMG_1511-2.jpg\" alt=\"ilutulestik\" \/><\/a><\/center><\/p>\n<p>Kui aga n\u00fc\u00fcd ikkagi tagasi vaadata&#8230;siis milline oli aasta 2019?<br \/>\n\u00dche s\u00f5naga kokkuv\u00f5tvalt &#8211; hea! Igati hea! Kui kahe s\u00f5naga kokku v\u00f5tta, siis erakordselt kiire.<br \/>\nNo ei oska kohe millegi \u00fcle kurta. Ei mingeid fopaasid ega t\u00f5siseid probleeme.<br \/>\nK l\u00f5petas viienda klassi kiituskirjaga ja ma ei tea, et ta oleks selle nimel \u00fc\u00fcratult pingutanud. See oli tema eesm\u00e4rk ja selle ta ka t\u00e4itis. Pigem hakkab tasapisi muret tegemagi see, et pingutada tal polegi nagu v\u00e4ga vaja. Ise on ta eelmise aastaga v\u00e4ga rahul, ise\u00e4ranis sellega, et m\u00e4ngis klaverit koos muusikakooli s\u00fcmfooniaorkestriga. Seda pole juhtunud seal p\u00e4ris pikki aastaid, et orkestril on pianist v\u00f5tta.<br \/>\nNoorem R tuli peale nelja kuud koos oma kaaslasega Mehhikost allapoole r\u00e4nnakult tagasi r\u00f5\u00f5msa ja roosana, leidis kiiresti endale uue t\u00f6\u00f6koha millega on siiani v\u00e4ga rahul ja kolis oma kaaslasega kokku ning aasta l\u00f5puks kolisid sisse p\u00e4ris oma elamisse.<br \/>\nSuurem R k\u00e4is koos s\u00f5braga Kasahstani 4&#215;4 s\u00f5itu tegemas ja oma perega elavad nad nagu ikka- noore pere elu mille p\u00f5hikeskmes on lapsed. Pisipiigad aina kasvavad ja suurem saab t\u00e4navu augustis 7 ning l\u00e4heb kooli.<\/p>\n<p><center><a href=\"\/pildid\/1533\/IMG_0931-2.jpg\"><img decoding=\"async\" src=\"\/pildid\/1533\/IMG_0931-2.jpg\" alt=\"j\u00f5ul\" \/><\/a><\/center><\/p>\n<p>Aga jah, hullumoodi tegemisi t\u00e4is aasta oli k\u00fcll. Nii t\u00f6\u00f6l, kui eraelus. Ikka nii kiire ja palju tegemist, et 31.detsembril l\u00fckkasin kell 15 t\u00f6\u00f6l ukse kinni ja lubasin kaks n\u00e4dalat mitte ainsamatki t\u00f6\u00f6m\u00f5tet m\u00f5elda ning panin jalad seinale :D S\u00f5itsime hoopis \u00e4ra Egiptusesse p\u00e4ikest otsima, aga see on juba teine lugu.<\/p>\n<p><center><a href=\"\/pildid\/1533\/IMG_1180-2.jpg\"><img decoding=\"async\" src=\"\/pildid\/1533\/IMG_1180-2.jpg\" alt=\"ilutulestik\" \/><\/a><\/center><\/p>\n<p>Mis me siis eelmisel aastal teinud oleme?<br \/>\nKindlasti oli k\u00f5ige meeldej\u00e4\u00e4vam j\u00e4lle suvine reis, kui k\u00e4isime taaskord Korfu saarel. See kohe on meie saar. N\u00fc\u00fcd juba koos s\u00f5pradega, kes kutsuvad aina tagasi. Saarelt lahkudes tuleb v\u00e4gisi pisar silma, sest nii v\u00e4ga tahaks olla seal pikemalt, kui n\u00e4dala korraga. Kahe aasta peale kokku oleme saare suheliselt l\u00e4bi k\u00e4inud, aga ikka veel oleks kohti, kuhu tahaks seal minna. R\u00e4\u00e4kimata inimestest, kellega tahaks kokku saada ja koos aega veeta. M\u00f6\u00f6dunud aasta reisist saab lugeda <a href=\"http:\/\/www.kaldkriips.ee\/?p=8806\">SIIT<\/a> alates.<\/p>\n<p><center><a href=\"\/pildid\/1533\/IMG_5541-3.jpg\"><img decoding=\"async\" src=\"\/pildid\/1533\/IMG_5541-3.jpg\" alt=\"ilutulestik\" \/><\/a><\/center><\/p>\n<p>Rootsis k\u00e4isime. Mina isegi kaks tiiru. K\u00f5igepealt k\u00e4isime Rootsis niisama kruiisitamas. Saime endale \u00fclihea hinnaga aknaga kajuti koos s\u00f6\u00f6kidega, v\u00f5tsime kumbki oma s\u00f5brakese kaasa ja l\u00e4ksime. Tegime p\u00f5hjalikult tutvust ABBA muuseumiga ja k\u00e4isime Stockholmis linnas lihtsalt ringi. Muuseum oli v\u00e4ga \u00e4ge ja soovitame sinna kindlasti minna, kui juhtumisi Rootsi pealinna asja on.<\/p>\n<p><center><a href=\"\/pildid\/1533\/IMG_8453-3.jpg\"><img decoding=\"async\" src=\"\/pildid\/1533\/IMG_8453-3.jpg\" alt=\"abba\" \/><\/a><br \/>\n<\/center><\/p>\n<p><em>&#8220;Mamma Mia &#8221; radadel. See osa muuseumist oli neidudele kohe eriti meemep\u00e4rane. P\u00e4ris huvitav on vaadata, kuidas enda teismeea populaarne muusika on j\u00f5udnud praeguste teismeliste lemmiklugude listi<\/em><\/p>\n<p><center><a href=\"\/pildid\/1533\/IMG_8470.jpg\"><img decoding=\"async\" src=\"\/pildid\/1533\/IMG_8470.jpg\" alt=\"abba\" \/><\/a><br \/>\n<\/center><br \/>\n<center><a href=\"\/pildid\/1533\/IMG_8442-2.jpg\"><img decoding=\"async\" src=\"\/pildid\/1533\/IMG_8442-2.jpg\" alt=\"abba\" \/><\/a><br \/>\n<\/center><\/p>\n<p><center><a href=\"\/pildid\/1533\/IMG_8534-2.jpg\"><img decoding=\"async\" src=\"\/pildid\/1533\/IMG_8534-2.jpg\" alt=\"abba\" \/><\/a><br \/>\n<\/center><br \/>\n<em>Augusti viimastel p\u00e4evadel oli Stockholmis m\u00f5nusalt soe ja p\u00e4ikeseline. <\/em><\/p>\n<p><center><a href=\"\/pildid\/1533\/IMG_8556-2.jpg\"><img decoding=\"async\" src=\"\/pildid\/1533\/IMG_8556-2.jpg\" alt=\"abba\" \/><\/a><br \/>\n<\/center><\/p>\n<p><em>T\u00e4itus K unistus &#8211; sai endale etteruttavalt k\u00e4tte s\u00fcnnip\u00e4evakingituse. Kanken-i koti. Soov oli nii suur, et k\u00fcsis ise Rootsis teed vajalikku poodi ja leidis selle ka omal k\u00e4el \u00fcles.<\/em><\/p>\n<p><center><a href=\"\/pildid\/1533\/IMG_8578.jpg\"><img decoding=\"async\" src=\"\/pildid\/1533\/IMG_8578.jpg\" alt=\"abba\" \/><\/a><br \/>\n<\/center><\/p>\n<p><em>Nii minnes kui tulles r\u00f5\u00f5mustas meid imeilus loojang<\/em><\/p>\n<p>Teist korda k\u00e4isin Rootsis mina \u00fcksi, \u00f5igemini k\u00e4isin koos kolleegidega ja seekord kestis reis kaks p\u00e4eva, ehk et oli \u00f6\u00f6bimisega Stockholmis. T\u00e4psemalt k\u00e4isin reisil Lastekirjanduse Keskuse lastetoimkonna rahvaga. See oli selline puhas t\u00f6\u00f6alane s\u00f5it ja sisaldas tihedat lasteraamatukogude k\u00fclastamist. Reis oli huvitav ja seltskond loomulikult v\u00e4ga tore. Inimesed, kes tegelevad lastega on suuremalt jaolt r\u00f5\u00f5msameelsed, avatud ja aktiivsed. Nii on \u00fchise keele leidmine v\u00e4ga lihtne ning s\u00f5it kujunes v\u00e4lja meeleolukaks ning informatiivseks. K\u00fclastades Stockholmi lasteraamatukogusid oli m\u00f5ndagi k\u00f5rva taha panna.<br \/>\n Eks me teeme enamasti ikka samasugust t\u00f6\u00f6d siin Eestiski, aga m\u00f5nigi asi j\u00e4\u00e4b kahjuks ruumi ja raha taha.<br \/>\n Ja n\u00fc\u00fcd \u00fcks pildiline \u00fclevaade sellest reisist.<br \/>\nEsimesena k\u00e4isime Kista kesuse raamatukogus, mis oli v\u00e4ga huvitav ja ehitatud kaubanduskeskuse teisele korrusele, aga sellest raamatukogust ei tule siia \u00fchtegi pilti, sest&#8230;.ma pole s\u00fcgisel teinud nendest millegip\u00e4rast \u00fchtegi sellise suurusega faili, mis siia panna sobiks. \u00dcmber teha n\u00fc\u00fcd ei olnud tahet ega aega ja pealegi on pilte niikuinii palju. K\u00fcll aga \u00f5nneks olin selle vea avastanud ja edasi on v\u00e4ikese formaadiga pilte panna k\u00fcll.<\/p>\n<p><center><a href=\"\/pildid\/1533\/IMG_9633-2.jpg\"><img decoding=\"async\" src=\"\/pildid\/1533\/IMG_9633-2.jpg\" alt=\"rootsi\" \/><\/a><br \/>\n<\/center><\/p>\n<p><em>See v\u00e4ikelaste raamatukogu kuulub Kulturhuset-i koosseisu ja seal k\u00e4ivad kuni 8 aastased lapsed oma vanematega. Raamatud pole riiulites alfabeetilises j\u00e4rjekorras vaid liigitatud hoopis teemade j\u00e4rgi  &#8211; pere, loomad, tervis, \u00f5udukad, elu ja surm&#8230;<\/em><\/p>\n<p><center><a href=\"\/pildid\/1533\/IMG_9635-2.jpg\"><img decoding=\"async\" src=\"\/pildid\/1533\/IMG_9635-2.jpg\" alt=\"rootsi\" \/><\/a><br \/>\n<\/center><\/p>\n<p><center><a href=\"\/pildid\/1533\/IMG_9645-2.jpg\"><img decoding=\"async\" src=\"\/pildid\/1533\/IMG_9645-2.jpg\" alt=\"rootsi\" \/><\/a><br \/>\n<\/center><\/p>\n<p><em>Kulturhuseti all on Stockholmi makettkaart<\/em><\/p>\n<p><center><a href=\"\/pildid\/1533\/IMG_9647-2.jpg\"><img decoding=\"async\" src=\"\/pildid\/1533\/IMG_9647-2.jpg\" alt=\"rootsi\" \/><\/a><br \/>\n<\/center><\/p>\n<p><em>\u00dcks Kulturhuseti osa on noorteraamatukogu vanusele 15 &#8211; 25aastat. Noored saavad seal k\u00e4ia nii lugemas, laenutamas, kui meisterdamas v\u00f5i siis hoopis midagi tarvilikku laenutamas. N\u00e4iteks nagu rattavarustust, t\u00f6\u00f6riistu jne. See oli \u00fcks minu lemmikkohti, sest sellises kohas saab noort suunata nii lugemise kui k\u00e4elise tegevuse juurde<\/em><\/p>\n<p><center><a href=\"\/pildid\/1533\/IMG_9658-2.jpg\"><img decoding=\"async\" src=\"\/pildid\/1533\/IMG_9658-2.jpg\" alt=\"rootsi\" \/><\/a><\/p>\n<p><\/center><\/p>\n<p><em>N\u00e4iteks saab seal m\u00e4rke teha<\/em><\/p>\n<p><center><a href=\"\/pildid\/1533\/IMG_9661-2.jpg\"><img decoding=\"async\" src=\"\/pildid\/1533\/IMG_9661-2.jpg\" alt=\"rootsi\" \/><\/a><br \/>\n<\/center><\/p>\n<p><em>On kangavalikut \u00f5mblemiseks ja on ka selfistuudio erinevate taustadega. <\/em><\/p>\n<p><center><a href=\"\/pildid\/1533\/IMG_9669-2.jpg\"><img decoding=\"async\" src=\"\/pildid\/1533\/IMG_9669-2.jpg\" alt=\"rootsi\" \/><\/a><br \/>\n<\/center><\/p>\n<p><center><a href=\"\/pildid\/1533\/IMG_9694-3.jpg\"><img decoding=\"async\" src=\"\/pildid\/1533\/IMG_9694-3.jpg\" alt=\"rootsi\" \/><\/a><br \/>\n<\/center><\/p>\n<p><em>Koomiksiraamatukogu<\/em><\/p>\n<p><center><a href=\"\/pildid\/1533\/IMG_9744-2.jpg\"><img decoding=\"async\" src=\"\/pildid\/1533\/IMG_9744-2.jpg\" alt=\"rootsi\" \/><\/a><br \/>\n<\/center><\/p>\n<p><em>Lihtsalt arhitektuur<\/em><\/p>\n<p><center><a href=\"\/pildid\/1533\/IMG_9758-3.jpg\"><img decoding=\"async\" src=\"\/pildid\/1533\/IMG_9758-3.jpg\" alt=\"rootsi\" \/><\/a><br \/>\n<\/center><\/p>\n<p><em>Eemalt paistab auv\u00e4\u00e4rne Stockholmi Linnaraamatukogu<\/em><\/p>\n<p><center><a href=\"\/pildid\/1533\/IMG_9762-2.jpg\"><img decoding=\"async\" src=\"\/pildid\/1533\/IMG_9762-2.jpg\" alt=\"rootsi\" \/><\/a><br \/>\n<\/center><\/p>\n<p><em>Raamatukogu k\u00e4ruparkla<\/em><\/p>\n<p><center><a href=\"\/pildid\/1533\/IMG_9777-2.jpg\"><img decoding=\"async\" src=\"\/pildid\/1533\/IMG_9777-2.jpg\" alt=\"rootsi\" \/><\/a><br \/>\n<\/center><\/p>\n<p><em>V\u00e4ikelaste raamatute osakond<\/em><\/p>\n<p><center><a href=\"\/pildid\/1533\/IMG_9795-2.jpg\"><img decoding=\"async\" src=\"\/pildid\/1533\/IMG_9795-2.jpg\" alt=\"rootsi\" \/><\/a><br \/>\n<\/center><\/p>\n<p><em>Suur laenutussaal<\/em><\/p>\n<p><center><a href=\"\/pildid\/1533\/IMG_9825.jpg\"><img decoding=\"async\" src=\"\/pildid\/1533\/IMG_9825.jpg\" alt=\"rootsi\" \/><\/a><br \/>\n<\/center><\/p>\n<p><center><a href=\"\/pildid\/1533\/IMG_9839-2.jpg\"><img decoding=\"async\" src=\"\/pildid\/1533\/IMG_9839-2.jpg\" alt=\"rootsi\" \/><\/a><br \/>\n<\/center><\/p>\n<p><em>K\u00e4isime \u00e4ra ka Stockholmi Eesti majas. Lahke pererahvas pakkus meile s\u00fc\u00fca. Pildil on Eesti maja Presidentide tuba.<\/em><\/p>\n<p><center><a href=\"\/pildid\/1533\/IMG_9872-2.jpg\"><img decoding=\"async\" src=\"\/pildid\/1533\/IMG_9872-2.jpg\" alt=\"rootsi\" \/><\/a><br \/>\n<\/center><\/p>\n<p><em>Enne \u00f5htut veel \u00fcks linna lasteraamatukogu<\/em><\/p>\n<p><center><a href=\"\/pildid\/1533\/IMG_9905-2.jpg\"><img decoding=\"async\" src=\"\/pildid\/1533\/IMG_9905-2.jpg\" alt=\"rootsi\" \/><\/a><br \/>\n<\/center><\/p>\n<p>Edasi viis meid tee hotelli ja siis k\u00e4isime organiseeritult Astrid Lindgreni viimase elupaiga juures, mis asus \u00fcsna hotelli l\u00e4hedal. Vaatasime aknaid, mille taga suur lastekirjanik kirjutas oma lugusid. Edasi l\u00e4ksid k\u00f5ik sinna kuhu tahtsid ja mina l\u00e4ksin kahe oma kolleegiga jalutama \u00f5htuse Stockholmi t\u00e4navatele.<\/p>\n<p><center><a href=\"\/pildid\/1533\/IMG_9961.jpg\"><img decoding=\"async\" src=\"\/pildid\/1533\/IMG_9961.jpg\" alt=\"rootsi\" \/><\/a><br \/>\n<\/center><\/p>\n<p><center><a href=\"\/pildid\/1533\/IMG_9962.jpg\"><img decoding=\"async\" src=\"\/pildid\/1533\/IMG_9962.jpg\" alt=\"rootsi\" \/><\/a><br \/>\n<\/center><\/p>\n<p><em>K\u00e4isime kohvikus<\/em><\/p>\n<p><center><a href=\"\/pildid\/1533\/IMG_9969-2.jpg\"><img decoding=\"async\" src=\"\/pildid\/1533\/IMG_9969-2.jpg\" alt=\"rootsi\" \/><\/a><br \/>\n<\/center><\/p>\n<p>Hommikul viis meid tee Skanseni poolsaarele Rootsi lastekirjanduse toredasse muuseumisse &#8221; Junibacken&#8221;. See on \u00fcks \u00e4ge ja lustakas koht, kus ma olen k\u00e4inud koos K-ga, kui ta oli v\u00e4ike. N\u00fc\u00fcd k\u00e4isin teist korda ja p\u00e4ris kindlasti on mul plaan minna sinna veel. Esmalt pean aga tutvustama pojalastele Lindgreni loomingut, sest siis oleks neil muuseumis rohkem \u00e4ratundmisr\u00f5\u00f5mu.<\/p>\n<p><center><a href=\"\/pildid\/1533\/IMG_9982-2.jpg\"><img decoding=\"async\" src=\"\/pildid\/1533\/IMG_9982-2.jpg\" alt=\"rootsi\" \/><\/a><br \/>\n<\/center><\/p>\n<p><center><a href=\"\/pildid\/1533\/IMG_0002-2.jpg\"><img decoding=\"async\" src=\"\/pildid\/1533\/IMG_0002-2.jpg\" alt=\"rootsi\" \/><\/a><br \/>\n<\/center><br \/>\n<center><a href=\"\/pildid\/1533\/IMG_0040-2.jpg\"><img decoding=\"async\" src=\"\/pildid\/1533\/IMG_0040-2.jpg\" alt=\"rootsi\" \/><\/a><br \/>\n<\/center><\/p>\n<p><center><a href=\"\/pildid\/1533\/IMG_9986-2.jpg\"><img decoding=\"async\" src=\"\/pildid\/1533\/IMG_9986-2.jpg\" alt=\"rootsi\" \/><\/a><br \/>\n<\/center><\/p>\n<p><center><a href=\"\/pildid\/1533\/IMG_0047-3.jpg\"><img decoding=\"async\" src=\"\/pildid\/1533\/IMG_0047-3.jpg\" alt=\"rootsi\" \/><\/a><br \/>\n<\/center><\/p>\n<p><center><a href=\"\/pildid\/1533\/IMG_0048-3.jpg\"><img decoding=\"async\" src=\"\/pildid\/1533\/IMG_0048-3.jpg\" alt=\"rootsi\" \/><\/a><br \/>\n<\/center><\/p>\n<p>Eelviimasena s\u00f5itsime Luma lasteraamatukogusse, mis on ehitatud kunagisse lambipirnitehasesse. <\/p>\n<p><center><a href=\"\/pildid\/1533\/IMG_0067-3.jpg\"><img decoding=\"async\" src=\"\/pildid\/1533\/IMG_0067-3.jpg\" alt=\"rootsi\" \/><\/a><br \/>\n<\/center><\/p>\n<p><em>Kaunis vaade Luma raamatukogu eest<br \/>\n<\/em><\/p>\n<p>See raamatukogu oli v\u00e4ga \u00e4ge. H\u00e4sti liigendatav, funktsionaalne ja m\u00e4nguline. Sellises t\u00f6\u00f6taks k\u00fcll.<\/p>\n<p><center><a href=\"\/pildid\/1533\/IMG_0087-2.jpg\"><img decoding=\"async\" src=\"\/pildid\/1533\/IMG_0087-2.jpg\" alt=\"rootsi\" \/><\/a><br \/>\n<\/center><\/p>\n<p><center><a href=\"\/pildid\/1533\/IMG_0108-2.jpg\"><img decoding=\"async\" src=\"\/pildid\/1533\/IMG_0108-2.jpg\" alt=\"rootsi\" \/><\/a><br \/>\n<\/center><\/p>\n<p><center><a href=\"\/pildid\/1533\/IMG_0114-2.jpg\"><img decoding=\"async\" src=\"\/pildid\/1533\/IMG_0114-2.jpg\" alt=\"rootsi\" \/><\/a><br \/>\n<\/center><\/p>\n<p>Sai n\u00fc\u00fcd see pildirida p\u00e4ris pikk, aga tegelikkuses on reisist k\u00f5vasti rohkem p\u00f5nevat materjali. T\u00f5epoolest, v\u00e4ga huvitav oli.<\/p>\n<p>Mis siis veel?<\/p>\n<p> Soomes me eelmisel aastal \u00fcllataval kombel ei k\u00e4inudki, aga Eestimaa peal tiirutasime k\u00fcll. Selle kohta on lugeda <a href=\"http:\/\/www.kaldkriips.ee\/?p=9440\">SIIN<\/a> ja <a href=\"http:\/\/www.kaldkriips.ee\/?p=9458\">SIIN<\/a><\/p>\n<p><center><a href=\"\/pildid\/1533\/IMG_7439-2.jpg\"><img decoding=\"async\" src=\"\/pildid\/1533\/IMG_7439-2.jpg\" alt=\"Narva\" \/><\/a><br \/>\n<\/center><\/p>\n<p><em>Meie \u00e4ge P\u00f5hja &#8211; Eesti tripp<\/em><\/p>\n<p>\u00dcks m\u00e4rks\u00f5na eelmisest aastast on kindlasti suur juubelilaulupidu. Minu jaoks oli see \u00fcle aastate laulupidu, kus ma ei pidanud vastutama mudilaskoori eest ja t\u00e4nu sellele sain suuremate laste tugiisiku ameti k\u00f5rvalt pidu kenasti nautida. K-le aga oli see tema laulupidude pikas rivis esimene \u00fcldlaulupidu, kus ta laulis viimase lauluni. Selle laulupeo ta kuulutaski oma elu parimaks.<br \/>\n<center><a href=\"\/pildid\/1533\/IMG_6254-2.jpg\"><img decoding=\"async\" src=\"\/pildid\/1533\/IMG_6254-2.jpg\" alt=\"laulupidu\" \/><\/a><br \/>\n<\/center><\/p>\n<p>Ja loomulikult &#8211; k\u00e4isime j\u00f5udum\u00f6\u00f6da ja nii nagu aega jagus kontsertidel, teatris, \u00fcritustel ja kinos. Oli N\u00d6FF, oli jazzi, &#8220;T\u00f5de ja \u00f5igus&#8221;, Peter Bence, Laulukarussell, Laulustuudio ja Muusikakooli kevadised ja j\u00f5ulukontserdid, motivatsiooni\u00f5htud, TaevaniMaani \u00fcritused, pulmi, juubeleid, perepildistamisi, laululaager, joogalaager, m\u00f5ned p\u00f5nevad kursused ja mida k\u00f5ike veel.<\/p>\n<p>Aasta l\u00f5pus j\u00f5ulude ajal pidasime nagu tavap\u00e4raselt perekeskseid koosistumisi nii suuremas ringis maal vanavanemate juures kui v\u00e4iksema ringiga meil kodus. See kodune istumine on mulle eriti armas, kui lapsed peredega tulevad meile ja siis me koos seal toimetame, kokkame ja s\u00f6\u00f6me ja jutustame ja jagame kinke&#8230;.. Kuigi jah, detsembris saab teha seda tegelikult lausa kaks korda, sest mul on kunagi p\u00e4he tulnud s\u00fcndida siia ilma just detsembris. K\u00fcll aga on aasta aastalt minetanud vaikselt oma t\u00e4htsust aastavahetus. Selle veedame vaikselt m\u00f5tiskledes ja isegi selle \u00fcle arutlesime pool p\u00e4eva, kas minna keskv\u00e4ljakule ilutulestikku vaatama v\u00f5i mitte. Kodus on ju nii hea.<\/p>\n<p><center><a href=\"\/pildid\/1533\/IMG_1255-3.jpg\"><img decoding=\"async\" src=\"\/pildid\/1533\/IMG_1255-3.jpg\" alt=\"pere\" \/><\/a><br \/>\n<\/center><\/p>\n<p>Kodu uuenduskuur pole v\u00e4ga aktiivselt edenenud, aga t\u00e4nu minu lastele sain s\u00fcnnip\u00e4evaks kolm uut segistit koos paigaldusega. Eelmise aasta plaanides oli v\u00e4hemalt \u00fche segisti v\u00e4ljavahetamine, aga juhtus nii, et n\u00fc\u00fcd on k\u00f5ik kolm tilkuvat kraani vahetatud uute ja korralike vastu. See oli ikka v\u00e4ga suur \u00fcllatus ja r\u00f5\u00f5m.<\/p>\n<p><center><a href=\"\/pildid\/1533\/IMG_0939.jpg\"><img decoding=\"async\" src=\"\/pildid\/1533\/IMG_0939.jpg\" alt=\"rootsi\" \/><\/a><br \/>\n<\/center><\/p>\n<p><em>Paljude s\u00fcnnip\u00e4evalillede seas oli \u00fcks inkaliiliate kimp. Tegin sellest pildi ja kui pildi arvutisse t\u00f5mbasin, avastasin et on teine s\u00fcdamekujuline. <\/em><\/p>\n<p>K toale ostsime eelmisel aastal \u00e4ra tapeedi, plaaniga see 2020 seina panna. Loodan v\u00e4ga l\u00e4hiajal selle t\u00f6\u00f6 k\u00e4sile v\u00f5tta. K tuleb vahepeal kolida koos oma kraamiga elutuppa elama, siis kraabime vana tapeedi maha, v\u00e4rvime seinad ja lae \u00fcle ning tuba ongi tapeetimiseks valmis. Eks ole ka aeg. Vana tapeet on 20 aastat seinas olnud ja kuigi ta ei n\u00e4e isegi mitte kole v\u00e4lja, v\u00f5iks ikkagi seal seinas olla midagi hoopis muud, sest kunagisest poistetoast on saanud vahepeal sujuvalt noore t\u00fctarlapse tuba.<\/p>\n<p>Iga aasta l\u00f5pus v\u00f5i siis uue aasta esimesel p\u00e4eval on meil olnud traditsiooniline jalutusk\u00e4ik ja v\u00e4ike fotosessioon K osav\u00f5tul.<\/p>\n<p>Aasta viimane pildistamine toimus ilmaolude t\u00f5ttu seekord hoopis toas, sest t\u00f5epoolest, nagu s\u00f5ber Jassu \u00fctles &#8211; meil on pidevalt ilmaolud ISO1600 :D ning kui p\u00e4eval on v\u00e4hegi valgust, olen ma enamasti t\u00f6\u00f6l ja fotokas kaelas ringi roomata ei ole aega. Pildid said aga t\u00e4navu sellised&#8230;p\u00e4kapikuh\u00f5ngulised.<\/p>\n<p><center><a href=\"\/pildid\/1533\/IMG_1436-3.jpg\"><img decoding=\"async\" src=\"\/pildid\/1533\/IMG_1436-3.jpg\" alt=\"K\" \/><\/a><br \/>\n<\/center><\/p>\n<p><center><a href=\"\/pildid\/1533\/IMG_1443-3.jpg\"><img decoding=\"async\" src=\"\/pildid\/1533\/IMG_1443-3.jpg\" alt=\"K\" \/><\/a><br \/>\n<\/center><\/p>\n<p><center><a href=\"\/pildid\/1533\/IMG_1462-3.jpg\"><img decoding=\"async\" src=\"\/pildid\/1533\/IMG_1462-3.jpg\" alt=\"K\" \/><\/a><br \/>\n<\/center><\/p>\n<p>  1. jaanuari jalutusk\u00e4igu tegime vist ikka samuti \u00e4ra, v\u00e4hemasti \u00f6\u00f6sel, kui ilutulestikku vaatamast tulime. Aga p\u00e4eval&#8230;.t\u00f5epoolest, t\u00fchi koht minu ajukurdude vahel. \u00c4kki hoopis logelesime selle p\u00e4eva maha :D, sest mul algas puhkus ja esimese p\u00e4eva v\u00f5iks ju t\u00f5esti mittemillegi tegemisele p\u00fchendada :) Ahaaaa, tegelikult tuli meelde. Pool p\u00e4eva logelesin ja teise poole p\u00e4evast \u00f5mblesin K-le uut tuunikat. Seda oli tal h\u00e4dasti reisile minnes tarvis saada ja no tegelikult kuluski v\u00e4ga \u00e4ra.<\/p>\n<p><center><a href=\"\/pildid\/1533\/IMG_0928-2.jpg\"><img decoding=\"async\" src=\"\/pildid\/1533\/IMG_0928-2.jpg\" alt=\"K\" \/><\/a><br \/>\n<\/center><\/p>\n<p>Eile tegi mulle \u00fcks blogilugeja m\u00e4rkuse, et ma v\u00f5iksin viitsida tihedamini kirjutada. Pean kurbusega nentima, et tegelikult pole viitsimises \u00fcldse k\u00fcsimus. K\u00fcsimus on ajas ja vahest ka selles, et midagi omameelest arukat pole \u00f6elda. Siis j\u00e4tan parem \u00fctlemata.<\/p>\n<p>Aga&#8230;.uus aasta on t\u00e4iega k\u00e4ima l\u00e4inud ja kuskilt otsast ei paista, et elutempo l\u00e4heks aeglasemaks. V\u00f5tame siis meile antud aega r\u00f5\u00f5muga ja anname endast parima. Oleme t\u00e4nulikud oma kaasteelistele &#8211; ka nendele, kelle t\u00f5ttu saame \u00f5ppetunde. Olgu selles aastas k\u00f5vasti head tervist, armastust, headust, loomisr\u00f5\u00f5mu, reisimist, avastamisi, teadmishimu, \u00f5nne, h\u00e4id raamatuid, palju nalja, uusi v\u00e4ljakutseid ja mida k\u00f5ike veel. <\/p>\n<p>Palju head teile k\u00f5igile!<\/p>\n<p>(Ja kuigi mulle on j\u00e4rjepidevalt soovitatud, siis ei, raamatut ma ikka veel kirjutama ei hakka, sest mul pole tulnud geniaalset ideed :P)<\/p>\n","protected":false},"excerpt":{"rendered":"<p>Selline ilus number, eksole. K\u00fcmnendi vahetus. Lugesin eile eelmise aasta kokkuv\u00f5tet ja j\u00e4in m\u00f5ttesse, et aasta aastalt l\u00e4heb keerulisemaks midagi kokkuv\u00f5tvalt kirjutada, sest v\u00e4gisi kipud ennast kordama ja l\u00f5puks pole enam midagi tarka \u00f6elda. No ja eks ma tegelikult v\u00f5tan &hellip; <a href=\"https:\/\/www.kaldkriips.ee\/?p=9673\">J\u00e4tka lugemist <span class=\"meta-nav\">&rarr;<\/span><\/a><\/p>\n","protected":false},"author":1,"featured_media":0,"comment_status":"open","ping_status":"open","sticky":false,"template":"","format":"standard","meta":{"footnotes":""},"categories":[5],"tags":[],"class_list":["post-9673","post","type-post","status-publish","format-standard","hentry","category-mina-ise-ja-muud-loomad"],"_links":{"self":[{"href":"https:\/\/www.kaldkriips.ee\/index.php?rest_route=\/wp\/v2\/posts\/9673"}],"collection":[{"href":"https:\/\/www.kaldkriips.ee\/index.php?rest_route=\/wp\/v2\/posts"}],"about":[{"href":"https:\/\/www.kaldkriips.ee\/index.php?rest_route=\/wp\/v2\/types\/post"}],"author":[{"embeddable":true,"href":"https:\/\/www.kaldkriips.ee\/index.php?rest_route=\/wp\/v2\/users\/1"}],"replies":[{"embeddable":true,"href":"https:\/\/www.kaldkriips.ee\/index.php?rest_route=%2Fwp%2Fv2%2Fcomments&post=9673"}],"version-history":[{"count":83,"href":"https:\/\/www.kaldkriips.ee\/index.php?rest_route=\/wp\/v2\/posts\/9673\/revisions"}],"predecessor-version":[{"id":9766,"href":"https:\/\/www.kaldkriips.ee\/index.php?rest_route=\/wp\/v2\/posts\/9673\/revisions\/9766"}],"wp:attachment":[{"href":"https:\/\/www.kaldkriips.ee\/index.php?rest_route=%2Fwp%2Fv2%2Fmedia&parent=9673"}],"wp:term":[{"taxonomy":"category","embeddable":true,"href":"https:\/\/www.kaldkriips.ee\/index.php?rest_route=%2Fwp%2Fv2%2Fcategories&post=9673"},{"taxonomy":"post_tag","embeddable":true,"href":"https:\/\/www.kaldkriips.ee\/index.php?rest_route=%2Fwp%2Fv2%2Ftags&post=9673"}],"curies":[{"name":"wp","href":"https:\/\/api.w.org\/{rel}","templated":true}]}}