{"id":9488,"date":"2019-10-29T20:27:05","date_gmt":"2019-10-29T18:27:05","guid":{"rendered":"http:\/\/www.kaldkriips.ee\/?p=9488"},"modified":"2019-10-29T20:33:55","modified_gmt":"2019-10-29T18:33:55","slug":"sugis-3","status":"publish","type":"post","link":"https:\/\/www.kaldkriips.ee\/?p=9488","title":{"rendered":"S\u00fcgis"},"content":{"rendered":"<p>Peale suve olin ma veidral moel arvamisel, et tuleb september ja elu l\u00e4heb rahulikumaks. Ilmad muutuvad jahedamaks, sebimist ja liikumist v\u00e4hem ja tuleb t\u00fc\u00fcne rahu.<br \/>\nEksisin. Oi kuidas eksisin!<br \/>\nSeptember tuli kaela nagu tohutu laviin. Puhkuselt t\u00f6\u00f6le tulles tuli v\u00e4lja, et sada asja tarvis korraga teha, organiseerida, korraldada, kokku leppida jne. Lisaks veel igasugused muud t\u00f6\u00f6d ja tegemised isiklikus plaanis ning K asjad ja \u00fcks hetk oligi tunne t\u00e4pselt selline, et appii&#8230;juhe tahab kokku joosta.<br \/>\nS\u00f5itsin rattaga t\u00f6\u00f6lt koju, pea m\u00f5tteid t\u00e4is. M\u00f5tted tulid ja l\u00e4ksid. \u00dcks hetk m\u00f5tlesin, teine hetk oli m\u00f5te juba uitama l\u00e4inud, j\u00e4rgmine m\u00f5te p\u00e4he tulnud, kolmaski otsa ja j\u00e4lle r\u00f6\u00f6pr\u00e4heldes \u00e4ra ununenud. V\u00f5tsin appi paberi ja niikui tuli miski olulist meelde, panin kirja. Peale seda l\u00e4ks pinge pisut v\u00e4iksemaks ja hirm, et ma jumala eest midagi olulist \u00e4ra ei unustaks &#8211; taandus.<br \/>\nSellegipoolest oli aeg v\u00e4ga pingeline ja aitas sellest v\u00e4lja tulla \u00fcks m\u00f5nus laup\u00e4ev koos lastega. V\u00f5tsin K ja noorema R-i ning veetsime 3 tundi Mustam\u00e4e ElamusSpa-s. K\u00e4isime seal esimest korda ja vaatamata kr\u00f5bedale hinnale olime l\u00f5pptulemusena v\u00e4ga rahul. K p\u00f5hiliselt sulistas ja mulistas kuskil ja meie R-iga v\u00e4isasime saunu. Peale veem\u00f5nusid l\u00e4ks k\u00f5ht t\u00fchjaks ja s\u00f5itsime T1-e s\u00f6\u00f6ma. Seal on neljandal korrusel paras hulk s\u00f6\u00f6gikohti ja meile meeldib seal \u00fcks selline, kus saab sushit ja muud Aasia toitu.<br \/>\nSeptember sai l\u00f5puks l\u00e4bi, tuli oktoober&#8230;ja m\u00f6ll j\u00e4tkus. N\u00fc\u00fcdseks olen kaotanud lootuse, et enne uut aastat rahulikumaks l\u00e4heks. Kalender t\u00e4itub \u00fclihelikiirusel nii minu kui K tegemistega, t\u00f6\u00f6l on kogu aeg keegi puhkusel ja kaadri nappus annab alati tunda nendel, kes t\u00f6\u00f6l. Tagatipuks on tulemas K ja minu enda s\u00fcnnip\u00e4evad ning kaugel need j\u00f5uludki enam on. Kogu selle tohuvahobu positiivne k\u00fclg on ainult see, et s\u00fcgis m\u00f6\u00f6dub m\u00e4rkamatult ja ei j\u00f5uagi s\u00fcgiskaamosele keskenduda. <\/p>\n<p><center><a href=\"\/pildid\/1528\/IMG_0222-2.jpg\"><img decoding=\"async\" src=\"\/pildid\/1528\/IMG_0222-2.jpg\" alt=\"s\u00fcgis\" \/><\/a><br \/>\n<\/center><\/p>\n<p>Aga&#8230;.mis ma siin siis halan, sest tegelikult on k\u00f5ik h\u00e4sti ja elu on tore. Isegi loodus on praegu veel kohati selline, et r\u00f5\u00f5mustab silma. Kuldkollane, punane ja roheline segamini. T\u00f5eline v\u00e4rvide pillerkaar. Kui veel p\u00e4ike paistab, siis tundub nagu oleksid sattunud silmipimestavasse kuldkollasesse p\u00e4ikeseriiki. T\u00e4naseks t\u00f5si k\u00fcll&#8230;alloleva pildi kased on ennast paljaks visanud.<\/p>\n<p><center><a href=\"\/pildid\/1528\/IMG_0379-2.jpg\"><img decoding=\"async\" src=\"\/pildid\/1528\/IMG_0379-2.jpg\" alt=\"s\u00fcgis\" \/><\/a><br \/>\n<\/center><\/p>\n<p>Kuidas meil aga s\u00fcgis on l\u00e4inud?<\/p>\n<p>K k\u00e4ib otsapidi kuuendat aastat koolis ja muusikakoolis. Kool-muusikakool-laulustuudio said sel hooajal \u00fcllatavalt kiirelt paika loksutatud. V\u00e4hemaks ei l\u00e4he veel midagi, tuleb aina juurde. Muusikakoolis on lisandunud s\u00fcmfonjettorkestri proovid, kus K m\u00e4ngib sellest aastast kaasa klaveril. Laulustuudios on tulnud lisaks koorile ja soolole juurde ansambliga laulmisi. Ja et k\u00f5ike liiga v\u00e4he ei oleks, leidis tips endale veel 3x n\u00e4dalas toimuva kergej\u00f5ustiku trenni. Kolmel p\u00e4eval n\u00e4dalas j\u00f5uab ta koju \u00f5htul seitsmeks, kahel p\u00e4eval \u00f5nneks poole kuueks.<br \/>\nAga koolis l\u00e4heb \u00f5nneks j\u00e4tkuvalt h\u00e4sti ja teistes kohtades ka. Seega kui jaksab, las aga k\u00e4ib igal pool kus tahab. Mina omalt poolt j\u00e4lgin vaid, et ta p\u00fcsiks hea tervise juures ja meel oleks r\u00f5\u00f5mus. Piisav hulk aluselise vee tarbimist p\u00e4evas on abiks ja lisaks sipelgapuukoor ning C-vitamiin. <\/p>\n<p><center><a href=\"\/pildid\/1528\/IMG_0364-2.jpg\"><img decoding=\"async\" src=\"\/pildid\/1528\/IMG_0364-2.jpg\" alt=\"s\u00fcgis\" \/><\/a><br \/>\n<\/center><\/p>\n<p>Suve l\u00f5pus oli probleem klassijuhatajaga&#8230;.teda lihtsalt polnud, aga \u00f5ppeaasta alguseks said lapsed \u00f5nneks endale uueks klassijuhatajaks \u00f5petaja, keda nad soovisid &#8211; kunsti\u00f5petuse \u00f5petaja. Esimesel klassikoosolekul saime lapsevanematega pisut aimu, kellega meil tegemist ja tundub, et k\u00f5ik on h\u00e4sti. Juba v\u00f5etakse ette igasuguseid toredaid koostegemisi. N\u00e4iteks detesembris minnakse vaatama Estonia teatrisse &#8220;P\u00e4hklipureja&#8221; balletti. Olime paar aastat tagasi K-ga seda vaatama minemas, aga siis tuli tal midagi vahele ja mina k\u00e4isin tookord teatris balletti nautimas hoopis noorema R-iga. N\u00fc\u00fcd saab temagi selle elamuse k\u00e4tte, sest ballett oli imeilus. Mingisse kohta l\u00e4hevad nad detsembris veel, vist oli Kurgja. <\/p>\n<p><center><a href=\"\/pildid\/1528\/IMG_0371-2.jpg\"><img decoding=\"async\" src=\"\/pildid\/1528\/IMG_0371-2.jpg\" alt=\"s\u00fcgis\" \/><\/a><br \/>\n<\/center><\/p>\n<p>Eelmisel aastal, just K s\u00fcnnip\u00e4eva p\u00e4eval, k\u00e4isime Alexelas kuulamas maailmakuulsat pianisti Peter Bence-t. Sel aastal oli Peter uuesti oktoobris Eestis, aga kuna piletid sinna on kallid, j\u00e4tsime need soetamata. M\u00f5tlesin, et l\u00e4heks sel aastal midagi muud kuulama-vaatama. K muidugi pisut kurvastas, aga j\u00e4i minuga siiski n\u00f5usse. Aga&#8230;.kui midagi v\u00e4ga tahta, siis ikka saab. Paar p\u00e4eva enne kontserti helistas mulle s\u00f5branna, kes arvas, et me niikuinii l\u00e4heme kontserdile, aga et kas ma tean, kes v\u00f5iks veel \u00fchte piletit tahta&#8230;temal juhtus nii, et t\u00fctar ei saanud tulla ja pilet j\u00e4i \u00fcle. Nii panimegi \u00fcks pluss \u00fcks kokku ja K l\u00e4ks koos minu s\u00f5brannaga kontserdile. Laps \u00f5nnelik ja mina ei pidanud kahte piletit ostma. Tuli kontserdilt \u00fcliv\u00f5rdes emotsioonidega ja teatas, et kui pianist tuleb kolmandat korda Eestisse esinema, tahaks tema j\u00e4lle kontserdile minna. Eks see ole hea kontsert ka, Peter Bence ise kahtlemata v\u00e4ga andekas pianist ja inimesena  tagasihoidlik ning armas.<br \/>\nKoos on meil l\u00e4hitulevikus sellistest \u00e4gedamatest kontserditest ees jaanuaris Venemaa Riiklik Akadeemiline Vivaldi orkester. T\u00f5otab tulla v\u00e4ga hea kontsert ja on mida oodata. Sinnani on loomulikult aega ja vahepeal oleme k\u00e4inud ja k\u00e4ime veel teisigi esinejaid nautimas.<br \/>\nN\u00e4iteks alles sattusime puhtjuhuslikult toredale kontserdile KUMU-sse- Lihtsalt juhuslikult pakuti kahte piletit t\u00e4itsa tasuta ja nii me l\u00e4ksimegi. Otsakooli \u00f5pilaste konkurss &#8211; kontsert. V\u00e4ga eripalgelised ja huvitavad etteasted. Klassikat, kergemat muusikat, d\u017e\u00e4ssi&#8230;Nauditav kontsert ja K avastas koosseisudes isegi kaks oma muusikakooli \u00f5petajat. <\/p>\n<p><center><a href=\"\/pildid\/1528\/IMG_0376.jpg\"><img decoding=\"async\" src=\"\/pildid\/1528\/IMG_0376.jpg\" alt=\"s\u00fcgis\" \/><\/a><br \/>\n<\/center><\/p>\n<p>Minu uus hooaeg j\u00e4tkub nii jooga trennides kui ka latinotantsu trennides. P\u00fc\u00fcan need kaks oma kiire elutempo vahele \u00e4ra mahutada, sest muidu hakkan \u00e4kki veel kusagilt k\u00e4risema. Endale peab aega leidma, f\u00fc\u00fcsiliselt ennast liigutama ja peale vaimselt v\u00e4sitavat p\u00e4eva ei ole midagi m\u00f5nusamat, kui minna ja ennast korralikult t\u00fchjaks pingutada. Meie jooga trenn ei ole selline vaikne ommmmmm- istumine. Ikka korralikult intensiivne ja pingutust n\u00f5utav trenn. Kui p\u00e4rast veel ennast korralikult \u00e4ra venitada&#8230;siis tunne on v\u00e4ga m\u00f5nus. Latinos sama&#8230;1,5 tundi korralikku rabelemist. Samba, salsa, bachata, d\u017eaiv ja muud ladina r\u00fctmid. Igatahes on see trenn nii kehale kui hingele. Peale trenni saunas saab ihu puhtaks ja samas genereerime laval istudes ideid, mida koos teha v\u00f5i kuhu minna. Alles siin n\u00e4iteks k\u00e4isimegi koos Tallinnas restoranide n\u00e4dala raames kolmek\u00e4igulist l\u00f5unat s\u00f6\u00f6mas. V\u00e4ga lahe koht &#8211; Rae Meierei &#8211; ja h\u00e4sti maitsev toit. Mis ei olnud aga sugugi tore, siis see, et peale s\u00f6\u00f6mist l\u00e4ksime ikkagi oma trenni tegema. J\u00e4rgmine kord paigutame kindlasti trenni ja s\u00f6\u00f6mise erinevatele p\u00e4evadele. Muidu ei jaga t\u00e4is k\u00f5huga ei pea ega jalad.<\/p>\n<p><center><a href=\"\/pildid\/1528\/IMG_0423-2.jpg\"><img decoding=\"async\" src=\"\/pildid\/1528\/IMG_0423-2.jpg\" alt=\"s\u00fcgis\" \/><\/a><br \/>\n<\/center><\/p>\n<p>Kui ma tavaliselt pimeda saabudes hakkan muutuma uniseks porik\u00e4rbseks ning hommikuti v\u00f5imelda ei viitsi, siis sel s\u00fcgisel imekombel olen veel t\u00e4iesti energiat t\u00e4is. Leidsin endale m\u00f5nusa hommikujooga videotreeningu ja nii me siis koos meeldiva treeneriga veedame hommikuti koos 20 minutit. Selleks pean ma muidugi tegelema meeletult enesedistsipliiniga, aga see pole ju ometi paha. 6.30 \u00e4ratus, teen lapsele s\u00fc\u00fca, saadan kooli ja siis&#8230;.panen smuuti koostisosad blenderisse, v\u00f5imlen, joon smuuti \u00e4ra, pessu, riidesse ja t\u00f6\u00f6le. T\u00fckk aega kasutasin peale lapse kooli saatmist olevat vaba aega raamatu lugemiseks, aga s\u00fcgisel hakkasin tundma, et enda venitamine, soe lagritsa-ingveri tee ja du\u0161\u0161 on vajalikumad. Lugemise aeg j\u00e4\u00e4b n\u00fc\u00fcd \u00f5htusse. Ehk siis tunnike enne uinumist. Kui isegi(ja seda juhtub sageli) teen \u00f5htul t\u00f6\u00f6d, siis pool tundi kuni tunnike lugemiseks peab ikkagi j\u00e4\u00e4ma. <\/p>\n<p><center><a href=\"\/pildid\/1528\/IMG_8655-2.jpg\"><img decoding=\"async\" src=\"\/pildid\/1528\/IMG_8655-2.jpg\" alt=\"s\u00fcgis\" \/><\/a><br \/>\n<\/center><\/p>\n<p>S\u00fcgisesse on j\u00e4\u00e4nud ka kaks reisi Stockholmise, aga nendest kunagi ilmselt eraldi. <\/p>\n<p>Nii see s\u00fcgis meil kulgebki. R\u00f5\u00f5msalt. Ahjaa, reede \u00f5htul k\u00e4isin k\u00fclas trennikaaslasel, kes otsustas kutsuda kokku s\u00f5pruskonnast v\u00e4ikestviisi raamatuklubi. V\u00f5tsin oma \u00f6\u00f6kapiraamatud kaasa ja k\u00e4isin vaatasin, mis v\u00e4rk on. Igati lahe \u00f5htu kujunes v\u00e4lja. Palju erinevatel teemadel arutlemist, hea s\u00f6\u00f6k ja palju naeru.<br \/>\nMeie v\u00e4ikeses linnakeses ja ka pealinnas on pidevalt nii palju p\u00f5nevat toimumas, et kogu aeg leiad midagi, mis huvi pakub. Nii ongi, et kohti kus k\u00e4ia on k\u00f5vasti rohkem, kui aega(vahest ka raha). L\u00f5puks r\u00f5\u00f5mustab hoopis selline teadmine, et jessss, mittemidagi sellist kusagil polegi, kuhu ma tahaksin minna! Saab kodus olla :)<\/p>\n","protected":false},"excerpt":{"rendered":"<p>Peale suve olin ma veidral moel arvamisel, et tuleb september ja elu l\u00e4heb rahulikumaks. Ilmad muutuvad jahedamaks, sebimist ja liikumist v\u00e4hem ja tuleb t\u00fc\u00fcne rahu. Eksisin. Oi kuidas eksisin! September tuli kaela nagu tohutu laviin. Puhkuselt t\u00f6\u00f6le tulles tuli v\u00e4lja, &hellip; <a href=\"https:\/\/www.kaldkriips.ee\/?p=9488\">J\u00e4tka lugemist <span class=\"meta-nav\">&rarr;<\/span><\/a><\/p>\n","protected":false},"author":1,"featured_media":0,"comment_status":"open","ping_status":"open","sticky":false,"template":"","format":"standard","meta":{"footnotes":""},"categories":[5],"tags":[],"class_list":["post-9488","post","type-post","status-publish","format-standard","hentry","category-mina-ise-ja-muud-loomad"],"_links":{"self":[{"href":"https:\/\/www.kaldkriips.ee\/index.php?rest_route=\/wp\/v2\/posts\/9488"}],"collection":[{"href":"https:\/\/www.kaldkriips.ee\/index.php?rest_route=\/wp\/v2\/posts"}],"about":[{"href":"https:\/\/www.kaldkriips.ee\/index.php?rest_route=\/wp\/v2\/types\/post"}],"author":[{"embeddable":true,"href":"https:\/\/www.kaldkriips.ee\/index.php?rest_route=\/wp\/v2\/users\/1"}],"replies":[{"embeddable":true,"href":"https:\/\/www.kaldkriips.ee\/index.php?rest_route=%2Fwp%2Fv2%2Fcomments&post=9488"}],"version-history":[{"count":39,"href":"https:\/\/www.kaldkriips.ee\/index.php?rest_route=\/wp\/v2\/posts\/9488\/revisions"}],"predecessor-version":[{"id":9527,"href":"https:\/\/www.kaldkriips.ee\/index.php?rest_route=\/wp\/v2\/posts\/9488\/revisions\/9527"}],"wp:attachment":[{"href":"https:\/\/www.kaldkriips.ee\/index.php?rest_route=%2Fwp%2Fv2%2Fmedia&parent=9488"}],"wp:term":[{"taxonomy":"category","embeddable":true,"href":"https:\/\/www.kaldkriips.ee\/index.php?rest_route=%2Fwp%2Fv2%2Fcategories&post=9488"},{"taxonomy":"post_tag","embeddable":true,"href":"https:\/\/www.kaldkriips.ee\/index.php?rest_route=%2Fwp%2Fv2%2Ftags&post=9488"}],"curies":[{"name":"wp","href":"https:\/\/api.w.org\/{rel}","templated":true}]}}