{"id":9440,"date":"2019-10-10T15:20:40","date_gmt":"2019-10-10T13:20:40","guid":{"rendered":"http:\/\/www.kaldkriips.ee\/?p=9440"},"modified":"2019-10-10T15:20:40","modified_gmt":"2019-10-10T13:20:40","slug":"tunne-oma-kodumaad-ehk-kuidas-me-kaisime-narvas-ja-mujal-eesti-pohjarannikul","status":"publish","type":"post","link":"https:\/\/www.kaldkriips.ee\/?p=9440","title":{"rendered":"Tunne oma kodumaad, ehk kuidas me k\u00e4isime Narvas ja mujal Eesti p\u00f5hjarannikul"},"content":{"rendered":"<p>Ei rohkem ega v\u00e4hem kui kaks kuud on m\u00f6\u00f6das sellest toredast reisist. L\u00f5puks sain esimese osa valmis kirjutatud.<\/p>\n<p>Nii nagu m\u00f5nel eelnevalgi aastal, v\u00f5tsime selle suve l\u00f5pus ette p\u00e4evase reisi koos K-ga ja minu s\u00f5brannaga, et avastada Eestimaad. \u00dcle-eelmisel aastal me tegelikult k\u00e4isime sama seltskonnaga l\u00e4bimas sarnast teekonda suunaga \u00fclevalt alla ja m\u00f5te oli j\u00f5uda m\u00f6\u00f6da p\u00f5hjarannikut Narva. Juhtus aga nii, et aega l\u00e4ks rohkem, vaadata oli k\u00f5vasti ja h\u00e4mara saabudes olime j\u00f5udnud m\u00f6\u00f6da rannikut vingerdades k\u00f5igest nii kaugele, et \u00fcle Palmse m\u00f5isa auto nina tagasi kodu poole p\u00f6\u00f6rata. Eelmine p\u00f5hjaranniku tuur on mul kajastatud <a href=\"http:\/\/www.kaldkriips.ee\/?p=6825\">SIIN<\/a> ja <a href=\"http:\/\/www.kaldkriips.ee\/?p=6862\">SIIN<\/a>.<br \/>\nSel aastal otsustasimegi, et v\u00e4ljume kodunt varakult ja s\u00f5idame \u00fche jutiga Rakvereni v\u00e4lja. \u00c4rgates kell 6 s\u00fc\u00fca v\u00e4ga ei taha ja Rakvere tundus meile m\u00f5istliku kohana, et teha \u00fcks peatus ja nautida hommikus\u00f6\u00f6ki. <\/p>\n<p>Rakvere poole s\u00f5ites tegime m\u00f5ned peatused, et imetleda Eestimaa kaunist loodust. Ilmataat oli meile selleks p\u00e4evaks kinkinud suurep\u00e4rase ilma. P\u00e4ikeselise ja sooja.<br \/>\nK\u00f5igepealt peatusime \u00fchel p\u00f5lluserval, kus oli ridamisi \u00e4mblikute v\u00f5rgukunsti.<\/p>\n<p><center><a href=\"\/pildid\/1527\/IMG_7294.jpg\"><img decoding=\"async\" src=\"\/pildid\/1527\/IMG_7294.jpg\" alt=\"idaeesti\" \/><\/a><br \/>\n<\/center><\/p>\n<p>Midagi ei saa \u00f6elda, \u00e4gedalt punuvad. V\u00f5rgud saavad mustrilised ja hommikuses kastes s\u00e4ravad piisad nagu p\u00e4rliread. <\/p>\n<p><center><a href=\"\/pildid\/1527\/IMG_7298-2.jpg\"><img decoding=\"async\" src=\"\/pildid\/1527\/IMG_7298-2.jpg\" alt=\"idaeesti\" \/><\/a><br \/>\n<\/center><\/p>\n<p><center><a href=\"\/pildid\/1527\/IMG_7302-2.jpg\"><img decoding=\"async\" src=\"\/pildid\/1527\/IMG_7302-2.jpg\" alt=\"idaeesti\" \/><\/a><br \/>\n<\/center><\/p>\n<p>Korra tegime \u00fche peatuse veel, sest sellest kohast kohe kuidagi ei saanud m\u00f6\u00f6da s\u00f5ita. Imekaunist moonip\u00f5ldu ei kohta just iga p\u00e4ev.<\/p>\n<p><center><a href=\"\/pildid\/1527\/IMG_7308.jpg\"><img decoding=\"async\" src=\"\/pildid\/1527\/IMG_7308.jpg\" alt=\"idaeesti\" \/><\/a><br \/>\n<\/center><\/p>\n<p><center><a href=\"\/pildid\/1527\/IMG_7316.jpg\"><img decoding=\"async\" src=\"\/pildid\/1527\/IMG_7316.jpg\" alt=\"idaeesti\" \/><\/a><br \/>\n<\/center><br \/>\nIsegi m\u00f5ned rukkililled olid moonide seas&#8230;<\/p>\n<p><center><a href=\"\/pildid\/1527\/IMG_7311-2.jpg\"><img decoding=\"async\" src=\"\/pildid\/1527\/IMG_7311-2.jpg\" alt=\"idaeesti\" \/><\/a><br \/>\n<\/center><\/p>\n<p><center><a href=\"\/pildid\/1527\/IMG_7315-2.jpg\"><img decoding=\"async\" src=\"\/pildid\/1527\/IMG_7315-2.jpg\" alt=\"idaeesti\" \/><\/a><br \/>\n<\/center><\/p>\n<p>Vahelduseks p\u00fc\u00fcdsin Inge pildile.<\/p>\n<p><center><a href=\"\/pildid\/1527\/IMG_7303-3.jpg\"><img decoding=\"async\" src=\"\/pildid\/1527\/IMG_7303-3.jpg\" alt=\"idaeesti\" \/><\/a><br \/>\n<\/center><\/p>\n<p>Jah, ilus ja uhke lill on see moon, v\u00e4ljakutsuvalt punane&#8230;aga samas habras ja koju teda viia ei ole m\u00f5tet. Meist j\u00e4id nad k\u00f5ik p\u00f5llule ja piltigi tegime muru pealt p\u00f5llu \u00e4\u00e4rest. <\/p>\n<p><center><a href=\"\/pildid\/1527\/IMG_7317-3.jpg\"><img decoding=\"async\" src=\"\/pildid\/1527\/IMG_7317-3.jpg\" alt=\"idaeesti\" \/><\/a><br \/>\n<\/center><\/p>\n<p>Enne Rakveret tiirutasime korra Tapa linnas, kus meil \u00f5nnestus veidi \u00e4ra eksida ja siis olimegi Rakveres kohal. Otse s\u00fcdalinnas. Ei pidanud vajalikuks muud s\u00f6\u00f6gikohta otsidagi, kui n\u00e4gime enda ees Pihlaka kondiitri\u00e4ri kohvikut. Tellisime endile toekad talumehe omletid ja m\u00f5ne v\u00e4ikese koogi.<\/p>\n<p><center><a href=\"\/pildid\/1527\/IMG_7324.jpg\"><img decoding=\"async\" src=\"\/pildid\/1527\/IMG_7324.jpg\" alt=\"idaeesti\" \/><\/a><br \/>\n<\/center><\/p>\n<p> Muidu poleks vist Pihlaka \u00e4ris k\u00e4imine t\u00e4iuslik, kui kook j\u00e4\u00e4ks s\u00f6\u00f6mata. Praegu saab  maitsvaid kondiitritooteid v\u00e4ga paljudest kohtadest, aga omal ajal olid Pihlaka tooted \u00fcle Eesti k\u00f5ige hinnatumad. Igap\u00e4evaselt pole me mingid koogis\u00f6\u00f6jad, aga v\u00e4ljas\u00f5itude juurde k\u00e4ib pisike koogiamps alati.<\/p>\n<p><center><a href=\"\/pildid\/1527\/IMG_7321.jpg\"><img decoding=\"async\" src=\"\/pildid\/1527\/IMG_7321.jpg\" alt=\"idaeesti\" \/><\/a><br \/>\n<\/center><\/p>\n<p>K\u00f5ht t\u00e4is, v\u00f5is rahumeeli edasi liikuda. Tegime v\u00e4ikese tiiru kesv\u00e4ljakul ja selle \u00fcmbruses. Noor Arvo P\u00e4rt oma rattaga muusikat kuulamas tuli kindlasti \u00fcle vaadata. <\/p>\n<p><center><a href=\"\/pildid\/1527\/IMG_7339-2.jpg\"><img decoding=\"async\" src=\"\/pildid\/1527\/IMG_7339-2.jpg\" alt=\"idaeesti\" \/><\/a><br \/>\n<\/center><\/p>\n<p><center><a href=\"\/pildid\/1527\/IMG_7344.jpg\"><img decoding=\"async\" src=\"\/pildid\/1527\/IMG_7344.jpg\" alt=\"idaeesti\" \/><\/a><br \/>\n<\/center><\/p>\n<p><center><a href=\"\/pildid\/1527\/IMG_7347.jpg\"><img decoding=\"async\" src=\"\/pildid\/1527\/IMG_7347.jpg\" alt=\"idaeesti\" \/><\/a><br \/>\n<\/center><\/p>\n<p><center><a href=\"\/pildid\/1527\/IMG_7350.jpg\"><img decoding=\"async\" src=\"\/pildid\/1527\/IMG_7350.jpg\" alt=\"idaeesti\" \/><\/a><br \/>\n<\/center><\/p>\n<p><center><a href=\"\/pildid\/1527\/IMG_7352.jpg\"><img decoding=\"async\" src=\"\/pildid\/1527\/IMG_7352.jpg\" alt=\"idaeesti\" \/><\/a><br \/>\n<\/center><\/p>\n<p><center><a href=\"\/pildid\/1527\/IMG_7357.jpg\"><img decoding=\"async\" src=\"\/pildid\/1527\/IMG_7357.jpg\" alt=\"idaeesti\" \/><\/a><br \/>\n<\/center><\/p>\n<p><center><a href=\"\/pildid\/1527\/IMG_7358.jpg\"><img decoding=\"async\" src=\"\/pildid\/1527\/IMG_7358.jpg\" alt=\"idaeesti\" \/><\/a><br \/>\n<\/center><\/p>\n<p><center><a href=\"\/pildid\/1527\/IMG_7361-2.jpg\"><img decoding=\"async\" src=\"\/pildid\/1527\/IMG_7361-2.jpg\" alt=\"idaeesti\" \/><\/a><br \/>\n<\/center><\/p>\n<p>Peale hommikus\u00f6\u00f6ki s\u00f5itsime \u00fche jutiga Narva v\u00e4lja. Viimati k\u00e4isime Narvas K-ga kaks suve tagasi ja kuna K luges hiljuti toredat lasteraamatut &#8221; Elli kirjad&#8221;, kus r\u00e4\u00e4giti v\u00e4ga palju vanast Narvast, oli ta eriliselt huviline. T\u00f5tt\u00f6elda, kui ta selle raamatu lugeda v\u00f5ttis, arvasin ma skeptiliselt, et l\u00f5puni ta seda ilmselt ei loe. Pidasin raamatut liiga ajalooliseks, et teismelisel lapsel oleks p\u00fcsivust sellesse s\u00fcveneda. Nagu v\u00e4lja tuli &#8211; alahindasin oma v\u00f5sukest. Raamat meeldis talle v\u00e4ga ja v\u00e4he sellest&#8230;tal olid ka v\u00e4ga paljud faktid ja lood meeles. Kui me kindluses k\u00e4isime, oskas ta meile v\u00e4ga palju ajaloost ja s\u00fcndmustest r\u00e4\u00e4kida. Eksole &#8211; giid omast k\u00e4est. <\/p>\n<p>Narva linnas liigelda on meil alati lihtne, sest kui oled veetnud kuskil oma elust 15 esimest aastat, tunned seda kohta v\u00e4ga h\u00e4sti. Ok, m\u00f5ni asi ajapikku ju muutub ja igast kohast ei pruugi l\u00e4bi saada kust kunagi sai, aga&#8230;.\u00fcldjoontes on k\u00f5ik meeles ja kui otse ei saa, siis seda tean ikka, kuidas ringiga saab. <\/p>\n<p>Esimese asjana s\u00f5itsime kesklinna, panime auto keskv\u00e4ljakule seisma ja suundusime Narva linnuse v\u00e4ravate poole.<br \/>\nVaatasime paremale &#8211; piiripunkt.<\/p>\n<p><center><a href=\"\/pildid\/1527\/IMG_7364.jpg\"><img decoding=\"async\" src=\"\/pildid\/1527\/IMG_7364.jpg\" alt=\"idaeesti\" \/><\/a><br \/>\n<\/center><\/p>\n<p>Vaatasime vasakule- Peetri platsi taga paistab 12 korrusega tornelamu mille katusel on veepaak. Omal ajal oli see \u00fcks v\u00e4heseid nii k\u00f5rgeid maju selles linnaosas, kus oli lift. Nii me siis s\u00f5brannaga k\u00e4isime seal aeg &#8211; ajalt liftiga s\u00f5itmas ja k\u00f5rgelt linna vaateid nautimas. Pildil oleva Lux Ekspressi bussi tagusel maalapil oli vanal hallil ajal nii trib\u00fc\u00fcn, kui suur Lenini kuju. Enam ta seal loomulikult ei seisa ega n\u00e4ita n\u00e4puga. <\/p>\n<p><center><a href=\"\/pildid\/1527\/IMG_7365.jpg\"><img decoding=\"async\" src=\"\/pildid\/1527\/IMG_7365.jpg\" alt=\"idaeesti\" \/><\/a><br \/>\n<\/center><\/p>\n<p> Edasi l\u00e4ksime kindluse poole. Lunastasime endale piletid ja astusime p\u00f5hjav\u00e4ravatest sisse. Meid v\u00f5tsid vastu r\u00f5\u00f5msad talur\u00f5ivastes naised, kes kutsusid osalema t\u00f6\u00f6tubades ja pakkusid m\u00fc\u00fcgiks toredaid k\u00e4sit\u00f6\u00f6esemeid.<\/p>\n<p><center><a href=\"\/pildid\/1527\/IMG_7367.jpg\"><img decoding=\"async\" src=\"\/pildid\/1527\/IMG_7367.jpg\" alt=\"idaeesti\" \/><\/a><br \/>\n<\/center><\/p>\n<p> Saime kassast kaasa koos piletitega paar &#8220;\u00f6\u00f6ri&#8221;, mille eest v\u00f5is endale valida meeneid ja nii me siis hiljem vaatasimegi ringi, mida nende eest soetada. P\u00e4rast pikemat vaagimist r\u00e4ndasid kotti kaks vahvat takun\u00f6\u00f6rist kaitsenukku. <\/p>\n<p><center><a href=\"\/pildid\/1527\/IMG_7374.jpg\"><img decoding=\"async\" src=\"\/pildid\/1527\/IMG_7374.jpg\" alt=\"idaeesti\" \/><\/a><br \/>\n<\/center><\/p>\n<p>Esmalt k\u00e4isime linnuse m\u00fc\u00fcridel vaateid nautimas.<\/p>\n<p><center><a href=\"\/pildid\/1527\/IMG_7369-2.jpg\"><img decoding=\"async\" src=\"\/pildid\/1527\/IMG_7369-2.jpg\" alt=\"idaeesti\" \/><\/a><br \/>\n<\/center><\/p>\n<p><em>M\u00fc\u00fcrilt vaade Eesti ja Venemaa vahelisele sillale<\/em><\/p>\n<p><center><a href=\"\/pildid\/1527\/IMG_7375.jpg\"><img decoding=\"async\" src=\"\/pildid\/1527\/IMG_7375.jpg\" alt=\"idaeesti\" \/><\/a><br \/>\n<\/center><\/p>\n<p><center><a href=\"\/pildid\/1527\/IMG_7376.jpg\"><img decoding=\"async\" src=\"\/pildid\/1527\/IMG_7376.jpg\" alt=\"idaeesti\" \/><\/a><br \/>\n<\/center><\/p>\n<p><em>Ivangorodi(Jaanilinna) kindlus<\/em><\/p>\n<p><center><a href=\"\/pildid\/1527\/IMG_7382-2.jpg\"><img decoding=\"async\" src=\"\/pildid\/1527\/IMG_7382-2.jpg\" alt=\"idaeesti\" \/><\/a><br \/>\n<\/center><\/p>\n<p><em>Preili m\u00fc\u00fcridel<\/em><\/p>\n<p><center><a href=\"\/pildid\/1527\/IMG_7392.jpg\"><img decoding=\"async\" src=\"\/pildid\/1527\/IMG_7392.jpg\" alt=\"idaeesti\" \/><\/a><br \/>\n<\/center><\/p>\n<p><em>Hermanni kindluse torn<\/em><\/p>\n<p><center><a href=\"\/pildid\/1527\/IMG_7394.jpg\"><img decoding=\"async\" src=\"\/pildid\/1527\/IMG_7394.jpg\" alt=\"idaeesti\" \/><\/a><br \/>\n<\/center><\/p>\n<p><center><a href=\"\/pildid\/1527\/IMG_7395.jpg\"><img decoding=\"async\" src=\"\/pildid\/1527\/IMG_7395.jpg\" alt=\"idaeesti\" \/><\/a><br \/>\n<\/center><\/p>\n<p><em>Tagaplaanil h\u00fcdroelektrijaam<\/em><\/p>\n<p>Tulime m\u00fc\u00fcridelt alla ja saatsime K pesu pesema :P<\/p>\n<p><center><a href=\"\/pildid\/1527\/IMG_7397-3.jpg\"><img decoding=\"async\" src=\"\/pildid\/1527\/IMG_7397-3.jpg\" alt=\"idaeesti\" \/><\/a><br \/>\n<\/center><\/p>\n<p>Hermanni tornis on \u00fcks suur saal, mida kasutati omal ajal ilmselt usulisteks talitusteks. N\u00fc\u00fcdsel ajal pigem kontserdisaalina. K tormas muidugi esimese asjana klaveri juurde, et uurida, mis nime see kannab. <\/p>\n<p><center><a href=\"\/pildid\/1527\/IMG_7405.jpg\"><img decoding=\"async\" src=\"\/pildid\/1527\/IMG_7405.jpg\" alt=\"idaeesti\" \/><\/a><br \/>\n<\/center><\/p>\n<p>Kindluse \u00f5uel k\u00e4isime K-ga ka viimati Narvat k\u00fclastades, aga kuna sattusime sinna juba suhteliselt \u00f5htusel ajal, siis kindluse sisse me ei saanudki. Sel korral olime hommikul kohal ja  lubasime endale \u00fche huvitava ajaloolise r\u00e4nnaku Hermanni torni. Igal korrusel oli midagi vaadata ja nii ei tundunudki \u00fcles ronimine eriti piinarikkana vaid j\u00f5udsime \u00fcles pigem ootamatult. <\/p>\n<p><center><a href=\"\/pildid\/1527\/IMG_7421.jpg\"><img decoding=\"async\" src=\"\/pildid\/1527\/IMG_7421.jpg\" alt=\"idaeesti\" \/><\/a><br \/>\n<\/center><\/p>\n<p>\u00dcmber torni liikudes nautisime vaateid.<\/p>\n<p><center><a href=\"\/pildid\/1527\/IMG_7409.jpg\"><img decoding=\"async\" src=\"\/pildid\/1527\/IMG_7409.jpg\" alt=\"idaeesti\" \/><\/a><br \/>\n<\/center><\/p>\n<p>Kui j\u00e4rgmist pilti vaadata, siis selle taga servas paremal pool paistab \u00fcks vesine triip. See seal on Narva veehoidla ja kui m\u00f6\u00f6da seda edasi s\u00f5ita, siis j\u00f5uab Narva j\u00f5e k\u00e4restikulisele \u00fclemjooksule ja l\u00f5puks Peipsi j\u00e4rvele.<br \/>\n<center><a href=\"\/pildid\/1527\/IMG_7411.jpg\"><img decoding=\"async\" src=\"\/pildid\/1527\/IMG_7411.jpg\" alt=\"idaeesti\" \/><\/a><br \/>\n<\/center><\/p>\n<p>J\u00e4rgmine vaade on tornelamule ja muudele majadele. <\/p>\n<p><center><a href=\"\/pildid\/1527\/IMG_7412.jpg\"><img decoding=\"async\" src=\"\/pildid\/1527\/IMG_7412.jpg\" alt=\"idaeesti\" \/><\/a><br \/>\n<\/center><\/p>\n<p>Ja edasi on pildil n\u00e4ha raekoda ning<br \/>\npunase katusega Tartu \u00dclikooli Narva Kolled\u017ei hoone. Vanu hooneid on Narvas tegelikult \u00e4\u00e4rmiselt v\u00e4he, kuigi omal ajal oli seal v\u00e4ga kaunis vanalinn. Paraku pommitati see s\u00f5ja ajal maatasa. Tore, et raekodagi p\u00fcsti j\u00e4i. \u00d5igemini ime, et j\u00e4i.<\/p>\n<p><center><a href=\"\/pildid\/1527\/IMG_7413.jpg\"><img decoding=\"async\" src=\"\/pildid\/1527\/IMG_7413.jpg\" alt=\"idaeesti\" \/><\/a><br \/>\n<\/center><\/p>\n<p>\u00dclevalt oli hea vaade linnuse v\u00e4ikesele aiamaale.<\/p>\n<p><center><a href=\"\/pildid\/1527\/IMG_7414.jpg\"><img decoding=\"async\" src=\"\/pildid\/1527\/IMG_7414.jpg\" alt=\"idaeesti\" \/><\/a><br \/>\n<\/center><\/p>\n<p>Korra veel vaade promenaadile ja hakkasime tagasi alla ronima.<\/p>\n<p><center><a href=\"\/pildid\/1527\/IMG_7417.jpg\"><img decoding=\"async\" src=\"\/pildid\/1527\/IMG_7417.jpg\" alt=\"idaeesti\" \/><\/a><br \/>\n<\/center><\/p>\n<p>Tagasi all, vaatasime  ringi p\u00f5hjahoovis.<\/p>\n<p><center><a href=\"\/pildid\/1527\/IMG_7423-2.jpg\"><img decoding=\"async\" src=\"\/pildid\/1527\/IMG_7423-2.jpg\" alt=\"idaeesti\" \/><\/a><br \/>\n<\/center><\/p>\n<p>Edasi sammusime p\u00f5hjahoovi v\u00e4ravast v\u00e4lja kindluse sise\u00f5uele ja liikusime territooriumil ringi. <\/p>\n<p><center><a href=\"\/pildid\/1527\/IMG_7424.jpg\"><img decoding=\"async\" src=\"\/pildid\/1527\/IMG_7424.jpg\" alt=\"idaeesti\" \/><\/a><br \/>\n<\/center><\/p>\n<p><center><a href=\"\/pildid\/1527\/IMG_7433-3.jpg\"><img decoding=\"async\" src=\"\/pildid\/1527\/IMG_7433-3.jpg\" alt=\"idaeesti\" \/><\/a><br \/>\n<\/center><\/p>\n<p>Ja siit tuleb \u00fcks stiilin\u00e4ide, kuidas v\u00f5ib kindlust pildistada. Surud aga ennast maadligi, ajad tagumise otsa upakile ja pildistad :)<\/p>\n<p><center><a href=\"\/pildid\/1527\/IMG_7444.jpg\"><img decoding=\"async\" src=\"\/pildid\/1527\/IMG_7444.jpg\" alt=\"idaeesti\" \/><\/a><br \/>\n<\/center><\/p>\n<p>ja m\u00f5ned vaated veel<\/p>\n<p><center><a href=\"\/pildid\/1527\/IMG_7426-3.jpg\"><img decoding=\"async\" src=\"\/pildid\/1527\/IMG_7426-3.jpg\" alt=\"idaeesti\" \/><\/a><br \/>\n<\/center><\/p>\n<p><center><a href=\"\/pildid\/1527\/IMG_7429.jpg\"><img decoding=\"async\" src=\"\/pildid\/1527\/IMG_7429.jpg\" alt=\"idaeesti\" \/><\/a><br \/>\n<\/center><\/p>\n<p><center><a href=\"\/pildid\/1527\/IMG_7430.jpg\"><img decoding=\"async\" src=\"\/pildid\/1527\/IMG_7430.jpg\" alt=\"idaeesti\" \/><\/a><br \/>\n<\/center><\/p>\n<p><center><a href=\"\/pildid\/1527\/IMG_7439-2.jpg\"><img decoding=\"async\" src=\"\/pildid\/1527\/IMG_7439-2.jpg\" alt=\"idaeesti\" \/><\/a><br \/>\n<\/center><\/p>\n<p><center><a href=\"\/pildid\/1527\/IMG_7447-2.jpg\"><img decoding=\"async\" src=\"\/pildid\/1527\/IMG_7447-2.jpg\" alt=\"idaeesti\" \/><\/a><br \/>\n<\/center><\/p>\n<p>Kindlus sai meil igatahes igatepidi \u00e4ra vaadatud. R\u00e4\u00e4kisin kaaslastele ka loo lapsep\u00f5lvest, kui me kunagi olles sellised algklasside juntsud, leidsime \u00fche s\u00f5bra p\u00f6\u00f6ningult korraliku suure ja raske m\u00f5\u00f5ga. M\u00f5tlesime siis oma v\u00e4ikeste peadega, et see kindlasti ajaloolise v\u00e4\u00e4rtusega ja viime selle kindluse muuseumi. L\u00e4ksimegi, m\u00f5\u00f5k v\u00f5eti kenasti vastu&#8230;.aga loodetud kommiraha meile selle eest k\u00fcll ei antud. Ei tea ma siiani, oli sel m\u00f5\u00f5gal mingi v\u00e4\u00e4rtus v\u00f5i mitte. <\/p>\n<p>Hoovist v\u00e4ljudes tekkis meil k\u00fcsimus, kust kaudu l\u00e4heme edasi j\u00f5e\u00e4\u00e4rsele promenaadile&#8230;saab sinna ju nii \u00fchelt, kui teiselt poolt. Loobusime m\u00f5ttest minna tiiruga silla alt ja otsustasime v\u00f5tta ette l\u00fchema tee. V\u00e4lja tuli aga nii, et l\u00fchem tee on piiripunkti poolt igati \u00e4ra barrikadeeritud ja selleks, et saada sinna kuhu vaja, ajasime autole h\u00e4\u00e4led sisse ja s\u00f5itsime sinna autoga. Ometi oleks jalgsi saanud vanasti promenaadi algusesse keskv\u00e4ljakult 5 minuti k\u00f5ndimisega&#8230;aga on nagu on. \u00dches\u00f5naga j\u00f5udsime promenaadile.<\/p>\n<p><center><a href=\"\/pildid\/1527\/IMG_7455.jpg\"><img decoding=\"async\" src=\"\/pildid\/1527\/IMG_7455.jpg\" alt=\"idaeesti\" \/><\/a><br \/>\n<\/center><\/p>\n<p><center><a href=\"\/pildid\/1527\/IMG_7457.jpg\"><img decoding=\"async\" src=\"\/pildid\/1527\/IMG_7457.jpg\" alt=\"idaeesti\" \/><\/a><br \/>\n<\/center><\/p>\n<p><center><a href=\"\/pildid\/1527\/IMG_7459.jpg\"><img decoding=\"async\" src=\"\/pildid\/1527\/IMG_7459.jpg\" alt=\"idaeesti\" \/><\/a><br \/>\n<\/center><\/p>\n<p><center><a href=\"\/pildid\/1527\/IMG_7460.jpg\"><img decoding=\"async\" src=\"\/pildid\/1527\/IMG_7460.jpg\" alt=\"idaeesti\" \/><\/a><br \/>\n<\/center><\/p>\n<p><center><a href=\"\/pildid\/1527\/IMG_7461.jpg\"><img decoding=\"async\" src=\"\/pildid\/1527\/IMG_7461.jpg\" alt=\"idaeesti\" \/><\/a><br \/>\n<\/center><\/p>\n<p><center><a href=\"\/pildid\/1527\/IMG_7468-3.jpg\"><img decoding=\"async\" src=\"\/pildid\/1527\/IMG_7468-3.jpg\" alt=\"idaeesti\" \/><\/a><br \/>\n<\/center><\/p>\n<p>Kiirevoolulisel Narva j\u00f5el on ajast aega olnud kalamehed.<\/p>\n<p><center><a href=\"\/pildid\/1527\/IMG_7469.jpg\"><img decoding=\"async\" src=\"\/pildid\/1527\/IMG_7469.jpg\" alt=\"idaeesti\" \/><\/a><br \/>\n<\/center><\/p>\n<p><center><a href=\"\/pildid\/1527\/IMG_7471.jpg\"><img decoding=\"async\" src=\"\/pildid\/1527\/IMG_7471.jpg\" alt=\"idaeesti\" \/><\/a><br \/>\n<\/center><\/p>\n<p>J\u00e4rgmisel pildil on n\u00e4ha vee \u00e4\u00e4res vanu puust toikaid&#8230;.kunagi oli seal v\u00e4ike sadam ja sealt sai laevaga s\u00f5ita isegi Narva &#8211; J\u00f5esuusse. Veel ammusemal ajal oli sellel kohal aga tegelikult kaubasadam ja reisijate sadam. <\/p>\n<p><center><a href=\"\/pildid\/1527\/IMG_7482.jpg\"><img decoding=\"async\" src=\"\/pildid\/1527\/IMG_7482.jpg\" alt=\"idaeesti\" \/><\/a><br \/>\n<\/center><\/p>\n<p>Ja n\u00fc\u00fcd \u00fcks s\u00f5udebaasi pilt. Minu ajal oli seal jahiklubi, kus suviti toimetasid ka kiirpaadis\u00f5itjad. Igal suvel korraldati j\u00f5e peal \u00fcleliidulisi kiirpaadiv\u00f5itlusi ja seda paatide vingumist jagus mitmeks n\u00e4dalaks. Elasin ma ju \u00fcsna j\u00f5e l\u00e4hedal ja m\u00f6\u00f6da j\u00f5ge kandub teadup\u00e4rast heli \u00fcpris kaugele. <\/p>\n<p><center><a href=\"\/pildid\/1527\/IMG_7483.jpg\"><img decoding=\"async\" src=\"\/pildid\/1527\/IMG_7483.jpg\" alt=\"idaeesti\" \/><\/a><br \/>\n<\/center><\/p>\n<p>Teisel pool j\u00f5ge on Venemaa piirivalvekaatrid.<\/p>\n<p><center><a href=\"\/pildid\/1527\/IMG_7485.jpg\"><img decoding=\"async\" src=\"\/pildid\/1527\/IMG_7485.jpg\" alt=\"idaeesti\" \/><\/a><br \/>\n<\/center><\/p>\n<p>Ja olimegi j\u00f5udnud meie plaanitud l\u00f5pp-punkti. J\u00f5e\u00e4\u00e4rsesse trahterisse s\u00f6\u00f6ma.<\/p>\n<p><center><a href=\"\/pildid\/1527\/IMG_7488.jpg\"><img decoding=\"async\" src=\"\/pildid\/1527\/IMG_7488.jpg\" alt=\"idaeesti\" \/><\/a><br \/>\n<\/center><\/p>\n<p>Kena on see j\u00f5e\u00e4\u00e4rne promenaad, mingi maani\u2026..ja siis said ilmselgelt Euroopa Liidu rahad otsa ja edasi tuli mahaj\u00e4etud kant, kust me 2 aastat tagasi murdsime k\u00fcll l\u00e4bi, aga t\u00e4navu seda matka enam ette ei v\u00f5tnud. Liitai tahsime me veel paljudesse kohtadesse enne pimedat kohale j\u00f5uda. Seega edasi minna polnud m\u00f5tet.<\/p>\n<p>Ei l\u00e4inud sel aastal vaatama minu lapsep\u00f5lvekodu m\u00e4ngumaid, sest eelmisel k\u00fclastusel j\u00f5udsin arusaamisele &#8211; seda minu Bullerbymaad enam ei ole. J\u00e4tan endale \u00f5iguse m\u00e4letada seda paika sellisena, nagu ta oli ja ei hakka kurvastama sellep\u00e4rast, mida enam ei ole.<\/p>\n<p>Jalutasime tagasi promenaadi algusesse, ronisime sealt \u00fcles bastionile&#8230;.vaatasime Pimeaia purskkaevu ja s\u00f5itsime edasi. Sellest aga j\u00e4rgmine kord. Kisub muidu liiga pikaks. <\/p>\n<p><center><a href=\"\/pildid\/1527\/IMG_7493.jpg\"><img decoding=\"async\" src=\"\/pildid\/1527\/IMG_7493.jpg\" alt=\"idaeesti\" \/><\/a><br \/>\n<\/center><\/p>\n","protected":false},"excerpt":{"rendered":"<p>Ei rohkem ega v\u00e4hem kui kaks kuud on m\u00f6\u00f6das sellest toredast reisist. L\u00f5puks sain esimese osa valmis kirjutatud. Nii nagu m\u00f5nel eelnevalgi aastal, v\u00f5tsime selle suve l\u00f5pus ette p\u00e4evase reisi koos K-ga ja minu s\u00f5brannaga, et avastada Eestimaad. \u00dcle-eelmisel aastal &hellip; <a href=\"https:\/\/www.kaldkriips.ee\/?p=9440\">J\u00e4tka lugemist <span class=\"meta-nav\">&rarr;<\/span><\/a><\/p>\n","protected":false},"author":1,"featured_media":0,"comment_status":"open","ping_status":"open","sticky":false,"template":"","format":"standard","meta":{"footnotes":""},"categories":[40,37,5],"tags":[],"class_list":["post-9440","post","type-post","status-publish","format-standard","hentry","category-ehk-reisikirjad-meie-kirjumirju-maailm","category-meie-kirjumirju-maailm","category-mina-ise-ja-muud-loomad"],"_links":{"self":[{"href":"https:\/\/www.kaldkriips.ee\/index.php?rest_route=\/wp\/v2\/posts\/9440"}],"collection":[{"href":"https:\/\/www.kaldkriips.ee\/index.php?rest_route=\/wp\/v2\/posts"}],"about":[{"href":"https:\/\/www.kaldkriips.ee\/index.php?rest_route=\/wp\/v2\/types\/post"}],"author":[{"embeddable":true,"href":"https:\/\/www.kaldkriips.ee\/index.php?rest_route=\/wp\/v2\/users\/1"}],"replies":[{"embeddable":true,"href":"https:\/\/www.kaldkriips.ee\/index.php?rest_route=%2Fwp%2Fv2%2Fcomments&post=9440"}],"version-history":[{"count":39,"href":"https:\/\/www.kaldkriips.ee\/index.php?rest_route=\/wp\/v2\/posts\/9440\/revisions"}],"predecessor-version":[{"id":9485,"href":"https:\/\/www.kaldkriips.ee\/index.php?rest_route=\/wp\/v2\/posts\/9440\/revisions\/9485"}],"wp:attachment":[{"href":"https:\/\/www.kaldkriips.ee\/index.php?rest_route=%2Fwp%2Fv2%2Fmedia&parent=9440"}],"wp:term":[{"taxonomy":"category","embeddable":true,"href":"https:\/\/www.kaldkriips.ee\/index.php?rest_route=%2Fwp%2Fv2%2Fcategories&post=9440"},{"taxonomy":"post_tag","embeddable":true,"href":"https:\/\/www.kaldkriips.ee\/index.php?rest_route=%2Fwp%2Fv2%2Ftags&post=9440"}],"curies":[{"name":"wp","href":"https:\/\/api.w.org\/{rel}","templated":true}]}}