{"id":8657,"date":"2019-04-22T17:35:33","date_gmt":"2019-04-22T15:35:33","guid":{"rendered":"http:\/\/www.kaldkriips.ee\/?p=8657"},"modified":"2019-04-23T15:10:52","modified_gmt":"2019-04-23T13:10:52","slug":"kevadine-monoloog","status":"publish","type":"post","link":"https:\/\/www.kaldkriips.ee\/?p=8657","title":{"rendered":"Kevadine monoloog"},"content":{"rendered":"<p>Minu viimasest heietusest on m\u00f6\u00f6das lausa \u00fcle kuu. Aeg liigub h\u00e4mmastava kiirusega ja vahepeal on paras tegu saada aru, kuhu ma parasjagu teel olen.<br \/>\n\u00d5ues on l\u00f5puks kevad ja energiat jagub enamasti mitme inimese eest. Kas just muidugi p\u00e4ris kahe, aga pooleteise eest ikka. Kui peale seitset hakata t\u00f6\u00f6lt koju tulema, ei olegi enam pime. 22 minutit kiiret k\u00f5ndi ja isegi koju j\u00f5udes on ikka veel valge. No mis ma r\u00e4\u00e4gin, valge on praegu juba \u00fcsna pikalt. Nii, et isegi ajataju kaob \u00e4ra. Valgus on seljatanud pimeduse, juhuuu!<br \/>\n  P\u00e4eval on enamasti m\u00f5nusalt soe ja p\u00e4ikeseline, kuigi vahest tuleb ette \u00fcsna viludat tuult ja on esinenud isegi vihma koos l\u00f6rtsiga. Nagu kevadel ikka &#8211; ei midagi uut. Kevadel on alailma suve silmad ja talve hambad. Ilusat ilma on tulnud paraku vaadata enamasti t\u00f6\u00f6l olles aknast. Palju ma ikka p\u00e4evasel ajal \u00f5ue olen sattunud. Isegi n\u00e4dalavahetused on sageli tubased, sest kas olen kusagil m\u00f5nda muud t\u00f6\u00f6d tegemas v\u00f5i teen kodus t\u00f6\u00f6d. <\/p>\n<p><center><a href=\"\/pildid\/1506\/IMG_2027-2.jpg\"><img decoding=\"async\" src=\"\/pildid\/1506\/IMG_2027-2.jpg\" alt=\"kevad\" \/><\/a><br \/>\n<\/center><\/p>\n<p><center><a href=\"\/pildid\/1506\/IMG_2378-2.jpg\"><img decoding=\"async\" src=\"\/pildid\/1506\/IMG_2378-2.jpg\" alt=\"kevad\" \/><\/a><br \/>\n<\/center><\/p>\n<p><center><a href=\"\/pildid\/1506\/IMG_2380-3.jpg\"><img decoding=\"async\" src=\"\/pildid\/1506\/IMG_2380-3.jpg\" alt=\"kevad\" \/><\/a><br \/>\n<\/center><\/p>\n<p><center><a href=\"\/pildid\/1506\/IMG_2382-3.jpg\"><img decoding=\"async\" src=\"\/pildid\/1506\/IMG_2382-3.jpg\" alt=\"kevad\" \/><\/a><br \/>\n<\/center><\/p>\n<p><center><a href=\"\/pildid\/1506\/IMG_2392-2.jpg\"><img decoding=\"async\" src=\"\/pildid\/1506\/IMG_2392-2.jpg\" alt=\"kevad\" \/><\/a><br \/>\n<\/center><\/p>\n<p>Koos kevadega on n\u00fc\u00fcd aga pugenud hinge rahutus. Eks ta sellest tulegi, et kogu aeg on sada sees ja muudkui rabeled. Pikk ja t\u00f6ine s\u00fcgistalvine hooaeg on \u00e4ra kurnanud ja siis polegi imestada, et hakkad kusagilt otsast k\u00e4risema. Ei hakka siin pikalt sellest heietama, aga teist n\u00e4dalat teeb selg liiga. Noh, \u00fckskord peab ta ju \u00fcle minema, eks. Vastasel juhul pean oma kondid varsti perearstikeskusesse lohistama ja uurima, kes mu perearst siiski on. P\u00e4ris t\u00f5siselt, mul pole \u00f5rna aimugi, kes see v\u00f5iks olla.<br \/>\nMuidu on aga eluke tore ja selle kevadise s\u00fcgeluse elab samuti \u00fcle. Ikka selle, et t\u00f6\u00f6l ei taha enam olla ja hing kisub reisima, loodusesse, pildistama&#8230;.\u00fches\u00f5naga rutiinist v\u00e4lja. Tavaline kevadine &#8220;viirus&#8221; :D<\/p>\n<p><center><a href=\"\/pildid\/1506\/IMG_2375-2.jpg\"><img decoding=\"async\" src=\"\/pildid\/1506\/IMG_2375-2.jpg\" alt=\"kevad\" \/><\/a><br \/>\n<\/center><\/p>\n<p>K\u00e4isin meil siin \u00fcle kraavi v\u00f5sas kevadet otsimas ja leidsin hoopis \u00fchtede tegelinskite hammaste vilka t\u00f6\u00f6.<\/p>\n<p><center><a href=\"\/pildid\/1506\/IMG_2379.jpg\"><img decoding=\"async\" src=\"\/pildid\/1506\/IMG_2379.jpg\" alt=\"kevad\" \/><\/a><br \/>\n<\/center><\/p>\n<p>Eelmises monoloogis mainisin, et tulemas oli filmifestival N\u00d6FF. N\u00fc\u00fcd on see ammu toimunud ja t\u00f5es\u00f5na, ootan juba j\u00e4rgmise aasta N\u00d6FF-i. V\u00e4ga huvitavad ja sisukad kaks p\u00e4eva, kus ma olin \u00fcrituse ametlikuks fotograafiks ja t\u00e4nu sellele sain muidugi  osa programmi enamusest. Filmid olid festivaliprogrammis suurep\u00e4rased. M\u00f5tlemapanevad, intrigeerivad, kohati brutaalselt julmad, siiralt ausad ja tuli ette ka m\u00f5ni naljakas koht. Teemad olid siiski t\u00f5sised. Ka filmiv\u00e4lised tegevused festivalil olid sisukad ja t\u00f5sistel teemadel. Kuigi festivali pealkirjaks oli Naiste \u00d6\u00f6de FilmiFestival, siis esimesel p\u00e4eval oli saalis ka mehi, teisel p\u00e4eval sattus saali samuti m\u00f5ni mees, aga tegelikult oleks neid v\u00f5inud seal olla rohkem. V\u00e4\u00e4rt seeme <a href=\"http:\/\/naisedraplamaal.ee\/\">Raplamaa Ettev\u00f5tlike Naiste<\/a> poolt on igatahes istutatud viljakasse mulda. Muide meie uus kinosaal ja kogu juurdeehitus kultuurikeskusele on selliseks festivaliks suurep\u00e4rane paik. <\/p>\n<p><center><a href=\"\/pildid\/1506\/IMG_1478v.jpg\"><img decoding=\"async\" src=\"\/pildid\/1506\/IMG_1478v.jpg\" alt=\"kevad\" \/><\/a><br \/>\n<\/center><\/p>\n<p><em>Meie uus, m\u00f5nus ja ilus kinosaali trepikoda<\/em><\/p>\n<p><center><a href=\"\/pildid\/1506\/IMG_1482-2.jpg\"><img decoding=\"async\" src=\"\/pildid\/1506\/IMG_1484-2.jpg\" alt=\"kevad\" \/><\/a><br \/>\n<\/center><\/p>\n<p><em>Uhke punaste istmetega kinosaa, kus saab kuulata ka kontserte ja vaadata etendusi<\/em><\/p>\n<p>Festivalil oli lisaks muule veel kunsti ja maasikaid ja kooke&#8230;.<\/p>\n<p><center><a href=\"\/pildid\/1506\/IMG_1479v.jpg\"><img decoding=\"async\" src=\"\/pildid\/1506\/IMG_1479v.jpg\" alt=\"kevad\" \/><\/a><br \/>\n<\/center><\/p>\n<p><center><a href=\"\/pildid\/1506\/IMG_1482v.jpg\"><img decoding=\"async\" src=\"\/pildid\/1506\/IMG_1482v.jpg\" alt=\"kevad\" \/><\/a><br \/>\n<\/center><\/p>\n<p><center><a href=\"\/pildid\/1506\/IMG_1891u.jpg\"><img decoding=\"async\" src=\"\/pildid\/1506\/IMG_1891u.jpg\" alt=\"kevad\" \/><\/a><br \/>\n<\/center><\/p>\n<p>K\u00f5ige selle taga olid toimekad Raplamaa naisettev\u00f5tjad<\/p>\n<p><center><a href=\"\/pildid\/1506\/IMG_1930u.jpg\"><img decoding=\"async\" src=\"\/pildid\/1506\/IMG_1930u.jpg\" alt=\"kevad\" \/><\/a><br \/>\n<\/center><\/p>\n<p>Eesotsas muidugi v\u00e4rvika juhatusega ja nende esinaine oli ka selle festivali idee autor ning peakorraldaja &#8211; fantastiline Katrin Klaebo(pildil keskel)<\/p>\n<p><center><a href=\"\/pildid\/1506\/IMG_1572v.jpg\"><img decoding=\"async\" src=\"\/pildid\/1506\/IMG_1572v.jpg\" alt=\"kevad\" \/><\/a><br \/>\n<\/center><\/p>\n<p>Festivali juhtis hurmav Siret jakobson<\/p>\n<p><center><a href=\"\/pildid\/1506\/IMG_1512v.jpg\"><img decoding=\"async\" src=\"\/pildid\/1506\/IMG_1512v.jpg\" alt=\"kevad\" \/><\/a><br \/>\n<\/center><\/p>\n<p>Kohal oli loomulikult lisaks Kanal2-le ka TV3 &#8211; Sireti kodukanal, kus ta on ilmat\u00fcdrukuks. Kui tal muidugi j\u00e4\u00e4b aega \u00fcle <a href=\"https:\/\/www.kapikass.ee\/\">KapiKassi<\/a> tegemiste ja oma pere k\u00f5rvalt :) KapiKass on igatahes \u00fcks \u00e4ge firma, mis teeb igasuguseid toredaid vineerist m\u00f6\u00f6blit\u00fckke lastele. Kodumaine, ehe ja looduslik. Kuidas siis teisiti, kui Siretil endal on kodus kasvamas kolm v\u00e4ikest piigat :)<\/p>\n<p><center><a href=\"\/pildid\/1506\/IMG_1619v.jpg\"><img decoding=\"async\" src=\"\/pildid\/1506\/IMG_1619v.jpg\" alt=\"kevad\" \/><\/a><br \/>\n<\/center><\/p>\n<p>L\u00f5petan festivalist pajatamise n\u00fc\u00fcd siiski \u00e4ra, sest ma v\u00f5iks sellest jutustada l\u00f5putult ja pilte on samuti v\u00e4ga palju. Tegelikult v\u00e4\u00e4riks see lausa eraldi postitust, aga seekord j\u00e4\u00e4b nii.<\/p>\n<p> Uued v\u00e4rvid saime eelmisel koolivaheajal ikkagi linnast \u00e4ra toodud ja laps on \u00f5nnelik. V\u00e4rvidest oli eelmisel korral siin juttu.<br \/>\nSeekord sai valituks Vintage v\u00e4rvide karp <a href=\"https:\/\/www.primamarketinginc.com\/shop\/catalog\/product\/view\/id\/12329\/s\/watercolor-confections-vintage-pastel\/category\/486\/\">Prima Marketing<\/a>-ilt. Ajapikku ostame teisi karpe juurde, et tekiks suur ja hea v\u00e4rvivalik. Praegu on aga K t\u00e4iesti vintage lainel ja muudkui maalib toredaid pildikesi. Joonistada on talle alati meeldinud, aga t\u00e4nama peab kindlasti ka kooli kunsti\u00f5petuse \u00f5petajat, kes lisaks lastele t\u00f6\u00f6 k\u00e4tte andmisele oskab \u00f5petada joonistamise &#8211; maalimise p\u00f5hit\u00f5desid ja tehnilisi n\u00fcansse.<br \/>\nNagu n\u00e4ha, on v\u00e4rvid aktiivselt kasutuses. Pilte aga ta oma tagasihoidlikkuses veel n\u00e4itama ei soostu. <\/p>\n<p><center><a href=\"\/pildid\/1506\/IMG_2817.jpg\"><img decoding=\"async\" src=\"\/pildid\/1506\/IMG_2817.jpg\" alt=\"kevad\" \/><\/a><br \/>\n<\/center><\/p>\n<p><center><a href=\"\/pildid\/1506\/IMG_2820.jpg\"><img decoding=\"async\" src=\"\/pildid\/1506\/IMG_2820.jpg\" alt=\"kevad\" \/><\/a><br \/>\n<\/center><\/p>\n<p>Kuidagi juhtus j\u00e4lle nii, et seda postitust olen ma kirjutanud p\u00e4ris t\u00fckk aega. Vahepeal on selg saanud v\u00e4ga haigest v\u00e4hem haigeks. Suurimad t\u00e4nud selle eest minu headele s\u00f5pradele, kes appi t\u00f5ttasid. <a href=\"https:\/\/www.facebook.com\/groups\/2026673810957685\/\">Gaida<\/a> oma v\u00f5lu\u00f5lidega ja Pille, kes torkis mind n\u00f5eltega, tegi kuppudega mu seljast lepatriinu ja teipis tagatipuks selja \u00e4ra. T\u00e4nu teile kahele saan ma j\u00e4lle r\u00f5\u00f5msalt askeldada ja ei pea voodis lamatisi hankima. Ka kolleegid ei pea mind enam haletsema, kui ma peale puhkust t\u00f6\u00f6l uuesti ringi liigun :D  Jah, seda muidugi ka, et mul on puhkus terve n\u00e4dala jagu!!!!! Sellep\u00e4rast ma leidsingi aega l\u00f5puks seda postitust l\u00f5petada. <\/p>\n<p>Jaajaa, niikui mu selg sai teibitud ja jaksasin j\u00e4lle oma torsot kepsude otsas hoida, hakkasin askeldama. Koristasime koos K-ga r\u00f5du peale talve \u00e4ra. Kohe p\u00f5hjalikult. Restid \u00fcles, restide alt tolm ja pr\u00fcgi v\u00e4lja. S\u00fcgisest j\u00e4\u00e4nud mullapotid \u00f5ue. Osad anumad keldrisse, osad pr\u00fcgisse ja osad uute taimede ootele. Koristamise k\u00e4igus tekkis meil idee panna r\u00f5dule v\u00e4ike kasvuhoone. K\u00e4isime seda Magazinist otsimas, sest sealt leiab k\u00f5ike, aga polnud. Matkasime siis teisele poole Konsumi Ehitustarvetesse&#8230;ja seal oli. Ladusin h\u00e4bematul kombel kogu raskema kraami K-selga, sest minu selg ei luba veel ikkagi raskusi t\u00f5sta ega tassida, aga siis m\u00e4rkas meid \u00fcks tuttava lapse isa autoga ja pakkus lahkesti k\u00fc\u00fcti. K ei saanudki oma rammu demonstreerida. Aga&#8230;see-eest pani ta kodus kasvuhoone kenasti kokku. <\/p>\n<p><center><a href=\"\/pildid\/1506\/IMG_2566-2.jpg\"><img decoding=\"async\" src=\"\/pildid\/1506\/IMG_2566-2.jpg\" alt=\"kevad\" \/><\/a><br \/>\n<\/center><\/p>\n<p>Ja r\u00f5\u00f5m tehtud t\u00f6\u00f6st :)<\/p>\n<p><center><a href=\"\/pildid\/1506\/IMG_2571-2.jpg\"><img decoding=\"async\" src=\"\/pildid\/1506\/IMG_2571-2.jpg\" alt=\"kevad\" \/><\/a><br \/>\n<\/center><\/p>\n<p>Esimesena said kasvumajakesse suvitama meie kodu kaktused. Praeguseks on sinna siginenud juba m\u00f5ned taimedki. <\/p>\n<p><center><a href=\"\/pildid\/1506\/IMG_2581-2.jpg\"><img decoding=\"async\" src=\"\/pildid\/1506\/IMG_2581-2.jpg\" alt=\"kevad\" \/><\/a><br \/>\n<\/center><\/p>\n<p>Selle imeilusa bugenvillea t\u00f5in aga kohalikust <a href=\"https:\/\/www.lillesahver.ee\/\">Lillesahvrist<\/a>. No ei saanud kohe seda poodi j\u00e4tta. M\u00f6\u00f6dunud suvel Kreekas k\u00e4ies ei v\u00e4sinud neid imetlemast ja mis oleks veel toredamat tahta siin enne suve, kui t\u00fckikest vahemeremaad koos m\u00e4letsustega oma r\u00f5dule. Lillesahvrisse soovitan kindlasti sisse astuda. Sealt saab asjatundlikku n\u00f5u ja lillevalik on seal samuti huvitav ja rikkalik.<\/p>\n<p><center><a href=\"\/pildid\/1506\/IMG_2582.jpg\"><img decoding=\"async\" src=\"\/pildid\/1506\/IMG_2582.jpg\" alt=\"kevad\" \/><\/a><br \/>\n<\/center><\/p>\n<p>Peale t\u00f6\u00f6d v\u00f5tsime ette jalutusk\u00e4igu. 6 km tuli \u00e4ra ja selle k\u00e4igus sai poja peregi \u00fcle vaadatud.<\/p>\n<p><center><a href=\"\/pildid\/1506\/IMG_2621-2.jpg\"><img decoding=\"async\" src=\"\/pildid\/1506\/IMG_2621-2.jpg\" alt=\"kevad\" \/><\/a><br \/>\n<\/center><\/p>\n<p><center><a href=\"\/pildid\/1506\/IMG_2626-2.jpg\"><img decoding=\"async\" src=\"\/pildid\/1506\/IMG_2626-2.jpg\" alt=\"kevad\" \/><\/a><br \/>\n<\/center><\/p>\n<p>Jah, eks me oleme vahepeal veel usinalt ka kultuuri tarbinud, lugenud, \u00f5ppinud ning mida k\u00f5ike iganes. Homme aga tuleb mul lausa kodus \u00fcks huvitav koolitus :P<br \/>\nSiinkohal panen siiski sellele jutule punkti ja eks vaatab, mis edasi. Mul on ju puhkus ja K-l koolivaheaeg!!! Naudime koos olemisi ja tegemisi.<\/p>\n","protected":false},"excerpt":{"rendered":"<p>Minu viimasest heietusest on m\u00f6\u00f6das lausa \u00fcle kuu. Aeg liigub h\u00e4mmastava kiirusega ja vahepeal on paras tegu saada aru, kuhu ma parasjagu teel olen. \u00d5ues on l\u00f5puks kevad ja energiat jagub enamasti mitme inimese eest. Kas just muidugi p\u00e4ris kahe, &hellip; <a href=\"https:\/\/www.kaldkriips.ee\/?p=8657\">J\u00e4tka lugemist <span class=\"meta-nav\">&rarr;<\/span><\/a><\/p>\n","protected":false},"author":1,"featured_media":0,"comment_status":"open","ping_status":"open","sticky":false,"template":"","format":"standard","meta":{"footnotes":""},"categories":[5],"tags":[],"class_list":["post-8657","post","type-post","status-publish","format-standard","hentry","category-mina-ise-ja-muud-loomad"],"_links":{"self":[{"href":"https:\/\/www.kaldkriips.ee\/index.php?rest_route=\/wp\/v2\/posts\/8657"}],"collection":[{"href":"https:\/\/www.kaldkriips.ee\/index.php?rest_route=\/wp\/v2\/posts"}],"about":[{"href":"https:\/\/www.kaldkriips.ee\/index.php?rest_route=\/wp\/v2\/types\/post"}],"author":[{"embeddable":true,"href":"https:\/\/www.kaldkriips.ee\/index.php?rest_route=\/wp\/v2\/users\/1"}],"replies":[{"embeddable":true,"href":"https:\/\/www.kaldkriips.ee\/index.php?rest_route=%2Fwp%2Fv2%2Fcomments&post=8657"}],"version-history":[{"count":31,"href":"https:\/\/www.kaldkriips.ee\/index.php?rest_route=\/wp\/v2\/posts\/8657\/revisions"}],"predecessor-version":[{"id":8690,"href":"https:\/\/www.kaldkriips.ee\/index.php?rest_route=\/wp\/v2\/posts\/8657\/revisions\/8690"}],"wp:attachment":[{"href":"https:\/\/www.kaldkriips.ee\/index.php?rest_route=%2Fwp%2Fv2%2Fmedia&parent=8657"}],"wp:term":[{"taxonomy":"category","embeddable":true,"href":"https:\/\/www.kaldkriips.ee\/index.php?rest_route=%2Fwp%2Fv2%2Fcategories&post=8657"},{"taxonomy":"post_tag","embeddable":true,"href":"https:\/\/www.kaldkriips.ee\/index.php?rest_route=%2Fwp%2Fv2%2Ftags&post=8657"}],"curies":[{"name":"wp","href":"https:\/\/api.w.org\/{rel}","templated":true}]}}