{"id":7307,"date":"2018-02-19T20:31:09","date_gmt":"2018-02-19T18:31:09","guid":{"rendered":"http:\/\/www.kaldkriips.ee\/?p=7307"},"modified":"2018-07-04T12:41:01","modified_gmt":"2018-07-04T10:41:01","slug":"pool-aastat-hiljem-ehk-lummav-ahvenamaa","status":"publish","type":"post","link":"https:\/\/www.kaldkriips.ee\/?p=7307","title":{"rendered":"Pool aastat hiljem ehk lummav Ahvenamaa"},"content":{"rendered":"<p>Jah, pool aastat hiljem hakkasin ma m\u00f5tlema sellele, et peaks siiski panema ajaloo tarbeks kirja m\u00f6\u00f6dundsuvise reisi muljed. Eks nad ole n\u00fc\u00fcd juba ajapikku h\u00e4gusemaks muutunud, aga samas ehk ka objektiivsemaks ning miks mitte nad siis kirja panna. Seda enam, et m\u00f5ne kuu p\u00e4rast on meil juba uus sihtkoht ees ootamas.<br \/>\nEelmise aasta augustis k\u00e4isime nimelt Ahvenamaal. Nojah, Soomes ju tegelikult, sest Ahvenamaa kuulub Soome koosseisu. K\u00e4ies aga seal m\u00f5nusas ja rahulikus saarestikus \u00e4ra, saab peagi selgeks, et Ahvenamaa on riik riigis.<br \/>\nMul oli juba \u00fcsna pikka aega soov Ahvenamaad k\u00fclastada. Siis sattus k\u00e4tte raamat &#8221; Minu Ahvenamaa&#8221;, kus autor Janne K\u00fctimaa kirjutas saarestikust v\u00e4gagi nauditavalt. J\u00e4i kripeldama see rahu ja vaikuse kant. L\u00f5puks t\u00e4pselt aasta enne  Ahvenamaale reisimist, k\u00e4isime K-ga Rootsis ja tagasiteel olime sel ajal v\u00e4ljas , kui laev Mariehamnis sees k\u00e4is. Vaatasime linna poole ja veel teadmata, et aasta p\u00e4rast oleme tagasi, \u00fctlesin lapsele: varsti tuleme siia tagasi. Tol hetkel ei teadnud ma veel millal ja kuidas, aga mu s\u00fcdames oli teadmine, et tuleme.<br \/>\nKui t\u00f6\u00f6l algas s\u00fcgishooaeg, ehk siis suvekuud olid m\u00f6\u00f6das, hakkas liikuma jutt, et tuleval suvel organiseeritakse ilmselt raamatukogunduslik v\u00e4ljas\u00f5it Ahvenamaale. M\u00f5ne aja p\u00e4rast algas registreerimine ja pikemalt m\u00f5tlemata panin meid K-ga sinna kirja. Reisiseltskond koostati maakonna raamatukoguhoidjatest ja kui kohti vabaks j\u00e4i, siis ka nende l\u00e4hedastest ja s\u00f5pradest. Koos K-ga olid nimekirjas veel 3 toredat piigat, kes reisil k\u00f5ik m\u00f5nusasti s\u00f5brunesid. Nimed kirjas, hakkasime r\u00f5\u00f5msalt raha koguma ja hinges pesitses r\u00f5\u00f5m eesootavast reisist. Pisut tekitas minus kahetisi tundeid bussireis ja see, et programm oli v\u00e4ga tihe. Ma ei ole kunagi olnud selline ekskursioonide inimene ja k\u00e4su peale siia sinna minemised pole mind vaimustanud. Eelmised reisid on reisitud k\u00f5ik omap\u00e4i, ise mar\u0161ruudid paika pandud ja aja \u00fcle otsustatud. Pelgasin, et programmi tihedus hakkab mind ahistama ja muutub liiga t\u00fc\u00fctuks ning pealiskaudseks. Liiati ei k\u00f6itnud mind teadmine, et ma pean tapikorras k\u00f5ik muuseumid ja vaatamisv\u00e4\u00e4rsused l\u00e4bi k\u00e4ima ja kinni maksma, kuigi mind m\u00f5ni asi v\u00e4ga ei huvitaks ja ma eelistaksin hoopis omal k\u00e4el looduses ringi vaadata.<br \/>\nEtteruttavalt v\u00f5in siiski \u00f6elda, et minu kartused ei osutunud t\u00f5eks, kuigi need olid kantud kolleegide juttudest eelmistest reisikogemustest. Minu kogemus \u00fctleb seda, et k\u00f5ik s\u00f5ltub reisisaatjast ja bussijuhist ja meil l\u00e4ks nendega v\u00e4ga h\u00e4sti. Bussijuht oli rahulik ja s\u00f5bralik, giid tark, asjalik, paindlik ja arvestav. Nii juhtuski, et minu esimene bussireis kujunes \u00fcleootuste toredaks ja m\u00f5nusaks.<br \/>\nReis kestis mitu p\u00e4eva ja k\u00f5ike \u00fchte postitusse ilmselgelt ma kirjutada ei suuda ega taha. Seega tuleb mitu postitust. P\u00f6\u00f6rdume siis n\u00fc\u00fcd alguse juurde. <\/p>\n<p><strong>1. p\u00e4ev, 17.august<\/strong><\/p>\n<p>Hommikul tuli \u00e4rgata enne kukke ja koitu &#8211; kell 3.45. P\u00fc\u00fcdsime me \u00f5htul kuidas p\u00fc\u00fcdsime varem magama minna, uni ikka ei tulnud. Asjad olid koos, k\u00f5ik h\u00e4sti, aga polnud ju harjumust sellisel varajasel ajal magama minna ja eks pisuke reisi\u00e4revus oli ehk samuti kallal. V\u00e4hemalt K-l. Tema jaoks oli see \u00fcks esimesi pisut pikemaid reise, kui v\u00e4lja arvata kruiis Stockholmi v\u00f5i m\u00f5ned p\u00e4evad minu s\u00f5branna juures Soomes k\u00fclas. Varajasel kellaajal s\u00f6\u00f6misele me aega ei p\u00fchendanud, panime riidesse ja marssisime oma kodinatega kell 4.40 \u00f5ue, kus ootas meid minu kolleeg autoga ja s\u00f5itsimegi kesklinna raamatukogu juurde, kuhu pidi tulema meie Tensi reiside buss. M\u00f5ne aja p\u00e4rast oli reisiseltskond bussis, kompsud bussi k\u00f5hus ja s\u00f5it Tallinnasse D &#8211; terminali v\u00f5is alata( kell 5.15). Sadamas \u00fchines meiega reisisaatja, saime k\u00e4tte oma piletid ning suundusime Tallinki laevale. Juhtus olema see k\u00f5ige uuem Tallinki laev Megastar, mis v\u00e4ljus kell 7.30. K- l oli muide perioodis 07.08 &#8211; 20.08 tervelt 6 levas\u00f5itu liinil Tallinn &#8211; Helsingi ja tagasi. Nii lihtsalt juhtus. Aga, s\u00f5it algas. Tegime tutvumistiiru laevas \u00e4ra ning etteplaneeritult v\u00f5tsime suuna hommikus\u00f6\u00f6gibuffeesse. Seal me oma j\u00e4rgmised 2 tundi \u00fcldiselt veetsimegi. S\u00f5ime, nautisime vaadet, vestlesime kahe reisikaaslasega ja j\u00e4lle s\u00f5ime. Helsingisse saabudes( 9.30) ronisime bussi ja algas s\u00f5it Turu suunas &#8211; 150 km. S\u00f5idu ajal r\u00e4\u00e4kis giid Soomest ja soomlastest, Ahvenamaast ja ahvenamaalastest, nende kultuurist, traditsioonidest, loodusest, ajaloost ja t\u00e4nap\u00e4evast. Kui kodus ma m\u00f5tlesin, et selle aja magan tagasi \u00f6ist puuduj\u00e4\u00e4ki, siis tegelikkuses ma hoopis kuulasin, sest giid r\u00e4\u00e4kis huvitavalt.<br \/>\nEnnel\u00f5unasel ajal saabusime Turu linna, kus oli planeeritud Turu raamatukogu k\u00fclastus ja vaba aeg jalutamiseks ning soovi korral l\u00f5unastamiseks.<\/p>\n<p><center><a href=\"\/pildid\/1448\/IMG_9672.jpg\"><img decoding=\"async\" src=\"\/pildid\/1448\/IMG_9672.jpg\" alt=\"Turu\" \/><\/a><br \/>\n<\/center><\/p>\n<p> Raamatukogus v\u00f5ttis meid vastu eestlanna Piret, kes on juba pikki aastaid Soomes elanud ja raamatukogut\u00f6\u00f6d teinud. Spetsiifikasse ma laskuma ei hakka, aga majatuur oli huvitav. Tore ju vaadata, kuidas kolleegid mujal elavad, mida teevad ja mis tingimustes t\u00f6\u00f6tavad. <\/p>\n<p><center><a href=\"\/pildid\/1448\/IMG_9651.jpg\"><img decoding=\"async\" src=\"\/pildid\/1448\/IMG_9651.jpg\" alt=\"Turu\" \/><\/a><br \/>\n<\/center><\/p>\n<p><center><a href=\"\/pildid\/1448\/IMG_9654.jpg\"><img decoding=\"async\" src=\"\/pildid\/1448\/IMG_9654.jpg\" alt=\"Turu\" \/><\/a><br \/>\n<\/center><\/p>\n<p><center><a href=\"\/pildid\/1448\/IMG_9656.jpg\"><img decoding=\"async\" src=\"\/pildid\/1448\/IMG_9656.jpg\" alt=\"Turu\" \/><\/a><br \/>\n<\/center><\/p>\n<p><center><a href=\"\/pildid\/1448\/IMG_9658.jpg\"><img decoding=\"async\" src=\"\/pildid\/1448\/IMG_9658.jpg\" alt=\"Turu\" \/><\/a><br \/>\n<\/center><\/p>\n<p><center><a href=\"\/pildid\/1448\/IMG_9659.jpg\"><img decoding=\"async\" src=\"\/pildid\/1448\/IMG_9659.jpg\" alt=\"Turu\" \/><\/a><br \/>\n<\/center><\/p>\n<p><center><a href=\"\/pildid\/1448\/IMG_9660.jpg\"><img decoding=\"async\" src=\"\/pildid\/1448\/IMG_9660.jpg\" alt=\"Turu\" \/><\/a><br \/>\n<\/center><\/p>\n<p><center><a href=\"\/pildid\/1448\/IMG_9662.jpg\"><img decoding=\"async\" src=\"\/pildid\/1448\/IMG_9662.jpg\" alt=\"Turu\" \/><\/a><br \/>\n<\/center><\/p>\n<p><center><a href=\"\/pildid\/1448\/IMG_9666.jpg\"><img decoding=\"async\" src=\"\/pildid\/1448\/IMG_9666.jpg\" alt=\"Turu\" \/><\/a><br \/>\n<\/center><\/p>\n<p><center><a href=\"\/pildid\/1448\/IMG_9667.jpg\"><img decoding=\"async\" src=\"\/pildid\/1448\/IMG_9667.jpg\" alt=\"Turu\" \/><\/a><br \/>\n<\/center><\/p>\n<p>Raamatukogus k\u00e4idud, l\u00e4ks iga\u00fcks sinna, kuhu soovis. Meie K-ga k\u00fclastasime Turu toomkirikut ja k\u00e4isime poest vett ostmas. Raamatukogus, oh imet, polnud \u00fchtegi veeautomaati ja oma veepudel oli bussis. Nautisime siis kaunist j\u00f5e\u00e4\u00e4rt ja toomkirikut \u00fcmbritsevat parki. Hommikune pikk s\u00f6\u00f6maaeg andis v\u00f5imaluse l\u00f5unas\u00f6\u00f6gist loobuda, sest k\u00f5ht ei olnudki t\u00fchi. Veest ja huvitavast lagritsaj\u00e4\u00e4tisest t\u00e4itsa piisas.<\/p>\n<p><center><a href=\"\/pildid\/1448\/IMG_9673.jpg\"><img decoding=\"async\" src=\"\/pildid\/1448\/IMG_9673.jpg\" alt=\"Turu\" \/><\/a><br \/>\n<\/center><\/p>\n<p><center><a href=\"\/pildid\/1448\/IMG_9676.jpg\"><img decoding=\"async\" src=\"\/pildid\/1448\/IMG_9676.jpg\" alt=\"Turu\" \/><\/a><br \/>\n<\/center><\/p>\n<p><center><a href=\"\/pildid\/1448\/IMG_9677.jpg\"><img decoding=\"async\" src=\"\/pildid\/1448\/IMG_9677.jpg\" alt=\"Turu\" \/><\/a><br \/>\n<\/center><\/p>\n<p><center><a href=\"\/pildid\/1448\/IMG_9678.jpg\"><img decoding=\"async\" src=\"\/pildid\/1448\/IMG_9678.jpg\" alt=\"Turu\" \/><\/a><br \/>\n<\/center><\/p>\n<p><center><a href=\"\/pildid\/1448\/IMG_9679.jpg\"><img decoding=\"async\" src=\"\/pildid\/1448\/IMG_9679.jpg\" alt=\"Turu\" \/><\/a><br \/>\n<\/center><\/p>\n<p><center><a href=\"\/pildid\/1448\/IMG_9681.jpg\"><img decoding=\"async\" src=\"\/pildid\/1448\/IMG_9681.jpg\" alt=\"Turu\" \/><\/a><br \/>\n<\/center><\/p>\n<p>K\u00f5ik rahvas bussis tagasi, algas kell 14.20 meie teekond Turu saarestikku, mis koosneb enam kui 20 000 saarest ja laiust. Peagi j\u00f5udsime Kustavisse, kust pidime v\u00e4ikese valge laevukesega tegema \u00fcles\u00f5idu Br\u00e4nd\u00f6 saarele.  <\/p>\n<p><center><a href=\"\/pildid\/1448\/IMG_9682.jpg\"><img decoding=\"async\" src=\"\/pildid\/1448\/IMG_9682.jpg\" alt=\"Turu\" \/><\/a><br \/>\n<\/center><\/p>\n<p><center><a href=\"\/pildid\/1448\/IMG_9684.jpg\"><img decoding=\"async\" src=\"\/pildid\/1448\/IMG_9684.jpg\" alt=\"Turu\" \/><\/a><br \/>\n<\/center><\/p>\n<p><center><a href=\"\/pildid\/1448\/IMG_9687.jpg\"><img decoding=\"async\" src=\"\/pildid\/1448\/IMG_9687.jpg\" alt=\"Turu\" \/><\/a><br \/>\n<\/center><\/p>\n<p>S\u00f5it kestis napilt 40 minutit ja peagi pidime Muki k\u00f5hust v\u00e4lja ronima. S\u00f5itsime l\u00e4bi Br\u00e4nd\u00f6 valla, mis koosneb omavahel teetammide ja sildadega \u00fchendatud saarekestest. Siin seal vilksatamas majakesed, metsatukad, kaljunukid, lahesopid. Mere l\u00e4hedus oli seal ikka v\u00e4ga tuntav ja puhuti viis tee otse \u00fcle avara veev\u00e4lja. K-le oli see eriti huvitav ja vaimustust tekitav ja mina vaatasin k\u00f5ike pisukese nostalgiaga, sest minu armastus p\u00f5hjamaade vastu sai alguse tegelikult Norrast, kus ma olen p\u00e4ris palju k\u00e4inud. Norrat ja Ahvenamaad on n\u00fc\u00fcd v\u00f5rrelda muidugi pisut vale, sest Norra lihtsalt on nii \u00fclimalt \u00e4ge ja ilus maa, kuid Ahvenamaad k\u00fclastades saab piiiisikese aimduse, milline veel Norra v\u00f5iks olla :) ja t\u00f5epoolest, ka Ahvenamaa on v\u00e4ga, v\u00e4ga ilus. Teistmoodi ilus.<\/p>\n<p><center><a href=\"\/pildid\/1448\/IMG_9691.jpg\"><img decoding=\"async\" src=\"\/pildid\/1448\/IMG_9691.jpg\" alt=\"Turu\" \/><\/a><br \/>\n<\/center><\/p>\n<p><center><a href=\"\/pildid\/1448\/IMG_9693.jpg\"><img decoding=\"async\" src=\"\/pildid\/1448\/IMG_9693.jpg\" alt=\"Turu\" \/><\/a><br \/>\n<\/center><\/p>\n<p><center><a href=\"\/pildid\/1448\/IMG_9694.jpg\"><img decoding=\"async\" src=\"\/pildid\/1448\/IMG_9694.jpg\" alt=\"Turu\" \/><\/a><br \/>\n<\/center><\/p>\n<p>H\u00e4sti pisut s\u00f5itmist ja \u00f5htuks olime j\u00f5udnud Br\u00e4nd\u00f6 saare Gullivani ehk Nurmenuku hotelli.<\/p>\n<p><center><a href=\"\/pildid\/1448\/IMG_9699.jpg\"><img decoding=\"async\" src=\"\/pildid\/1448\/IMG_9699.jpg\" alt=\"Turu\" \/><\/a><br \/>\n<\/center><\/p>\n<p><center><a href=\"\/pildid\/1448\/IMG_9761.jpg\"><img decoding=\"async\" src=\"\/pildid\/1448\/IMG_9761.jpg\" alt=\"Turu\" \/><\/a><br \/>\n<\/center><\/p>\n<p> Saime k\u00f5ik oma toad k\u00e4tte ja varsti s\u00e4ttisime ennast rannamajakese k\u00f5rvale piknikule. Kiirelt sai valmis v\u00e4rske salat, vorstikesed grillile ja mekkimiseks oli toodud kohalikku toodangut. <\/p>\n<p><center><a href=\"\/pildid\/1448\/IMG_9698.jpg\"><img decoding=\"async\" src=\"\/pildid\/1448\/IMG_9698.jpg\" alt=\"Turu\" \/><\/a><br \/>\n<\/center><\/p>\n<p><center><a href=\"\/pildid\/1448\/IMG_9701.jpg\"><img decoding=\"async\" src=\"\/pildid\/1448\/IMG_9701.jpg\" alt=\"Turu\" \/><\/a><br \/>\n<\/center><\/p>\n<p><center><a href=\"\/pildid\/1448\/IMG_9703.jpg\"><img decoding=\"async\" src=\"\/pildid\/1448\/IMG_9703.jpg\" alt=\"Turu\" \/><\/a><br \/>\n<\/center><\/p>\n<p>Minumeelest oli vesi ikka t\u00e4itsa k\u00fclm, aga lapsed k\u00e4isid ujumas :)<\/p>\n<p><center><a href=\"\/pildid\/1448\/IMG_9713-2.jpg\"><img decoding=\"async\" src=\"\/pildid\/1448\/IMG_9713-2.jpg\" alt=\"Turu\" \/><\/a><br \/>\n<\/center><\/p>\n<p><center><a href=\"\/pildid\/1448\/IMG_9714.jpg\"><img decoding=\"async\" src=\"\/pildid\/1448\/IMG_9714.jpg\" alt=\"Turu\" \/><\/a><br \/>\n<\/center><\/p>\n<p><center><a href=\"\/pildid\/1448\/IMG_9731.jpg\"><img decoding=\"async\" src=\"\/pildid\/1448\/IMG_9731.jpg\" alt=\"Turu\" \/><\/a><br \/>\n<\/center><\/p>\n<p>Peale pikka reisip\u00e4eva oli m\u00f5nus l\u00f5\u00f5gastuda, veeta aega toredate kolleegidega, nautida kauneid vaateid, s\u00fc\u00fca k\u00f5ht t\u00e4is ja v\u00f5tta ette jalutusk\u00e4ike l\u00e4hi\u00fcmbrusesse, kuni hakkas h\u00e4marduma ja oli aeg tubadesse minna.<\/p>\n<p><center><a href=\"\/pildid\/1448\/IMG_9735-2.jpg\"><img decoding=\"async\" src=\"\/pildid\/1448\/IMG_9735-2.jpg\" alt=\"Turu\" \/><\/a><br \/>\n<\/center><\/p>\n<p><center><a href=\"\/pildid\/1448\/IMG_9739-2.jpg\"><img decoding=\"async\" src=\"\/pildid\/1448\/IMG_9739-2.jpg\" alt=\"Turu\" \/><\/a><br \/>\n<\/center><\/p>\n<p><center><a href=\"\/pildid\/1448\/IMG_9746-2.jpg\"><img decoding=\"async\" src=\"\/pildid\/1448\/IMG_9746-2.jpg\" alt=\"Turu\" \/><\/a><br \/>\n<\/center><\/p>\n<p><center><a href=\"\/pildid\/1448\/IMG_9752.jpg\"><img decoding=\"async\" src=\"\/pildid\/1448\/IMG_9752.jpg\" alt=\"Turu\" \/><\/a><br \/>\n<\/center><\/p>\n<p>K- maandus l\u00f5puks suurele kivile ja hakkas joonistama. Mis seal imestada. Kaunis loodus inspireerib.<\/p>\n<p><center><a href=\"\/pildid\/1448\/IMG_9759.jpg\"><img decoding=\"async\" src=\"\/pildid\/1448\/IMG_9759.jpg\" alt=\"Turu\" \/><\/a><br \/>\n<\/center><\/p>\n<p> Hommikune \u00e4ratus oli bussireisile kohaselt vara, seega poole \u00f6\u00f6ni polnud m\u00f5tet konutada. Kiiresti pessu ja tuttu, et hommikul olla puhanud, v\u00e4rske ja valmis uuteks elamusteks. Nii j\u00f5udis esimene p\u00e4ev \u00f5htusse. <\/p>\n<p>J\u00e4rgmisest p\u00e4evast j\u00e4rgmises postituses. <\/p>\n","protected":false},"excerpt":{"rendered":"<p>Jah, pool aastat hiljem hakkasin ma m\u00f5tlema sellele, et peaks siiski panema ajaloo tarbeks kirja m\u00f6\u00f6dundsuvise reisi muljed. Eks nad ole n\u00fc\u00fcd juba ajapikku h\u00e4gusemaks muutunud, aga samas ehk ka objektiivsemaks ning miks mitte nad siis kirja panna. Seda enam, &hellip; <a href=\"https:\/\/www.kaldkriips.ee\/?p=7307\">J\u00e4tka lugemist <span class=\"meta-nav\">&rarr;<\/span><\/a><\/p>\n","protected":false},"author":1,"featured_media":0,"comment_status":"open","ping_status":"open","sticky":false,"template":"","format":"standard","meta":{"footnotes":""},"categories":[38,37,5],"tags":[],"class_list":["post-7307","post","type-post","status-publish","format-standard","hentry","category-ehk-reisikirjad","category-meie-kirjumirju-maailm","category-mina-ise-ja-muud-loomad"],"_links":{"self":[{"href":"https:\/\/www.kaldkriips.ee\/index.php?rest_route=\/wp\/v2\/posts\/7307"}],"collection":[{"href":"https:\/\/www.kaldkriips.ee\/index.php?rest_route=\/wp\/v2\/posts"}],"about":[{"href":"https:\/\/www.kaldkriips.ee\/index.php?rest_route=\/wp\/v2\/types\/post"}],"author":[{"embeddable":true,"href":"https:\/\/www.kaldkriips.ee\/index.php?rest_route=\/wp\/v2\/users\/1"}],"replies":[{"embeddable":true,"href":"https:\/\/www.kaldkriips.ee\/index.php?rest_route=%2Fwp%2Fv2%2Fcomments&post=7307"}],"version-history":[{"count":21,"href":"https:\/\/www.kaldkriips.ee\/index.php?rest_route=\/wp\/v2\/posts\/7307\/revisions"}],"predecessor-version":[{"id":7328,"href":"https:\/\/www.kaldkriips.ee\/index.php?rest_route=\/wp\/v2\/posts\/7307\/revisions\/7328"}],"wp:attachment":[{"href":"https:\/\/www.kaldkriips.ee\/index.php?rest_route=%2Fwp%2Fv2%2Fmedia&parent=7307"}],"wp:term":[{"taxonomy":"category","embeddable":true,"href":"https:\/\/www.kaldkriips.ee\/index.php?rest_route=%2Fwp%2Fv2%2Fcategories&post=7307"},{"taxonomy":"post_tag","embeddable":true,"href":"https:\/\/www.kaldkriips.ee\/index.php?rest_route=%2Fwp%2Fv2%2Ftags&post=7307"}],"curies":[{"name":"wp","href":"https:\/\/api.w.org\/{rel}","templated":true}]}}