{"id":7154,"date":"2017-12-30T17:42:43","date_gmt":"2017-12-30T15:42:43","guid":{"rendered":"http:\/\/www.kaldkriips.ee\/?p=7154"},"modified":"2017-12-30T18:06:13","modified_gmt":"2017-12-30T16:06:13","slug":"tana-30-detsember","status":"publish","type":"post","link":"https:\/\/www.kaldkriips.ee\/?p=7154","title":{"rendered":"T\u00e4na, 30.detsember"},"content":{"rendered":"<p>Aasta eelviimane p\u00e4ev. Minul oli tegelikult t\u00e4na isegi veel t\u00f6\u00f6p\u00e4ev. Reaalsus on see, et nagu n\u00e4ha, postitusi pole olnud aega kirjutada. Mis seal ikka imestada, detsember on olnud alati v\u00e4ga aktiivne kuu ja sel ajal on teha absoluutselt k\u00f5ike muud, kui blogida. Sellega tuleb lihtsalt oodata, kuni j\u00e4lle mahti saab. T\u00e4na ma selle hetke lihtsalt v\u00f5tsin. Ikka selleks, et aasta pisikestviisi kokku v\u00f5tta. M\u00f5tiskleda selle \u00fcle, mis tehtud ja mis tundega saab sulgeda j\u00e4rjekordse &#8220;aastaraamatu&#8221;.<br \/>\nKui v\u00f5tta p\u00e4ris l\u00fchidalt aasta kokku, siis v\u00f5in rahulikult \u00f6elda, et oli \u00fcks suurep\u00e4rane ja tore aasta. Igas m\u00f5ttes. K\u00f5ik armsad olid terved ja tegusad, palju sai tehtud ja ka selliseid asju, millest ammu unistatud.<br \/>\nMis siis meenub sellest aastast? H\u00e4sti palju toredaid tegemisi, \u00e4gedaid ettev\u00f5tmisi, lahedaid inimesi, kauneid elamusi, soojust, headust ja oh imet &#8211; see, et on tehtud ka palju, palju t\u00f6\u00f6d&#8230;see v\u00e4ga ei meenugi :) V\u00e4hemalt mitte esimesena. Ja loomulikult on aasta l\u00f5pus olnud j\u00f5ulud. Toredad pikad p\u00fchad.<\/p>\n<p><center><a href=\"\/pildid\/1432\/IMG_4302.jpg\"><img decoding=\"async\" src=\"\/pildid\/1432\/IMG_4302.jpg\" alt=\"aastal\u00f5pp\" \/><\/a><\/center> <\/p>\n<p><center><a href=\"\/pildid\/1432\/IMG_4040.jpg\"><img decoding=\"async\" src=\"\/pildid\/1432\/IMG_4040.jpg\" alt=\"aastal\u00f5pp\" \/><\/a><\/center> <\/p>\n<p> K\u00f5ik meie pereliikmed on saanud nagu ikka, aasta vanemaks. Pojad on mul \u00f5ige naksid&#8230;.ehk siis juba suured mehed, aga K sai 11 ja pisikesed tipsid said vastavalt 2 ja 4. V\u00e4gagi arvestatavad preilid, kellel on oma n\u00e4gemus maailmaasjadest ja kellega saab koos juba igasuguseid asju ette v\u00f5tta. Lapsed &#8211; suured ja v\u00e4ikesed &#8211; on minu elu suurimad r\u00f5\u00f5muallikad.<br \/>\nK l\u00e4ks sel aastal neljandasse klassi ja meie koolis siis \u00fchtlasi algas sellega p\u00f5hikool. Said endale uue ja v\u00e4ga toreda klassijuhataja, kelle \u00fcle on nii lastel kui vanematel siiralt hea meel. V\u00e4ikesed piigad k\u00e4ivad m\u00f5lemad lasteaias ja v\u00f5tavad usinalt k\u00f5igest osa, mida seal tehakse. V\u00f5imalusel laseme neil lasteaiast puhata, et seda kollektiivset nohukorjamist ikka v\u00e4hem oleks. See t\u00e4hendab seda, et \u00fcle n\u00e4dala minu vabal esmasp\u00e4eval on nad p\u00fchap\u00e4eva \u00f5htust esmasp\u00e4eva \u00f5htuni meil ja see on tore. <\/p>\n<p><center><a href=\"\/pildid\/1432\/IMG_3749-3.jpg\"><img decoding=\"async\" src=\"\/pildid\/1432\/IMG_3749-3.jpg\" alt=\"aastal\u00f5pp\" \/><\/a><\/center> <\/p>\n<p><center><a href=\"\/pildid\/1432\/IMG_3756-3.jpg\"><img decoding=\"async\" src=\"\/pildid\/1432\/IMG_3756-3.jpg\" alt=\"aastal\u00f5pp\" \/><\/a><\/center> <\/p>\n<p><center><a href=\"\/pildid\/1432\/IMG_3744-3.jpg\"><img decoding=\"async\" src=\"\/pildid\/1432\/IMG_3744-3.jpg\" alt=\"aastal\u00f5pp\" \/><\/a><\/center> <\/p>\n<p>Aasta jooksul oleme kuulanud suurep\u00e4raseid kontserte ja vaadanud v\u00e4ga h\u00e4id etendusi. Seda joont j\u00e4tkame kindlasti ka uuel aastal. On ikka tore, kui j\u00e4tkub kaunite kunstidega tegelevaid inimesi. Veel toredam, et nad r\u00f5\u00f5mustavad sellega  v\u00e4ga paljusid inimesi. Me t\u00f5epoolest naudime v\u00e4ga muusikat, lavakunsti ja kujutavat kunsti. <\/p>\n<p><center><a href=\"\/pildid\/1432\/IMG_4324-2.jpg\"><img decoding=\"async\" src=\"\/pildid\/1432\/IMG_4324-2.jpg\" alt=\"aastal\u00f5pp\" \/><\/a><\/center> <\/p>\n<p><center><a href=\"\/pildid\/1432\/IMG_4332-2.jpg\"><img decoding=\"async\" src=\"\/pildid\/1432\/IMG_4332-2.jpg\" alt=\"aastal\u00f5pp\" \/><\/a><\/center> <\/p>\n<p><center><a href=\"\/pildid\/1432\/IMG_4343-2.jpg\"><img decoding=\"async\" src=\"\/pildid\/1432\/IMG_4343-2.jpg\" alt=\"aastal\u00f5pp\" \/><\/a><\/center> <\/p>\n<p>Suvel oli meil laulupidu, nagu igal suvel. Jah, j\u00e4in \u00fcks p\u00e4ev m\u00f5tlema, et&#8230;ega sellist laulupeota suve polegi meil ammu olnud. Kui pole laste ja noorte laulupidu, siis on \u00fcldlaulupidu ja kui pole \u00fcldlaulupidu, siis on maakonnalaulupidu. Tantsupeod muidugi samal ajal ka, aga meie oleme aktiivsed lauluinimesed ja tantsimistele v\u00e4ga ei kipu j\u00f5udma.<br \/>\nKaks korda aastas on meie kavas laulustuudio kontsertpeod ja muusikakooli kontserdid, kus K aktiivselt osaleb ja mina siis koos teiste emadega elan lavalolijatele kaasa ja r\u00f5\u00f5mustan, et lapsel on sisemine soov tegeleda muusikaga ja jagada seda r\u00f5\u00f5mu kuulajatega.<\/p>\n<p><center><a href=\"\/pildid\/1432\/IMG_4399.jpg\"><img decoding=\"async\" src=\"\/pildid\/1432\/IMG_4399.jpg\" alt=\"aastal\u00f5pp\" \/><\/a><\/center>  <\/p>\n<p><center><a href=\"\/pildid\/1432\/IMG_4144-2.jpg\"><img decoding=\"async\" src=\"\/pildid\/1432\/IMG_4144-2.jpg\" alt=\"aastal\u00f5pp\" \/><\/a><\/center> <\/p>\n<p><center><a href=\"\/pildid\/1432\/IMG_3309-2.jpg\"><img decoding=\"async\" src=\"\/pildid\/1432\/IMG_3309-2.jpg\" alt=\"aastal\u00f5pp\" \/><\/a><\/center> <\/p>\n<p><center><a href=\"\/pildid\/1432\/IMG_4074-2.jpg\"><img decoding=\"async\" src=\"\/pildid\/1432\/IMG_4074-2.jpg\" alt=\"aastal\u00f5pp\" \/><\/a><\/center> <\/p>\n<p>Nii, k\u00e4sit\u00f6\u00f6! See on n\u00fc\u00fcd tegevus, mis on p\u00f5imunud minu ellu koos saba ja sarvedega. Aasta jooksul olen valmis teinud k\u00f5vasti lapipatju, muidupadjakatteid, r\u00f5ivaid, sekka pulmakleite, tipi-<br \/>\ntelke, igasuguseid muid tooteid ja hulgaliselt kaarte &#8211; karpe. \u00dcllatus, \u00fcllatus &#8211; ka oma perele olen j\u00f5udnud \u00fchte ja teist \u00f5mmelda. Jopesid, p\u00fckse, pluuse, kleite, \u00f6\u00f6s\u00e4rke&#8230;. Nendestki m\u00f5nes teises postituses.<br \/>\nSee aasta on olnud meil t\u00f5eline smuutide ja koduse j\u00e4\u00e4tise aasta. Avastasime enda jaoks veel <a href=\"https:\/\/www.facebook.com\/boostyoursmoothie\/?ref=br_rs\">&#8220;Boost yourself&#8221;<\/a> smuutisegud ja oi kui palju erinevaid, kasulikke, maitsvaid, tervislikke ja toitvaid smuutisid saab sedasi teha. Selle aastaga imbusid meie koju ka v\u00e4rsked viljad otse Ugandast. T\u00f5eliselt hea on vahest s\u00fc\u00fca korralikke avokaadosid v\u00f5i mangosid.<br \/>\nMeie lumevaestele talvedele vaatamata \u00f5nnestus sel aastal tervelt 2 korda kelgutada :D Tundub, et kliimasoojenemisega seoses on talver\u00f5\u00f5mud muutunud s\u00fcndmuseks.<br \/>\nLooduses k\u00e4ia meile meeldib ja kui me pole uitamas just meie maja tagant algavatel terviseradadel, siis v\u00f5tame ette k\u00e4ike rabadesse v\u00f5i tont teab kuhu. Kohe l\u00f5ppeval aastal oleme me k\u00e4inud rabades k\u00f5ikidel aastaaegadel ja vahest niisama s\u00f5pradega ning teinekord j\u00e4lle hoopis kedagi pildistamas. Isegi r\u00e4\u00e4tsamatkal k\u00e4isime \u00e4ra. See kuulub selle aasta &#8211; tegin esimest korda &#8211; rubriiki.<br \/>\nEsimest korda kasutasin ma sel aastal ka Annie Solan v\u00e4rve. K\u00e4isin lausa koolitusel ja mulle need v\u00e4rvid kohe t\u00e4itsa meeldivad. Ajapikku olen kodus nendega \u00fchte ja teist \u00e4ra v\u00e4rvinud ja plaane on veel teisigi.<br \/>\nTeleviisorit me \u00fcldiselt ei vaadanud peaaegu \u00fcldse juba aastaid. Sel aastal j\u00f5udsime selleni, et televiisorit pole meil enam isegi toas olemas. No ega meil teda klassikalises m\u00f5ttes f\u00fc\u00fcsiliselt ei olnudki. Oli hoopis \u00fcks kuvar, kuhu tuli sisse telekapilt. N\u00fc\u00fcd pole \u00fcldse. Peale remonti K lihtsalt \u00fctles, et kuule, \u00e4rme teda siia \u00fcldse enam pane, ei sobi kuidagi :D Ja n\u00fc\u00fcd nii ongi. Kui vahest midagi V\u00c4GA tahame vaadata, siis saab ju ometi arvutist j\u00e4relvaadata ka. Praegu n\u00e4iteks vaatame vahest j\u00e4rgi pagarisaadet, sest s\u00f5ber Patrik osaleb seal ja omadele on ju ometi vaja kaasa elada. Patrik on K s\u00f5branna vend ja  \u00fcberandekas kutt. Vahest, kui tahame head filmi vaadata, siis vaatame arvutist v\u00f5i siis l\u00e4heme linna kinno. Viimati k\u00e4isime vaatamas filmi <a href=\"https:\/\/www.youtube.com\/watch?v=ngiK1gQKgK8\">&#8221; V\u00e4ike ime&#8221; <\/a>, mis on t\u00f5eliselt hea film ja raamat, mille j\u00e4rgi see tehtud on, kannab pealkirja &#8220;Ime&#8221;. Autoriks Palacio R. J. V\u00e4ga hea raamat on. Ah jaa. Lugenud oleme me sel aastal v\u00e4ga palju. K sai taaskord parimate lugejate hulka koolis ja mina loen niikuinii igal vabal ja mittevabal hetkel. No n\u00e4iteks rongis s\u00f5ites, K-d oodates kuskil v\u00f5i siis uneajast. Eile \u00f6\u00f6sel l\u00f5petasin v\u00e4rske Astrid Lindgreni elulooraamatu. V\u00e4ga hea lugemine oli.<br \/>\nP\u00e4ris kindlasti olen ma sel aastal, nagu ikka, v\u00e4ga palju pildistanud. Oli beebisid, pulmi, s\u00fcnnip\u00e4evi, \u00fcritusi, peresid, lapsi, beebiootusi ja mida k\u00f5ike veel. \u00c4ge! Mulle v\u00e4ga meeldib pildistada. Pildistamisega seotult olen sel aastal teinud ka koolitusi. Nii fotograafiaalaseid kui ka fotomeigi teemal. Mis peamine &#8211; teisi koolitades alati \u00f5pid midagi ka ise v\u00f5i kordad vanad teadmised \u00fcle. Fotondusega seotuna terendab uuel aastal \u00fcks huvitav projekt, millest veel vara r\u00e4\u00e4kida. Planeerime, kavandame, arutame. T\u00f5otab tulle p\u00f5nev tiimit\u00f6\u00f6.<br \/>\nLisaks k\u00f5igele oleme j\u00f5udnud parasjagu palju ringi tuuseldada. P\u00f5hja &#8211; Eesti tripp, Haapsalu pitsip\u00e4ev, merep\u00e4evad, loomaaed, vaba\u00f5humuuseum, Viimsi vaba\u00f5humuuseum ja rannarahva laat, ERM, Rahvusarhiiv, AHHAA, laulasmaa SPA, Linnam\u00e4ki l\u00f5bustuspark Helsingis, Ahvenamaa&#8230;..ja mis k\u00f5ik veel. Linnam\u00e4ki k\u00e4ik oli h\u00e4sti vahva, sest sinna \u00f5nnestus mul minna koos k\u00f5igi laste ja lapselastega. See on parasjagu keeruline orgunn, et k\u00f5igile sobiks sama aeg. Aga&#8230;\u00e4ra tegime ja lahe oli! Ahvenamaaa&#8230;sellest ma \u00fcks p\u00e4ev kindlasti kirjutan, kuigi reis toimus juba augustis.<\/p>\n<p><center><a href=\"\/pildid\/1432\/IMG_9774-2.jpg\"><img decoding=\"async\" src=\"\/pildid\/1432\/IMG_9774-2.jpg\" alt=\"aastal\u00f5pp\" \/><\/a><\/center> <\/p>\n<p>Veel m\u00f5ned t\u00e4hts\u00fcndmused.<br \/>\nMeie Mannu l\u00f5petas g\u00fcmnaasiumi ja n\u00fc\u00fcd on ta juba \u00fcli\u00f5pilane. Igasugused verstapostid on alati t\u00e4htsad!<\/p>\n<p><center><a href=\"\/pildid\/1432\/IMG_6984-2.jpg\"><img decoding=\"async\" src=\"\/pildid\/1432\/IMG_6984-2.jpg\" alt=\"aastal\u00f5pp\" \/><\/a><\/center> <\/p>\n<p>Ja&#8230;.remont!!! L\u00f5puks ometi j\u00f5udsin ma oma suure unistuse teostamiseni. Erinevatel p\u00f5hjustel on selle alustamine v\u00f5tnud v\u00e4ga palju aega, aga n\u00fc\u00fcd on ots lahti tehtud ja asjad edenevad. Oma magamistoa tegelikult remontisin \u00e4ra juba varem. Sellega on ok. Poja toas, mis t\u00e4idab meil enamasti t\u00f6\u00f6toa v\u00f5i k\u00fclalistetoa funktsiooni on k\u00f5ik ok. Kui ma just ei otsusta mingi p\u00e4ev seinad teist v\u00e4rvi v\u00e4rvida. K tuba l\u00e4heb remonti viimasena, sest sellel pole midagi otseselt h\u00e4da, lihtsalt on aeg v\u00e4rskendada. Selle aasta remondi tipps\u00fcndmus oli elutoa remont, mis on edukalt l\u00f5petatud. Puudu on veel \u00fcks siin lae alla, kuhu saaks riputada pilte, sest ma ei raatsi seintesse auke puurida. M\u00f6\u00f6blit v\u00f5iks vahetada, aga sellega ei p\u00f5le. Uuel aastal esimesel v\u00f5imalusel l\u00e4hevad remonti esik ja k\u00f6\u00f6k. Osaline tapeet on juba olemas, v\u00e4rvid ka. P\u00f5randaplaadid samuti. K\u00f6\u00f6ki sai L\u00d5PUKS pr\u00fcgi\u0161ahtile korrektne luuk! Selle eest ait\u00e4h minu vanimale pojale. Korralikust, k\u00fclmapidavast luugist oleme me v\u00e4ga kaua puudust tundnud. \u00dches\u00f5naga k\u00f5ik asjad edenevad!<br \/>\n\u00dcks v\u00e4ga lahe unistus on veel t\u00e4itumas, aga see on pooleli t\u00e4itumisel ja sellest r\u00e4\u00e4gin \u00fckskord j\u00e4rgmisel aastal :)<br \/>\nVahetult enne j\u00f5ule j\u00f5udsime veel k\u00e4ia meie traditsioonilisel detsembri Helsingituuril. Sellestki teen l\u00e4hiajal eraldi postituse. <\/p>\n<p><center><a href=\"\/pildid\/1432\/IMG_4714.jpg\"><img decoding=\"async\" src=\"\/pildid\/1432\/IMG_4714.jpg\" alt=\"aastal\u00f5pp\" \/><\/a><\/center> <\/p>\n<p>Selline ta laias laastus oli &#8211; meie v\u00e4ga hea aasta. Ait\u00e4h k\u00f5ikidele l\u00e4hedastele, s\u00f5pradele ja tuttavatele, et selle koos meiega ilusaks ja s\u00e4ravaks elasite!<\/p>\n","protected":false},"excerpt":{"rendered":"<p>Aasta eelviimane p\u00e4ev. Minul oli tegelikult t\u00e4na isegi veel t\u00f6\u00f6p\u00e4ev. Reaalsus on see, et nagu n\u00e4ha, postitusi pole olnud aega kirjutada. Mis seal ikka imestada, detsember on olnud alati v\u00e4ga aktiivne kuu ja sel ajal on teha absoluutselt k\u00f5ike muud, &hellip; <a href=\"https:\/\/www.kaldkriips.ee\/?p=7154\">J\u00e4tka lugemist <span class=\"meta-nav\">&rarr;<\/span><\/a><\/p>\n","protected":false},"author":1,"featured_media":0,"comment_status":"open","ping_status":"open","sticky":false,"template":"","format":"standard","meta":{"footnotes":""},"categories":[5],"tags":[],"class_list":["post-7154","post","type-post","status-publish","format-standard","hentry","category-mina-ise-ja-muud-loomad"],"_links":{"self":[{"href":"https:\/\/www.kaldkriips.ee\/index.php?rest_route=\/wp\/v2\/posts\/7154"}],"collection":[{"href":"https:\/\/www.kaldkriips.ee\/index.php?rest_route=\/wp\/v2\/posts"}],"about":[{"href":"https:\/\/www.kaldkriips.ee\/index.php?rest_route=\/wp\/v2\/types\/post"}],"author":[{"embeddable":true,"href":"https:\/\/www.kaldkriips.ee\/index.php?rest_route=\/wp\/v2\/users\/1"}],"replies":[{"embeddable":true,"href":"https:\/\/www.kaldkriips.ee\/index.php?rest_route=%2Fwp%2Fv2%2Fcomments&post=7154"}],"version-history":[{"count":21,"href":"https:\/\/www.kaldkriips.ee\/index.php?rest_route=\/wp\/v2\/posts\/7154\/revisions"}],"predecessor-version":[{"id":7177,"href":"https:\/\/www.kaldkriips.ee\/index.php?rest_route=\/wp\/v2\/posts\/7154\/revisions\/7177"}],"wp:attachment":[{"href":"https:\/\/www.kaldkriips.ee\/index.php?rest_route=%2Fwp%2Fv2%2Fmedia&parent=7154"}],"wp:term":[{"taxonomy":"category","embeddable":true,"href":"https:\/\/www.kaldkriips.ee\/index.php?rest_route=%2Fwp%2Fv2%2Fcategories&post=7154"},{"taxonomy":"post_tag","embeddable":true,"href":"https:\/\/www.kaldkriips.ee\/index.php?rest_route=%2Fwp%2Fv2%2Ftags&post=7154"}],"curies":[{"name":"wp","href":"https:\/\/api.w.org\/{rel}","templated":true}]}}