{"id":7126,"date":"2017-11-26T19:41:55","date_gmt":"2017-11-26T17:41:55","guid":{"rendered":"http:\/\/www.kaldkriips.ee\/?p=7126"},"modified":"2017-11-26T19:53:35","modified_gmt":"2017-11-26T17:53:35","slug":"pildikaustu-sorteerides","status":"publish","type":"post","link":"https:\/\/www.kaldkriips.ee\/?p=7126","title":{"rendered":"Pildikaustu sorteerides"},"content":{"rendered":"<p>Mul juhtus vahepeal see, mis juhtub ilmselt iga inimesega, kes tegeleb fotograafiaga. Kl\u00f5psates oma arvutis s\u00f5nale Computer, avanes mitte v\u00e4ga r\u00f5\u00f5mustav pilt. V\u00e4list ketast t\u00e4histas punane triip. C ketas punane&#8230;.oh jah, aeg &#8221; koristamiseks&#8221; k\u00e4es. J\u00e4lle! Kuidagi liiga sageli juba. Kas ma siis pildistan palju v\u00f5i koristan v\u00e4he. Kes seda t\u00e4pselt teab. \u00dches\u00f5naga hakkasin sorteerima. Mida alles hoida, mida v\u00f5ib juba pr\u00fcgikasti saata. Koristustegevuse k\u00e4igus j\u00e4id silma \u00fched pildid, mis tehtud tegelikult juba peagi l\u00f5ppeva aasta kevadel.<br \/>\nNiisiis teengi sellest toredast ajaj\u00e4rgust \u00fche postituse kohe ruttu \u00e4ra, enne kui suur j\u00f5ulueelne kiire mind endasse neelab.<br \/>\nEelmisel s\u00fcgisel oli selline lugu, et mind kutsuti tegema algajate fotokoolitust. S\u00fcgasin kukalt ja andsin n\u00f5usoleku, et kevadel, kui \u00f5ues juba ilmad viisakamad, olen n\u00f5us koolitust l\u00e4bi viima. Nii ma siis k\u00e4isin mitmel p\u00fchap\u00e4eval \u00f5petamas inimestele seda, mida ise armastan ja oskan. Vahepealne aeg kulus \u00f5ppematerjali koostamisele, sest koolitada teisi on hea nii, et ise esmalt asjad paberil enda jaoks lahti kirjutad. Kirjutasin, m\u00f5tlesin, joonistasin skeeme, uurisin tarkade inimeste raamatuid. No paras ports t\u00f6\u00f6d oli, aga mis eriti hea, siis see, et koolitust ette valmistades saad ise p\u00e4ris kindlasti targemaks. Kordad \u00fcle vanad ja teada tuntud t\u00f5ed, uurid j\u00e4rgi asjad, mida ise vaistlikult tead, aga s\u00f5nastada pole osanud. No ja kui materjal endale kokku pandud, on hea tugev tunne \u00f5petada teisi. Planeerisin nii teoreetilist osa kui praktilist ning iga tunni l\u00f5pus andsin v\u00e4ikesed kodused \u00fclesanded, mida siis j\u00e4rgmisel tunnil kenasti koos anal\u00fc\u00fcsisime. Koolitus sai tore ja \u00f5pilased olid usinad ning huvitatud \u00f5ppimisest. Iga\u00fcks vastavalt oma v\u00f5imalustele ja ootustele. K\u00f5ige rohkem on mul hea meel selle \u00fcle, et v\u00e4iksemates kohtades leidub inimesi, kes viitsivad kirjutada projekte, et korraldada inimestele kursuseid. V\u00e4ga palju on ju neid inimesi, kes ei saa s\u00f5ita ennast koolitama Tallinna v\u00f5i Tartusse. Mina olin omakorda t\u00e4nulik sellele toredale ja kirjule kambale, kes minu koolitustel k\u00e4isid, sest l\u00e4bi teiste koolitamise \u00f5pib alati ka ise ning boonusena leiab uusi samade huvidega s\u00f5pru.<br \/>\nSellest vahvast perioodist j\u00e4id mulle meenutuseks m\u00f5ned pildid, mis \u00f5nnestus \u00f5petamise ja juhendamise vahele kl\u00f5psata :)<\/p>\n<p><center><a href=\"\/pildid\/1431\/IMG_2652.jpg\"><img decoding=\"async\" src=\"\/pildid\/1431\/IMG_2652.jpg\" alt=\"koolitus\" \/><\/a><\/center><br \/>\n<center><a href=\"\/pildid\/1431\/IMG_2638.jpg\"><img decoding=\"async\" src=\"\/pildid\/1431\/IMG_2638.jpg\" alt=\"koolitus\" \/><\/a><\/center> <\/p>\n<p>Ka p\u00e4ris pisikese fotoka omanikul on alati midagi \u00f5ppida :) ja praktilised t\u00f6\u00f6d said k\u00f5ik kenasti tehtud. <\/p>\n<p><center><a href=\"\/pildid\/1431\/IMG_2651.jpg\"><img decoding=\"async\" src=\"\/pildid\/1431\/IMG_2651.jpg\" alt=\"koolitus\" \/><\/a><\/center> <\/p>\n<p>Vaatamata \u00fclijahedale ilmale, olid k\u00f5ik r\u00f5\u00f5msad!<\/p>\n<p><center><a href=\"\/pildid\/1431\/IMG_2653.jpg\"><img decoding=\"async\" src=\"\/pildid\/1431\/IMG_2653.jpg\" alt=\"koolitus\" \/><\/a><\/center> <\/p>\n<p>Vahest ajas parameetritest arusaamine kulmugi kortsutama&#8230;<\/p>\n<p><center><a href=\"\/pildid\/1431\/IMG_2655.jpg\"><img decoding=\"async\" src=\"\/pildid\/1431\/IMG_2655.jpg\" alt=\"koolitus\" \/><\/a><\/center> <\/p>\n<p>Teolt tabatud \u00f5pilane :) <\/p>\n<p><center><a href=\"\/pildid\/1431\/IMG_2656.jpg\"><img decoding=\"async\" src=\"\/pildid\/1431\/IMG_2656.jpg\" alt=\"koolitus\" \/><\/a><\/center>  <\/p>\n<p>K\u00f5ikidel tuli vahelduseks modelli rollis olla, et kaaskursuselased saaksid harjutada pildistamist ning modelli juhendamist ja modell omakorda poseerimist<\/p>\n<p><center><a href=\"\/pildid\/1431\/IMG_2830-2.jpg\"><img decoding=\"async\" src=\"\/pildid\/1431\/IMG_2830-2.jpg\" alt=\"koolitus\" \/><\/a><\/center> <\/p>\n<p><center><a href=\"\/pildid\/1431\/IMG_2832-2.jpg\"><img decoding=\"async\" src=\"\/pildid\/1431\/IMG_2832-2.jpg\" alt=\"koolitus\" \/><\/a><\/center> <\/p>\n<p><center><a href=\"\/pildid\/1431\/IMG_2846-2.jpg\"><img decoding=\"async\" src=\"\/pildid\/1431\/IMG_2846-2.jpg\" alt=\"koolitus\" \/><\/a><\/center> <\/p>\n<p><center><a href=\"\/pildid\/1431\/IMG_2878.jpg\"><img decoding=\"async\" src=\"\/pildid\/1431\/IMG_2878.jpg\" alt=\"koolitus\" \/><\/a><\/center> <\/p>\n<p><center><a href=\"\/pildid\/1431\/IMG_2921-2.jpg\"><img decoding=\"async\" src=\"\/pildid\/1431\/IMG_2921-2.jpg\" alt=\"koolitus\" \/><\/a><\/center><\/p>\n<p><center><a href=\"\/pildid\/1431\/IMG_2937.jpg\"><img decoding=\"async\" src=\"\/pildid\/1431\/IMG_2937.jpg\" alt=\"koolitus\" \/><\/a><\/center> <\/p>\n<p><center><a href=\"\/pildid\/1431\/IMG_3684.jpg\"><img decoding=\"async\" src=\"\/pildid\/1431\/IMG_3684.jpg\" alt=\"koolitus\" \/><\/a><\/center> <\/p>\n<p><center><a href=\"\/pildid\/1431\/IMG_3685.jpg\"><img decoding=\"async\" src=\"\/pildid\/1431\/IMG_3685.jpg\" alt=\"koolitus\" \/><\/a><\/center>  <\/p>\n<p><center><a href=\"\/pildid\/1431\/IMG_3686.jpg\"><img decoding=\"async\" src=\"\/pildid\/1431\/IMG_3686.jpg\" alt=\"koolitus\" \/><\/a><\/center> <\/p>\n<p><center><a href=\"\/pildid\/1431\/IMG_3694.jpg\"><img decoding=\"async\" src=\"\/pildid\/1431\/IMG_3694.jpg\" alt=\"koolitus\" \/><\/a><\/center> <\/p>\n<p>Meie l\u00f5bus ja \u00f5pihimuline kamp :) \u00dcks \u00fchispilt sai tehtud esimesel v\u00e4likoolitusel ja hirmus jaheda ning tuulise ilmaga. Puudu on sealt vaid \u00fcks ema t\u00fctrega, kes pidid varem \u00e4ra minema. <\/p>\n<p><center><a href=\"\/pildid\/1431\/IMG_2954-2.jpg\"><img decoding=\"async\" src=\"\/pildid\/1431\/IMG_2954-2.jpg\" alt=\"koolitus\" \/><\/a><\/center> <\/p>\n<p>Ja meie kevadine pilt peale l\u00f5petamist,siis, kui me avastasime, et v\u00f5iks ju l\u00f5pupildi ikkagi teha :D Paraku olid selleks ajaks osad juba j\u00f5udnud \u00e4ra minna, sest p\u00e4ikeselisel p\u00fchap\u00e4eval on vaja veeta aega ka perega ja pildile j\u00e4id siis need, kes kauemaks lobisema j\u00e4id.<br \/>\n<center><a href=\"\/pildid\/1431\/IMG_3699-2.jpg\"><img decoding=\"async\" src=\"\/pildid\/1431\/IMG_3699-2.jpg\" alt=\"koolitus\" \/><\/a><\/center><\/p>\n<p>Minu armsad ja r\u00f5\u00f5msad inimesed :)<\/p>\n<p><center><a href=\"\/pildid\/1431\/IMG_3711.jpg\"><img decoding=\"async\" src=\"\/pildid\/1431\/IMG_3711.jpg\" alt=\"koolitus\" \/><\/a><\/center> <\/p>\n<p>Koolitused said tehtud ja mina j\u00f5udsin koju koos kauni kollase metstulbikimbuga. Kosutasin ennast m\u00f5nusa smuuti ja koduse j\u00e4\u00e4tisega ning l\u00e4ksime meiegi K-ga  \u00f5ue aega veetma.<\/p>\n<p><center><a href=\"\/pildid\/1431\/IMG_3720.jpg\"><img decoding=\"async\" src=\"\/pildid\/1431\/IMG_3720.jpg\" alt=\"koolitus\" \/><\/a><\/center> <\/p>\n<p><center><a href=\"\/pildid\/1431\/IMG_3731.jpg\"><img decoding=\"async\" src=\"\/pildid\/1431\/IMG_3731.jpg\" alt=\"koolitus\" \/><\/a><\/center> <\/p>\n<p>Praeguseks hetkeks on mul hea meel teada, et kursuslased aktiivselt pildistavad ja m\u00f5nelgi neist on ette n\u00e4idata silmapaistvaid tulemusi. Mul oli r\u00f5\u00f5m neid \u00f5petada :)<\/p>\n","protected":false},"excerpt":{"rendered":"<p>Mul juhtus vahepeal see, mis juhtub ilmselt iga inimesega, kes tegeleb fotograafiaga. Kl\u00f5psates oma arvutis s\u00f5nale Computer, avanes mitte v\u00e4ga r\u00f5\u00f5mustav pilt. V\u00e4list ketast t\u00e4histas punane triip. C ketas punane&#8230;.oh jah, aeg &#8221; koristamiseks&#8221; k\u00e4es. J\u00e4lle! Kuidagi liiga sageli juba. &hellip; <a href=\"https:\/\/www.kaldkriips.ee\/?p=7126\">J\u00e4tka lugemist <span class=\"meta-nav\">&rarr;<\/span><\/a><\/p>\n","protected":false},"author":1,"featured_media":0,"comment_status":"open","ping_status":"open","sticky":false,"template":"","format":"standard","meta":{"footnotes":""},"categories":[5],"tags":[],"class_list":["post-7126","post","type-post","status-publish","format-standard","hentry","category-mina-ise-ja-muud-loomad"],"_links":{"self":[{"href":"https:\/\/www.kaldkriips.ee\/index.php?rest_route=\/wp\/v2\/posts\/7126"}],"collection":[{"href":"https:\/\/www.kaldkriips.ee\/index.php?rest_route=\/wp\/v2\/posts"}],"about":[{"href":"https:\/\/www.kaldkriips.ee\/index.php?rest_route=\/wp\/v2\/types\/post"}],"author":[{"embeddable":true,"href":"https:\/\/www.kaldkriips.ee\/index.php?rest_route=\/wp\/v2\/users\/1"}],"replies":[{"embeddable":true,"href":"https:\/\/www.kaldkriips.ee\/index.php?rest_route=%2Fwp%2Fv2%2Fcomments&post=7126"}],"version-history":[{"count":26,"href":"https:\/\/www.kaldkriips.ee\/index.php?rest_route=\/wp\/v2\/posts\/7126\/revisions"}],"predecessor-version":[{"id":7152,"href":"https:\/\/www.kaldkriips.ee\/index.php?rest_route=\/wp\/v2\/posts\/7126\/revisions\/7152"}],"wp:attachment":[{"href":"https:\/\/www.kaldkriips.ee\/index.php?rest_route=%2Fwp%2Fv2%2Fmedia&parent=7126"}],"wp:term":[{"taxonomy":"category","embeddable":true,"href":"https:\/\/www.kaldkriips.ee\/index.php?rest_route=%2Fwp%2Fv2%2Fcategories&post=7126"},{"taxonomy":"post_tag","embeddable":true,"href":"https:\/\/www.kaldkriips.ee\/index.php?rest_route=%2Fwp%2Fv2%2Ftags&post=7126"}],"curies":[{"name":"wp","href":"https:\/\/api.w.org\/{rel}","templated":true}]}}