{"id":7107,"date":"2017-11-19T20:17:38","date_gmt":"2017-11-19T18:17:38","guid":{"rendered":"http:\/\/www.kaldkriips.ee\/?p=7107"},"modified":"2017-11-19T20:17:38","modified_gmt":"2017-11-19T18:17:38","slug":"11-juba-11","status":"publish","type":"post","link":"https:\/\/www.kaldkriips.ee\/?p=7107","title":{"rendered":"11, juba 11"},"content":{"rendered":"<p>Kuhu aeg l\u00e4inud on? Eks me k\u00f5ik teame tegelikult kuhu, aga ikkagi tundub, et kole kiiresti lippab see aeg. Ise j\u00e4\u00e4me vanemaks, lapsed kasvavad suuremaks. No olgu, ise j\u00e4\u00e4me numbrilt vanemaks ja mitte hingelt ja&#8230;. \u00f5nneks on meil lapsed, kes hoiavad oma vanemaid noorena. Seda muidugi juhul, kui vanemad seda ise soovivad. Soovivad oma lapsi m\u00f5ista, toetada, ajaga kaasas k\u00e4ia, juhatada teed selles omap\u00e4rases maailmas ja muidugi neid lapsi v\u00e4ga, v\u00e4ga armastada.<br \/>\nKui eelmisel aastal tundus laps 10 saades ikka t\u00e4itsa suur laps, siis sel aastal 11 saades, vaatad&#8230;polegi nagu enam last, on neiu. 10 cm  ainult veel minust l\u00fchem. K\u00f5igest!!!<br \/>\n S\u00fcnnip\u00e4evadel, kui lapsed saavad j\u00e4lle aastakese vanemaks, tuleb endal ikka ja alati kallale nostalgia. K\u00f5ik tundub nagu eile. See \u00e4revus enne pisikese ime s\u00fcndi, ootus, v\u00e4ike hirm, nii tuttav, samas nii uus. Kui 11 aastat tagasi kohtusime, siis vaatasid mulle vastu targad ja arukad silmad. Ma ei tea, kuidas beebid oskavad teha sellist n\u00e4gu, et nende silmades on koos kogu maailma tarkus. Ega vist asjata \u00f6elda, et lapsed tulevad siia ellu meid \u00f5petama. Sel hetkel, kui silmad kohtuvad oma vasts\u00fcndinuga sa aga tead, et juhtugu mis iganes, sa oled alati tema k\u00f5rval ja armastad teda. Praegu n\u00e4en ma enda k\u00f5rval juba s\u00f5brannat, n\u00f5uandjat, abilist. Minu \u00fctlemata kallist t\u00fctart.<br \/>\nSoovin talle \u00f5nne ja \u00f5nnestumisi. Soovin, et ta teeks k\u00f5ike seda, mida v\u00e4ga armastab ja teaks, et vahel tuleb teha ka neid asju, mida niiv\u00e4ga ei armasta. Soovin, et ta teeks neid asju mida armastab kirega ja s\u00fcdamega. Soovin, et k\u00f5ik see, mida ta teeb, teeks teda \u00f5nnelikuks ja kui ta ise on \u00f5nnelik suudab ta seda \u00f5nne ka jagada. Ja mina armastan teda sama k\u00f5vasti, kui meie esimesel kohtumisel. V\u00f5i ei, see armastus on ajaga tegelikult lausa kasvanud :)<\/p>\n<p>S\u00fcnnip\u00e4evapeod on selleks aastaks peetud. S\u00f5pradega ja l\u00e4hedastega. <\/p>\n<p>Terve eelmise \u00f5htu hilis\u00f6\u00f6ni meisterdasin lae alla kaunistust &#8211; s\u00fcnnip\u00e4evalaua kohale. N\u00fc\u00fcd ei raatsi enam seda alla v\u00f5tta. Kohandame varsti kaunistuse j\u00f5ululikumaks :)<\/p>\n<p><center><a href=\"\/pildid\/1430\/IMG_2767.jpg\"><img decoding=\"async\" src=\"\/pildid\/1430\/IMG_2767.jpg\" alt=\"s\u00fcnna\" \/><\/a><\/center><\/p>\n<p>Hommikune hilise \u00e4rkamisega s\u00fcnnip\u00e4evalaps oli r\u00f5\u00f5mus ja roosa.<\/p>\n<p><center><a href=\"\/pildid\/1430\/IMG_2772.jpg\"><img decoding=\"async\" src=\"\/pildid\/1430\/IMG_2772.jpg\" alt=\"s\u00fcnna\" \/><\/a><\/center><\/p>\n<p>Esimeseks k\u00fclaliseks oli oma kallis venna. Kahest vennast see noorem. Temal sobis paremini k\u00e4ia s\u00fcnnip\u00e4evalast tervitamas laup\u00e4eval enne suurt tralli, sest p\u00fchap\u00e4eval oli ees suuremat sorti \u00f5ppimine. Kevadel ju ees magistri l\u00f5petamine. Krutskeid t\u00e4is on nad, kui kokku saavad :)<\/p>\n<p><center><a href=\"\/pildid\/1430\/IMG_2787-2.jpg\"><img decoding=\"async\" src=\"\/pildid\/1430\/IMG_2787-2.jpg\" alt=\"s\u00fcnna\" \/><\/a><\/center><\/p>\n<p>K\u00f5igepealt pisut kudistamist ja siis v\u00e4ike Bondi &#8211; poos! Kuidas siis muidu :)<\/p>\n<p><center><a href=\"\/pildid\/1430\/IMG_2791-2.jpg\"><img decoding=\"async\" src=\"\/pildid\/1430\/IMG_2791-2.jpg\" alt=\"s\u00fcnna\" \/><\/a><\/center><\/p>\n<p>Ja kallistada on vaja palju, palju. Iga p\u00e4ev kokku ei saa, siis tuleb kallistada kohe k\u00f5ikide p\u00e4evade eest, mis kohtumiste vahele j\u00e4\u00e4vad.<\/p>\n<p><center><a href=\"\/pildid\/1430\/IMG_2794-2.jpg\"><img decoding=\"async\" src=\"\/pildid\/1430\/IMG_2794-2.jpg\" alt=\"s\u00fcnna\" \/><\/a><\/center><\/p>\n<p><center><a href=\"\/pildid\/1430\/IMG_2795-2.jpg\"><img decoding=\"async\" src=\"\/pildid\/1430\/IMG_2795-2.jpg\" alt=\"s\u00fcnna\" \/><\/a><\/center><\/p>\n<p>Kuna me olime juba terve hommiku K-ga koos k\u00f6\u00f6gis askeldanud, oli aeg hakata osasid asju juba lauale kandma. <\/p>\n<p><center><a href=\"\/pildid\/1430\/IMG_2781.jpg\"><img decoding=\"async\" src=\"\/pildid\/1430\/IMG_2781.jpg\" alt=\"s\u00fcnna\" \/><\/a><\/center><\/p>\n<p><center><a href=\"\/pildid\/1430\/IMG_2782.jpg\"><img decoding=\"async\" src=\"\/pildid\/1430\/IMG_2782.jpg\" alt=\"s\u00fcnna\" \/><\/a><\/center><\/p>\n<p><center><a href=\"\/pildid\/1430\/IMG_2784.jpg\"><img decoding=\"async\" src=\"\/pildid\/1430\/IMG_2784.jpg\" alt=\"s\u00fcnna\" \/><\/a><\/center><\/p>\n<p>Veidi veel ja k\u00fclalised olidki saabunud. M\u00f5ni j\u00f5udis pisut hiljem. <\/p>\n<p><center><a href=\"\/pildid\/1430\/IMG_2798.jpg\"><img decoding=\"async\" src=\"\/pildid\/1430\/IMG_2798.jpg\" alt=\"s\u00fcnna\" \/><\/a><\/center><\/p>\n<p>Ah jaa, tuba sai peo ajaks kenasti uue kuue, ehk siis remonditud. \u00dchte ja teist on veel tarvis muidugi teha. N\u00e4iteks organiseerida lae alla siin, kuhu k\u00fclge saab riputada pilte, mis seinu kaunistaks. <\/p>\n<p><center><a href=\"\/pildid\/1430\/IMG_2825-2.jpg\"><img decoding=\"async\" src=\"\/pildid\/1430\/IMG_2825-2.jpg\" alt=\"s\u00fcnna\" \/><\/a><\/center><\/p>\n<p>Tordi tegi valmis preilna sel aastal ise. Klassikaline k\u00fcpsisetort omade salasoovidega ja otsa sai see tilgatumaks. Kaks t\u00fckki p\u00e4\u00e4stsin j\u00e4rgmiseks p\u00e4evaks v\u00e4ikestele K vennat\u00fctardele. <\/p>\n<p><center><a href=\"\/pildid\/1430\/IMG_2840.jpg\"><img decoding=\"async\" src=\"\/pildid\/1430\/IMG_2840.jpg\" alt=\"s\u00fcnna\" \/><\/a><\/center><\/p>\n<p>Kui maiustada, siis maiustada ja mitte v\u00e4ga patuselt. \u0160okolaadi jagus siia ja sinna, aga t\u00e4itsa m\u00f5nusat tumedat k\u00f5rgeprotsendilist. J\u00e4\u00e4kiivid sobisid h\u00e4sti :)<\/p>\n<p><center><a href=\"\/pildid\/1430\/IMG_2865-2.jpg\"><img decoding=\"async\" src=\"\/pildid\/1430\/IMG_2865-2.jpg\" alt=\"s\u00fcnna\" \/><\/a><\/center><\/p>\n<p>Kingituste vaatamine ja kaartide ettelugemine, see meeldib k\u00f5igile.<\/p>\n<p><center><a href=\"\/pildid\/1430\/IMG_2867.jpg\"><img decoding=\"async\" src=\"\/pildid\/1430\/IMG_2867.jpg\" alt=\"s\u00fcnna\" \/><\/a><\/center><\/p>\n<p>Ja viimaseks s\u00f6\u00f6miseks kodune j\u00e4\u00e4tis marjadega<\/p>\n<p>Pidu kestis tegelikult kaua. Peaagu viimane k\u00fclaline l\u00e4ks koju mitte palju enne kesk\u00f6\u00f6d, aga kahe s\u00f5brannaga kes \u00f6\u00f6bima j\u00e4id, kestis jutuvada ikka p\u00e4ris \u00f6\u00f6ni. Lastel oli l\u00f5bus. <\/p>\n<p>Hommik algas j\u00e4relej\u00e4\u00e4nud s\u00fcnnip\u00e4evaliste hommikus\u00f6\u00f6giga ja j\u00e4tkus uue peo ettevalmistamisega. <\/p>\n<p>Kui k\u00f5ik k\u00fclalised olid koju l\u00e4inud, n\u00f5ud koristatud ja vaikus saabunud, vajus v\u00e4rske 11-ne oma fantaasiamaailma. Harry Potter on praegu v\u00e4ga p\u00e4evakohane. Neljas osa k\u00e4sil.<\/p>\n<p><center><a href=\"\/pildid\/1430\/IMG_2887.jpg\"><img decoding=\"async\" src=\"\/pildid\/1430\/IMG_2887.jpg\" alt=\"s\u00fcnna\" \/><\/a><\/center><\/p>\n<p>Jaa, akna taga on meil t\u00f5esti juba tulukesed s\u00e4ramas. Mitte j\u00f5ulude p\u00e4rast, vaid ikka selleks, et valgust ja helgust oleks sel pimedal ajal rohkem. J\u00f5ulud&#8230;need tulevad niikuinii ja meie ootame neid r\u00f5\u00f5muga.<\/p>\n","protected":false},"excerpt":{"rendered":"<p>Kuhu aeg l\u00e4inud on? Eks me k\u00f5ik teame tegelikult kuhu, aga ikkagi tundub, et kole kiiresti lippab see aeg. Ise j\u00e4\u00e4me vanemaks, lapsed kasvavad suuremaks. No olgu, ise j\u00e4\u00e4me numbrilt vanemaks ja mitte hingelt ja&#8230;. \u00f5nneks on meil lapsed, kes &hellip; <a href=\"https:\/\/www.kaldkriips.ee\/?p=7107\">J\u00e4tka lugemist <span class=\"meta-nav\">&rarr;<\/span><\/a><\/p>\n","protected":false},"author":1,"featured_media":0,"comment_status":"open","ping_status":"open","sticky":false,"template":"","format":"standard","meta":{"footnotes":""},"categories":[5],"tags":[],"class_list":["post-7107","post","type-post","status-publish","format-standard","hentry","category-mina-ise-ja-muud-loomad"],"_links":{"self":[{"href":"https:\/\/www.kaldkriips.ee\/index.php?rest_route=\/wp\/v2\/posts\/7107"}],"collection":[{"href":"https:\/\/www.kaldkriips.ee\/index.php?rest_route=\/wp\/v2\/posts"}],"about":[{"href":"https:\/\/www.kaldkriips.ee\/index.php?rest_route=\/wp\/v2\/types\/post"}],"author":[{"embeddable":true,"href":"https:\/\/www.kaldkriips.ee\/index.php?rest_route=\/wp\/v2\/users\/1"}],"replies":[{"embeddable":true,"href":"https:\/\/www.kaldkriips.ee\/index.php?rest_route=%2Fwp%2Fv2%2Fcomments&post=7107"}],"version-history":[{"count":18,"href":"https:\/\/www.kaldkriips.ee\/index.php?rest_route=\/wp\/v2\/posts\/7107\/revisions"}],"predecessor-version":[{"id":7125,"href":"https:\/\/www.kaldkriips.ee\/index.php?rest_route=\/wp\/v2\/posts\/7107\/revisions\/7125"}],"wp:attachment":[{"href":"https:\/\/www.kaldkriips.ee\/index.php?rest_route=%2Fwp%2Fv2%2Fmedia&parent=7107"}],"wp:term":[{"taxonomy":"category","embeddable":true,"href":"https:\/\/www.kaldkriips.ee\/index.php?rest_route=%2Fwp%2Fv2%2Fcategories&post=7107"},{"taxonomy":"post_tag","embeddable":true,"href":"https:\/\/www.kaldkriips.ee\/index.php?rest_route=%2Fwp%2Fv2%2Ftags&post=7107"}],"curies":[{"name":"wp","href":"https:\/\/api.w.org\/{rel}","templated":true}]}}