{"id":7045,"date":"2017-09-24T21:41:32","date_gmt":"2017-09-24T19:41:32","guid":{"rendered":"http:\/\/www.kaldkriips.ee\/?p=7045"},"modified":"2017-09-24T21:46:30","modified_gmt":"2017-09-24T19:46:30","slug":"koha-saab-september-labi","status":"publish","type":"post","link":"https:\/\/www.kaldkriips.ee\/?p=7045","title":{"rendered":"Kohe saab september l\u00e4bi"},"content":{"rendered":"<p>T\u00f5epoolest.<br \/>\nUskumatu, aga homme algab septembri viimane n\u00e4dal. Kalendris\u00fcgis on samuti juba peal ja vaim tuleb valmis seada selleks, et kaugel need j\u00f5uludki enam on. Kas mul on j\u00f5ulukingitused ostetud? Loomulikult mitte. Mis sellest, et igal aastal ma juba jaanide ajal koputan endale \u00f5lale et kuule, j\u00f5ulud l\u00e4hedal!!! Hakka kingikotti varustama! Aga kus sa siis sellega. Ikka on sada muud asja tegemisel ning tundub, et j\u00f5ulud on seitsme maa ja mere taga. Tegelikkus on aga see, et pole nad \u00fchtigi. Oh jah. No v\u00e4hemalt ma olen ideid m\u00f5lgutanud, et kellel mida. Veidi luuret peaks samuti  tegema, aga ega ma j\u00f5uludest tahtnud kirjutada.<br \/>\nTahtsin r\u00e4\u00e4kida hoopis sellest, et \u00f5ues on praegu fantastiliselt ilusad ilmad. Jahedal suvel on olnud omad plussid ja nii on loodus t\u00e4nu sellele siiani suhteliselt roheline ja s\u00e4rav. Sellist klassikalist suvist tolmu t\u00e4navu puudele ja p\u00f5\u00f5sastele ei tekkinudki ja kirjuks ei kipu metsad samuti veel \u00fcleliia agaralt minema.<br \/>\nEile k\u00e4isin pildistamas \u00fchte armsat perekonda. Meil see juba kolmas \u00fchine sessioon ja oi kuidas mulle meeldivad tuttavad perekonnad, kellega koost\u00f6\u00f6 on h\u00e4sti sujunud ja iga j\u00e4rgmine pildistamine on kui heade s\u00f5pradega kokkusaamine ning vahelduseks lobisemisele saab teha \u00e4ra m\u00f5nusa fotosessi. Eile k\u00e4isime selle perega mere \u00e4\u00e4res. Alguses m\u00f5tlesime minna rabasse, aga arvasime, et ilus ilm, rabas kindlasti liiga palju rahvast ja valisime mere. Nojah. Pisut naiivsed olime, sest ega randades eile v\u00e4he rahvast k\u00fcll ei olnud. Inimesed grillisid ja t\u0161illisid, jalutasid ja oli neidki, kes bikiinides p\u00e4ikest v\u00f5tsid. Kas see p\u00e4ike just enam peale hakkab, aga D vitamiini saab ikka.<br \/>\n\u00d5nneks rannaribad pikad ja leidsime meiegi kohad, kus omaette olla ja pilte teha. <\/p>\n<p><center><a href=\"\/pildid\/1424\/IMG_1657.jpg\"><img decoding=\"async\" src=\"\/pildid\/1424\/IMG_1657.jpg\" alt=\"s\u00fcgis\" \/><\/a><\/center><\/p>\n<p><center><a href=\"\/pildid\/1424\/IMG_1708.jpg\"><img decoding=\"async\" src=\"\/pildid\/1424\/IMG_1708.jpg\" alt=\"s\u00fcgis\" \/><\/a><\/center><\/p>\n<p><center><a href=\"\/pildid\/1424\/IMG_1636-4.jpg\"><img decoding=\"async\" src=\"\/pildid\/1424\/IMG_1636-4.jpg\" alt=\"s\u00fcgis\" \/><\/a><\/center><\/p>\n<p>M\u00e4nnimetsas oli m\u00f5ningaid seeni imetlemiseks. Ilusad, aga s\u00fc\u00fca ei k\u00f5lba. M\u00e4nnimetsast ma ei r\u00e4\u00e4gigi, need on minu lemmikmetsad. <\/p>\n<p><center><a href=\"\/pildid\/1424\/IMG_1764.jpg\"><img decoding=\"async\" src=\"\/pildid\/1424\/IMG_1764.jpg\" alt=\"s\u00fcgis\" \/><\/a><\/center><\/p>\n<p>\u00c4gedad, puud, eks. Ja neid v\u00f5imsaid ning j\u00e4ndrikke m\u00e4nde on seal palju palju. \u00dcks \u00e4gedam, kui teine.<\/p>\n<p><center><a href=\"\/pildid\/1424\/IMG_1759-2.jpg\"><img decoding=\"async\" src=\"\/pildid\/1424\/IMG_1759-2.jpg\" alt=\"s\u00fcgis\" \/><\/a><\/center><\/p>\n<p>\u00dcks punase k\u00fcbaraga, teine valgega&#8230;t\u00f5elised daamid :)<\/p>\n<p><center><a href=\"\/pildid\/1424\/IMG_1763.jpg\"><img decoding=\"async\" src=\"\/pildid\/1424\/IMG_1763.jpg\" alt=\"s\u00fcgis\" \/><\/a><\/center><\/p>\n<p>Mererannast liikusime veel muudessegi kohtadesse pildistama ja otsima s\u00fcgisv\u00e4rve.<\/p>\n<p><center><a href=\"\/pildid\/1424\/IMG_1783.jpg\"><img decoding=\"async\" src=\"\/pildid\/1424\/IMG_1783.jpg\" alt=\"s\u00fcgis\" \/><\/a><\/center><\/p>\n<p>V\u00e4rvidega on tegelikult veel kitsas k\u00e4es. Suured puud on ladvast k\u00fcll kirjud, aga sellist head v\u00e4rvim\u00e4ngu, et saaks puude all lehem\u00f6llu teha, veel ei ole. Sellepeale me aga m\u00f5tlesime ja kui aeg k\u00e4es, teeme ka m\u00f5tte teoks. <\/p>\n<p><center><a href=\"\/pildid\/1424\/IMG_1784.jpg\"><img decoding=\"async\" src=\"\/pildid\/1424\/IMG_1784.jpg\" alt=\"s\u00fcgis\" \/><\/a><\/center><\/p>\n<p>Kui \u00fckskord koju j\u00f5udsin, oli k\u00f5ht kole t\u00fchi, aga \u00f5nneks olin ma ennem juba teinud valmis maitsva punase l\u00e4\u00e4tse supi. <\/p>\n<p><center><a href=\"\/pildid\/1424\/IMG_1919.jpg\"><img decoding=\"async\" src=\"\/pildid\/1424\/IMG_1919.jpg\" alt=\"s\u00fcgis\" \/><\/a><\/center><\/p>\n<p>Peale l\u00e4\u00e4tsede oli supis v\u00e4rskeid tomateid, kookospiima, hautatud sibulat ja k\u00fc\u00fcslauku, himaalaja soola, maitseinet &#8211; basiilik, k\u00fc\u00fcslauk, p\u00e4ikesekuivatatud tomat.<br \/>\nPildistamas k\u00e4ies astusime l\u00e4bi Lille kohvikust ja ostsin kaasa k\u00e4sit\u00f6\u00f6leiba. See on nii maitsev leib, et s\u00f6\u00f6ks kohe seda iga p\u00e4ev, kui Lille kohvik l\u00e4hemal oleks. Kodus olnud pisikesest laktoosivabast v\u00f5it\u00fckist tegime k\u00fc\u00fcslauguv\u00f5id ja koos leivaga oli seda \u00f5ite m\u00f5nus s\u00fc\u00fca. <\/p>\n<p>Peale s\u00f6\u00f6ki tahaks ennast liigutada, eks. L\u00e4ksime koos K-ga \u00f5ue. Mina jalgsi, tema penniga. M\u00f5nus \u00f5htune kvaliteetaeg. Kui aga juba v\u00e4lja l\u00e4ksime, tegime m\u00f5ned fotokl\u00f5psud.<\/p>\n<p><center><a href=\"\/pildid\/1424\/IMG_1924-2.jpg\"><img decoding=\"async\" src=\"\/pildid\/1424\/IMG_1924-2.jpg\" alt=\"s\u00fcgis\" \/><\/a><\/center><\/p>\n<p><center><a href=\"\/pildid\/1424\/IMG_1930-2.jpg\"><img decoding=\"async\" src=\"\/pildid\/1424\/IMG_1930-2.jpg\" alt=\"s\u00fcgis\" \/><\/a><\/center><\/p>\n<p><center><a href=\"\/pildid\/1424\/IMG_1932.jpg\"><img decoding=\"async\" src=\"\/pildid\/1424\/IMG_1932.jpg\" alt=\"s\u00fcgis\" \/><\/a><\/center><\/p>\n<p><center><a href=\"\/pildid\/1424\/IMG_1933.jpg\"><img decoding=\"async\" src=\"\/pildid\/1424\/IMG_1933.jpg\" alt=\"s\u00fcgis\" \/><\/a><\/center><\/p>\n<p>Natuke loodust j\u00e4i silma, siis p\u00fc\u00fcdsin selle natukesegi kinni. M\u00f5ned viimased lilled ja kaksikutest seened&#8230;<\/p>\n<p><center><a href=\"\/pildid\/1424\/IMG_1935.jpg\"><img decoding=\"async\" src=\"\/pildid\/1424\/IMG_1935.jpg\" alt=\"s\u00fcgis\" \/><\/a><\/center><\/p>\n<p>Pisut kirjud puud ja nende peegeldused veel&#8230;. S\u00fcgis on ilus. <\/p>\n<p><center><a href=\"\/pildid\/1424\/IMG_1937.jpg\"><img decoding=\"async\" src=\"\/pildid\/1424\/IMG_1937.jpg\" alt=\"s\u00fcgis\" \/><\/a><\/center><\/p>\n<p><center><a href=\"\/pildid\/1424\/IMG_1942-2.jpg\"><img decoding=\"async\" src=\"\/pildid\/1424\/IMG_1942-2.jpg\" alt=\"s\u00fcgis\" \/><\/a><\/center><\/p>\n<p><center><a href=\"\/pildid\/1424\/IMG_1946.jpg\"><img decoding=\"async\" src=\"\/pildid\/1424\/IMG_1946.jpg\" alt=\"s\u00fcgis\" \/><\/a><\/center><\/p>\n<p><center><a href=\"\/pildid\/1424\/IMG_1948-2.jpg\"><img decoding=\"async\" src=\"\/pildid\/1424\/IMG_1948-2.jpg\" alt=\"s\u00fcgis\" \/><\/a><\/center><\/p>\n<p>\u00d5ues oli tegelikult soe, aga K- arvas, et ta peab kindlasti selle rohelise jopega \u00f5ue tulema, sest see pidavat nii m\u00f5nus ja lahe olema. Nojah, minu jope. Niiet, hakkab peale&#8230;laps ajab juba ema riietele k\u00fc\u00fcsi taha :P Jalatseid me juba jagame, n\u00fc\u00fcd siis riiete kord. Kui ma enam ei leia oma asju, siis tean, kelle k\u00e4est k\u00fcsida :)<\/p>\n<p><center><a href=\"\/pildid\/1424\/IMG_1934.jpg\"><img decoding=\"async\" src=\"\/pildid\/1424\/IMG_1934.jpg\" alt=\"s\u00fcgis\" \/><\/a><\/center><\/p>\n<p><center><a href=\"\/pildid\/1424\/IMG_1944-2.jpg\"><img decoding=\"async\" src=\"\/pildid\/1424\/IMG_1944-2.jpg\" alt=\"s\u00fcgis\" \/><\/a><\/center><\/p>\n<p>Nii, mis siis veel on uut siin meie juures.<br \/>\nVast k\u00f5ige olulisem asi minu enda jaoks on see, et l\u00f5puks ometi hakkas meil peale elutoa remont. Lihtsalt ma \u00fcks p\u00e4ev otsustasin, et N\u00dc\u00dcD hakkan ma sellega tegelema ja KOHE. Helistasin s\u00f5brannale, kes pakkus kunagi, et v\u00f5ib leida mulle pahteldaja. R\u00e4\u00e4kisin asjast, et no hakkaks n\u00fc\u00fcd \u00f5ige asjaga tegelema ja kui tema pakkumine j\u00f5us, siis ma ootaks millalgi asjatundjat meile objekti \u00fcle vaatama ja hinda pakkuma ja ajas kokku leppima. Juhtus aga nii, et tema oli kl\u00f5ps, 10 minuti p\u00e4rast koos asjatundjast mehega meil, seinad said sipsniuhh m\u00f5\u00f5detud, asjad kokku leiptud&#8230;.ja l\u00e4kski remont lahti :) Samal \u00f5htul t\u00f5mbasin alla esimese paani tapeeti :)<br \/>\nT\u00e4na, 3 p\u00e4eva hiljem, on mul suures plaanis tapeet maas. Paar kohta on j\u00e4\u00e4nud, kus eelnevalt on millegip\u00e4rast otsustatud palesid tehes pahtel ja v\u00e4rv tapeedile selga t\u00f5mmata. Nende kohtadega on mul siis pisut j\u00e4ndamist. Eks ma vaikselt urisen ja kraabin. <\/p>\n<p><center><a href=\"\/pildid\/1424\/IMG_1243.jpg\"><img decoding=\"async\" src=\"\/pildid\/1424\/IMG_1243.jpg\" alt=\"s\u00fcgis\" \/><\/a><\/center><\/p>\n<p>Igatahes on hullult hea tunne, et asi liigub. Juba nakitsesin veidike kaminaesise plaadi kallal ka. See tuleks sealt \u00fcles v\u00f5tta ja uus maha panna. Pisut suuremale alale, kui siiani oli. Selles osas katsun oma k\u00f5ige suurema lapsega diili teha :P Ma teoorias tegelikult tean v\u00e4ga h\u00e4sti, kuidas seda plaati panna, aga praktikas j\u00e4\u00e4n j\u00e4nni :D Poeg arvas, et tema ka ei oska, aga mina j\u00e4lle arvasin, et oskab k\u00fcll ja pealegi, kui ta \u00fcks p\u00e4ev maja hakkab ehitama, siis tuleb selliseid asju teha ja selle v\u00e4ikese lapikesega on paras harjutada :) \u00dches\u00f5naga, kahes\u00f5naga &#8211; asjad liiguvad ja ma loodan, et sel aastal ongi mul \u00fcks unistus teostunud &#8211; j\u00f5uluks tuba remonditud. Ilmselgelt saab see korda tegelikult siiski varem. Laps k\u00e4is just uurimas, et kas tema s\u00fcnnip\u00e4evaks saab ikka tuba korda&#8230;no saab k\u00fcll :) Remont p\u00e4ris valmis ei saa, aga see tuba saab k\u00fcll. Eks j\u00f5udum\u00f6\u00f6da teeme edasi. Niipalju siis hetkel sellest teemast.<\/p>\n<p>Viimasel ajal ma satun omaotstarbelisi pilte kuidagi v\u00e4ga hilja \u00f5htul pildistama. K- l olid siin \u00fchel \u00f5htul s\u00f5branned k\u00fclas ning tekkis m\u00f5te, et l\u00e4hme teeme pihlakap\u00e4rjad p\u00e4he ja pildistame. Kui p\u00e4rjad said valmis, siis p\u00e4ike oli igatahes l\u00e4inud. Mis siis ikka teha &#8211; tegime h\u00e4maras pilte. Pimedus koputas j\u00f5udsalt \u00f5lale. M\u00f5ned siis siin&#8230; <\/p>\n<p><center><a href=\"\/pildid\/1424\/IMG_0997-2.jpg\"><img decoding=\"async\" src=\"\/pildid\/1424\/IMG_0997-2.jpg\" alt=\"s\u00fcgis\" \/><\/a><\/center><\/p>\n<p><center><a href=\"\/pildid\/1424\/IMG_1034-2.jpg\"><img decoding=\"async\" src=\"\/pildid\/1424\/IMG_1034-2.jpg\" alt=\"s\u00fcgis\" \/><\/a><\/center><\/p>\n<p><center><a href=\"\/pildid\/1424\/IMG_1050.jpg\"><img decoding=\"async\" src=\"\/pildid\/1424\/IMG_1050.jpg\" alt=\"s\u00fcgis\" \/><\/a><\/center><\/p>\n<p><center><a href=\"\/pildid\/1424\/IMG_1015-2.jpg\"><img decoding=\"async\" src=\"\/pildid\/1424\/IMG_1015-2.jpg\" alt=\"s\u00fcgis\" \/><\/a><\/center><\/p>\n<p><center><a href=\"\/pildid\/1424\/IMG_1018.jpg\"><img decoding=\"async\" src=\"\/pildid\/1424\/IMG_1018.jpg\" alt=\"s\u00fcgis\" \/><\/a><\/center><\/p>\n<p><center><a href=\"\/pildid\/1424\/IMG_1060-3.jpg\"><img decoding=\"async\" src=\"\/pildid\/1424\/IMG_1060-3.jpg\" alt=\"s\u00fcgis\" \/><\/a><\/center><\/p>\n<p><center><a href=\"\/pildid\/1424\/IMG_1061.jpg\"><img decoding=\"async\" src=\"\/pildid\/1424\/IMG_1061.jpg\" alt=\"s\u00fcgis\" \/><\/a><\/center><\/p>\n<p>Ja muul ajal k\u00e4ime t\u00f6\u00f6l ning koolis. R\u00fctm on sisse loksunud, igal tegevusel oma aeg. Hunnik h\u00e4id hindeid e- koolis silma j\u00e4\u00e4nud. Klaveris sai suvet\u00f6\u00f6 eest &#8220;5&#8221; :D Oli t\u00f5esti tubli. \u00d5ppis 3 ja pool lugu selgeks suve jooksul. \u00d5petaja ikka annab suveks alati \u00fche loo, et lapsed pilli k\u00e4sitsemist \u00e4ra ei unustaks, aga \u00fcks usin siin \u00f5ppis rohkem :D<br \/>\nEsimene klassikoosolek toimus. Saime tuttavaks uue klassijuhatajaga. K &#8211; juba varem kodus kiitis, et nii tore \u00f5petaja ja peale koosolekut ma m\u00f5tlesin t\u00e4pselt sama. Lapsed on heades k\u00e4tes :)<br \/>\nKohe tuleb neil seal klassis v\u00f5ileivav\u00f5istlus, kus nad koos osalevad, siis tuleb suurjooks, siis l\u00e4hevad teatrisse&#8230;\u00fches\u00f5naga tegevust tihedalt. Ma endale olen ka juba sellise m\u00f5nusa kultuuriprogrammi valmis m\u00f5elnud, kuhu mahub \u00fchte ja teist. M\u00f5ned asjad v\u00f5tan ette \u00fcksi, m\u00f5ned koos lapsega. <\/p>\n<p>R\u00f5dult saab j\u00e4tkuvalt tomateid ja kuumaasikaid. Vaatasin praegu ilmateadet. Lubab ilusat n\u00e4dalat. Super! M\u00f5nus ja soe s\u00fcgis kestab!<\/p>\n","protected":false},"excerpt":{"rendered":"<p>T\u00f5epoolest. Uskumatu, aga homme algab septembri viimane n\u00e4dal. Kalendris\u00fcgis on samuti juba peal ja vaim tuleb valmis seada selleks, et kaugel need j\u00f5uludki enam on. Kas mul on j\u00f5ulukingitused ostetud? Loomulikult mitte. Mis sellest, et igal aastal ma juba jaanide &hellip; <a href=\"https:\/\/www.kaldkriips.ee\/?p=7045\">J\u00e4tka lugemist <span class=\"meta-nav\">&rarr;<\/span><\/a><\/p>\n","protected":false},"author":1,"featured_media":0,"comment_status":"open","ping_status":"open","sticky":false,"template":"","format":"standard","meta":{"footnotes":""},"categories":[29,5],"tags":[],"class_list":["post-7045","post","type-post","status-publish","format-standard","hentry","category-fotograafia","category-mina-ise-ja-muud-loomad"],"_links":{"self":[{"href":"https:\/\/www.kaldkriips.ee\/index.php?rest_route=\/wp\/v2\/posts\/7045"}],"collection":[{"href":"https:\/\/www.kaldkriips.ee\/index.php?rest_route=\/wp\/v2\/posts"}],"about":[{"href":"https:\/\/www.kaldkriips.ee\/index.php?rest_route=\/wp\/v2\/types\/post"}],"author":[{"embeddable":true,"href":"https:\/\/www.kaldkriips.ee\/index.php?rest_route=\/wp\/v2\/users\/1"}],"replies":[{"embeddable":true,"href":"https:\/\/www.kaldkriips.ee\/index.php?rest_route=%2Fwp%2Fv2%2Fcomments&post=7045"}],"version-history":[{"count":25,"href":"https:\/\/www.kaldkriips.ee\/index.php?rest_route=\/wp\/v2\/posts\/7045\/revisions"}],"predecessor-version":[{"id":7070,"href":"https:\/\/www.kaldkriips.ee\/index.php?rest_route=\/wp\/v2\/posts\/7045\/revisions\/7070"}],"wp:attachment":[{"href":"https:\/\/www.kaldkriips.ee\/index.php?rest_route=%2Fwp%2Fv2%2Fmedia&parent=7045"}],"wp:term":[{"taxonomy":"category","embeddable":true,"href":"https:\/\/www.kaldkriips.ee\/index.php?rest_route=%2Fwp%2Fv2%2Fcategories&post=7045"},{"taxonomy":"post_tag","embeddable":true,"href":"https:\/\/www.kaldkriips.ee\/index.php?rest_route=%2Fwp%2Fv2%2Ftags&post=7045"}],"curies":[{"name":"wp","href":"https:\/\/api.w.org\/{rel}","templated":true}]}}