{"id":6972,"date":"2017-09-03T22:06:39","date_gmt":"2017-09-03T20:06:39","guid":{"rendered":"http:\/\/www.kaldkriips.ee\/?p=6972"},"modified":"2017-09-04T07:21:12","modified_gmt":"2017-09-04T05:21:12","slug":"september-2","status":"publish","type":"post","link":"https:\/\/www.kaldkriips.ee\/?p=6972","title":{"rendered":"September"},"content":{"rendered":"<p><center><a href=\"\/pildid\/1419\/IMG_1090.jpg\"><img decoding=\"async\" src=\"\/pildid\/1419\/IMG_1090.jpg\" alt=\"s\u00fcgis\" \/><\/a><\/center><\/p>\n<p>K\u00f5ik k\u00f5ik on uus, septembrikuus. Nii \u00f6eldakse.<br \/>\nP\u00e4ris k\u00f5ik ikka pole, aga jah, tuleb nentida, et suvi l\u00e4inud mis l\u00e4inud.<br \/>\nHomme on esmasp\u00e4ev ja mul sai puhkus l\u00e4bi. Mina t\u00f6\u00f6le ja laps kooli. Laps on kooli minnes igatahes r\u00f5\u00f5msam, kui mina t\u00f6\u00f6le minnes :D, aga eks me harju k\u00f5ik sellega pikapeale, et m\u00f5nus suvi on selleks korraks m\u00f6\u00f6danik ja tuleb ennast tahes tahtmata s\u00e4ttida asisemale lainele. Mitte, et ma seda suvel pole olnud, aga suvel on asjalik olla puhas lust. S\u00fcgistalvine aeg on ikka ju see, kus tahaks k\u00f5ige parema meelega v\u00f5tta soe pleed, tassike sooja teed sidruni ja ingveriga, kerida ennast kerasse kamina ette, panna k\u00fc\u00fcnlad p\u00f5lema ja l\u00fc\u00fca nurru. Nojah, aga eks seda saab tehtud ka. Eile t\u00f5in juba keldrist puid tuppa ja \u00fchtalsi v\u00e4iksemaid purke, sest k\u00e4es on hoidistamise aeg. Keetsin eile esimese laari <a href=\"http:\/\/www.kaldkriips.ee\/?p=3335\">&#8221; meestemoosi&#8221;<\/a>.  Seda mu suured ja v\u00e4ikesed lapsed s\u00f6\u00f6ksid ja seda nad peavad saama. Minul k\u00fcll peale t\u0161illi hakkimist tulitasid poolteist p\u00e4eva k\u00e4ed, aga t\u00fchja sellest. See moos on nii hea, et m\u00e4\u00e4rin ise samuti seda r\u00f5\u00f5muga leivale. Suhkrut panen ma sinna endiselt m\u00e4rksa v\u00e4hem, kui retsept ette n\u00e4eb ja see on \u00fcldse ainus kord aastas, kui ma suhkrut koju ostan.<br \/>\nR\u00f5duaiamaal on p\u00e4ris k\u00f5vasti tomateid, eriti neid v\u00e4ikeseid kirsse, aga vat punaseks minemisega nad v\u00e4ga ei kiirusta. Tasapisi valmivad, aga ilmselt tuleb nad \u00fcks hetk tuppa t\u00f5sta, sest \u00f5ues pole neil ilmselgelt piisavalt soojust ega p\u00e4ikest. R\u00f5dulilled on ilusad, salat, till ja basiilik vohavad. Paprikaid tuleb samuti j\u00e4rjest juurde ja meie kollased kuumaasikad annavad j\u00e4rjest marju. \u00dches\u00f5naga see r\u00f5duaiamaa on v\u00e4gade m\u00f5nus.<br \/>\nPraegu on \u00fcks h\u00e4sti m\u00f5nus aeg, kus saab s\u00fc\u00fca kodumaist ja v\u00e4rsket kraami. Need nii\u00f6elda p\u00e4ris tomatid on kohe nii nii head. Kurgid ka ja suvik\u00f5rvitsad samuti. Vaikselt hakkavad tekkima juba \u00f5unad, aga ikka p\u00e4ris kummaline, kui septembriski pole valge klaar p\u00e4ris valmis. Kuid&#8230;midagi siiski juba saab s\u00fc\u00fca ja kodumaised \u00f5unad on kordi maitsvamad, kui poest ostetavad, mis on vaatamata hinnale suhteliselt \u00fchesuguse maitsega.<br \/>\nNiipalju siis minu potip\u00f5llumajandusest. Me siin v\u00e4ga suured hoidisekeetjad ei ole ja k\u00f5ik, mis v\u00f5imalik, pistan s\u00fcgavk\u00fclma. <\/p>\n<p>N\u00e4dal tagasi k\u00e4isin pildistamas tosinat &#8220;pallikest&#8221; ehk beebiootel naisi. Tore oli see, et nendel s\u00fcnnivad novembribeebid. Kui K-d ootasin, siis oli meilgi \u00fcks novemrikate grupp ja osadega nendest suhtleme siiani. Miks ma sellest aga r\u00e4\u00e4gin, on hoopis see, et k\u00fcll oli sel \u00f5htul \u00f5ues ikka k\u00fclm. Meil pidi pildistamine hakkama peale Keila &#8211; Joal kel 19.30 ja ilm oli paljut\u00f5otav, kui s\u00f5itma hakkasime. Ilus p\u00e4ike v\u00e4ljas ja t\u00e4iesti normaalne kliima. Kui aga kohale j\u00f5udsime, hakkas j\u00e4rsku jahedaks minema ja v\u00e4he sellest, et ma pidevalt hirmuga vaatasin, et valgust jaguks, oli veel hullumoodi k\u00fclm. Tavaliselt on mul pildistades alati palav, sest v\u00f5imelda tuleb \u00fcksjagu palju, aga sel korral ei aidanud isegi see pidev sebimine. Muru l\u00e4ks kasteseks, jalad k\u00fclmetasid ja no \u00fcldse kohe ei hakanud soe. K oli kaasas ja tegi vajalikku assistendit\u00f6\u00f6d, ehk siis kui vaja hoidis seda ja teist ja enamasti suurt hulka \u00f5hupalle :) Kui 12 k\u00f5hukest said k\u00f5ik kenasti pildistatud ja grupipildid samuti tehtud, s\u00f5itsime \u00fche kauni naisega veel Laulasmaale mere \u00e4\u00e4rde ja tegime seal viimased kl\u00f5psud. Peale seda oli aga t\u00f5esti j\u00e4rgmine kiire peatus l\u00e4him bensukas, kust sai osta sooja kakaod ja s\u00fc\u00fca :D Leppisime naistega kokku, et aasta p\u00e4rast teeme pildid koos beebidega ikka soojemal ajal :D<\/p>\n<p>See pilt on tehtud sedasi kiirelt \u00fcle \u00f5la, sest pildistasin parasjagu \u00fchte kaunitari ja keerasin korraks selja taha vaatama ning tegin \u00fchtlasi kl\u00f5psu. K on seal n\u00e4htaval vasakul servas, kaadrist v\u00e4lja astumas :P<\/p>\n<p><center><a href=\"\/pildid\/1419\/IMG_0894-2.jpg\"><img decoding=\"async\" src=\"\/pildid\/1419\/IMG_0894-2.jpg\" alt=\"s\u00fcgis\" \/><\/a><\/center><\/p>\n<p>Igatahes oli see \u00fcks v\u00e4ga k\u00fclm, aga meeleolukas ja m\u00f5nus \u00f5htupoolik, kus kohtuvad toredad inimesed, t\u00f6\u00f6 ja hobi. Koju j\u00f5udes oli \u00f5hk nii k\u00fclm, et vahest on detsembris ka samasugune tunne :P Ja oh \u00fcllatust, j\u00e4rgmised kaks p\u00e4eva olid \u00f5htud v\u00e4gagi soojad, kui lapsega jooksmas k\u00e4isime. <\/p>\n<p>Ok, mis sest ilmast ikka. Soojemaks ta n\u00fc\u00fcd vaevalt enne j\u00e4rgmist suve l\u00e4heb. Tuleb aga jopp peale t\u00f5mmata ja edasi r\u00f5\u00f5msad olla. <\/p>\n<p>T\u00e4na, viimasel puhkuse p\u00e4eval, k\u00e4isin t\u00e4itsa \u00fcksinda linnas. Mul oli tarvis m\u00f5nesid sisseoste teha, et hooajaks valmistuda ja K ei viitsinud kaasa tulla. Temal oli loogiliselt m\u00f5ttes s\u00f5brannaga ratastega ringi kimamine ja miks ei peakski olema, kui kohe on algamas kool ja lustimiseks aega v\u00e4he. Nii ma siis l\u00e4ksin \u00fcksi. Seda juhtub harva, aga mulle t\u00e4itsa meeldis. K\u00e4isin need vajalikud kohad l\u00e4bi ja siis astusin veel sisse Kristiinesse. Seal oli mul tegelikult vaja k\u00f5igest \u00fche tootja jalatsit passitada, et ma teaksin, millist numbrit endale netist tellida :P K jaoks j\u00e4id silma \u00fched v\u00e4ga ilusad \u00f5hemad kampsikud ja kuna neli neid oli, mis meeldisid, aga osta tahtsin \u00fchte, saatsin lapsele pildid. Mugav v\u00e4rk, see t\u00e4nap\u00e4eva nutindus. K valis lemmiku v\u00e4lja ja minul s\u00fcda rahul, et ostetud sai just see, mis k\u00f5ige enam meeldis. Nutindus on meil \u00f5nneks siiani mitteprimaarne tegevus. Lapsel on nutitelefon, aga kasutab seda sihtotstarbeliselt ja m\u00f5\u00f5dukalt. Minul on v\u00e4ike tahvel ja kasutan seda samuti sihtotstarbeliselt ja harva. Telefoniks aga endiselt vana ja armas nupufon. M\u00f5ned p\u00e4evad tagasi t\u00f5mbasime endale m\u00f5lemad \u00fche laheda vee joomise \u00e4pi. Nimeks Plant Nanny, kui kedagi huvitab. See aitab m\u00f5nusasti meeles pidada, et p\u00e4eval tuleb juua piisava koguse puhast vett. Me oleme m\u00f5lemad suured veejoojad, aga vahest ununeb see ikka ja kogus tuleb p\u00e4eva peale v\u00e4iksem, kui v\u00f5iks. <\/p>\n<p>Ah jaa, tegelikult algas kool. See on see septembrikuu k\u00f5ige t\u00e4htsam osa. Aktused koolis ja muusikakoolis juba m\u00f6\u00f6danik. Homme on esimene tundidega koolip\u00e4ev. Uus klassijuhataja lastele meeldis. Uusi \u00f5petajaid on teisigi. Nendega saavad nad tuttavaks algava n\u00e4dala jooksul. Mina sel aastal esimest korda muusikakooli aktusele ei j\u00f5udnud, sest vanakuri arvas, et \u00f6\u00f6l vastu teadmistep\u00e4eva, tuleks mul haigeks j\u00e4\u00e4da. No mingisugune vastik k\u00f5huviirus kiusas terve \u00f6\u00f6 ja p\u00e4eva. Pidavat neid viiruseid juba s\u00e4\u00e4nseid ja m\u00e4\u00e4nseid liikuma. Musakoolis olid p\u00e4ris mitu \u00f5petajat haiged olnud. \u00d5nneks see k\u00f5huviirus kauem, kui \u00f6\u00f6p\u00e4eva kunagi ei kesta, aga selle p\u00e4eva keeras nahka k\u00fcll. N\u00e4ed plaanid olid head, et l\u00e4heme peale kooli v\u00e4lja s\u00f6\u00f6ma ja puha, aga v\u00f5ta sa n\u00e4pust. S\u00f6\u00f6gi l\u00f5hnagi ei tahtnud tunda ja p\u00fcstigi ei tahtnud v\u00e4ga olla. V\u00e4ljas s\u00f6\u00f6mise kompenseerisime t\u00e4na \u00f5htuse sushitamisega ja niipalju ma ennast esimesel kuup\u00e4eval kokku v\u00f5tsin, et tegin lastest \u00f5ues m\u00f5ned pildid siiski \u00e4ra. Hommikuseid lilledega pilte pole, aga tegime siis, kui lapsed juba koju tulid ja enne muusikakooli aktust.<br \/>\nHomme siis tegudele. T\u00f6\u00f6le ja kooli. Esimese n\u00e4dala prioriteediks on lapse logistilise liikumise paika saamine ja k\u00fcll siis k\u00f5ik kenasti sujuma hakkab. <\/p>\n<p><center><a href=\"\/pildid\/1419\/IMG_0955-2.jpg\"><img decoding=\"async\" src=\"\/pildid\/1419\/IMG_0955-2.jpg\" alt=\"s\u00fcgis\" \/><\/a><\/center><\/p>\n<p>Jooksuga ja naeruga koolist koju :) Kuidas siis teisiti, eks! Ja s\u00f5pradega on alati l\u00f5bus. <\/p>\n<p><center><a href=\"\/pildid\/1419\/IMG_0952-2.jpg\"><img decoding=\"async\" src=\"\/pildid\/1419\/IMG_0952-2.jpg\" alt=\"s\u00fcgis\" \/><\/a><\/center><\/p>\n<p>Meil k\u00e4ib esimesel koolip\u00e4eval ja \u00fcldse aktustel ikka veel seljas mingitmoodi koolivorm. Kellel vestiga, kellel kampsuniga. Hilbumari ja mooduv\u00e4rk j\u00e4\u00e4gu muule ajale. Ega siis aktus plikade moedemm pole :P Loodan, et nad s\u00e4ilitavad seda joont veel kaua. <\/p>\n<p><center><a href=\"\/pildid\/1419\/IMG_0962-2.jpg\"><img decoding=\"async\" src=\"\/pildid\/1419\/IMG_0962-2.jpg\" alt=\"s\u00fcgis\" \/><\/a><\/center><\/p>\n<p>Suver\u00f5\u00f5mud ei taha veel mitte meelest minna ja see on hea!<\/p>\n<p><center><a href=\"\/pildid\/1419\/IMG_0964-2.jpg\"><img decoding=\"async\" src=\"\/pildid\/1419\/IMG_0964-2.jpg\" alt=\"s\u00fcgis\" \/><\/a><\/center><\/p>\n<p>Head algavat hooaega k\u00f5igile ja p\u00fcsige terved!<\/p>\n","protected":false},"excerpt":{"rendered":"<p>K\u00f5ik k\u00f5ik on uus, septembrikuus. Nii \u00f6eldakse. P\u00e4ris k\u00f5ik ikka pole, aga jah, tuleb nentida, et suvi l\u00e4inud mis l\u00e4inud. Homme on esmasp\u00e4ev ja mul sai puhkus l\u00e4bi. Mina t\u00f6\u00f6le ja laps kooli. Laps on kooli minnes igatahes r\u00f5\u00f5msam, kui &hellip; <a href=\"https:\/\/www.kaldkriips.ee\/?p=6972\">J\u00e4tka lugemist <span class=\"meta-nav\">&rarr;<\/span><\/a><\/p>\n","protected":false},"author":1,"featured_media":0,"comment_status":"open","ping_status":"open","sticky":false,"template":"","format":"standard","meta":{"footnotes":""},"categories":[5],"tags":[],"class_list":["post-6972","post","type-post","status-publish","format-standard","hentry","category-mina-ise-ja-muud-loomad"],"_links":{"self":[{"href":"https:\/\/www.kaldkriips.ee\/index.php?rest_route=\/wp\/v2\/posts\/6972"}],"collection":[{"href":"https:\/\/www.kaldkriips.ee\/index.php?rest_route=\/wp\/v2\/posts"}],"about":[{"href":"https:\/\/www.kaldkriips.ee\/index.php?rest_route=\/wp\/v2\/types\/post"}],"author":[{"embeddable":true,"href":"https:\/\/www.kaldkriips.ee\/index.php?rest_route=\/wp\/v2\/users\/1"}],"replies":[{"embeddable":true,"href":"https:\/\/www.kaldkriips.ee\/index.php?rest_route=%2Fwp%2Fv2%2Fcomments&post=6972"}],"version-history":[{"count":18,"href":"https:\/\/www.kaldkriips.ee\/index.php?rest_route=\/wp\/v2\/posts\/6972\/revisions"}],"predecessor-version":[{"id":6990,"href":"https:\/\/www.kaldkriips.ee\/index.php?rest_route=\/wp\/v2\/posts\/6972\/revisions\/6990"}],"wp:attachment":[{"href":"https:\/\/www.kaldkriips.ee\/index.php?rest_route=%2Fwp%2Fv2%2Fmedia&parent=6972"}],"wp:term":[{"taxonomy":"category","embeddable":true,"href":"https:\/\/www.kaldkriips.ee\/index.php?rest_route=%2Fwp%2Fv2%2Fcategories&post=6972"},{"taxonomy":"post_tag","embeddable":true,"href":"https:\/\/www.kaldkriips.ee\/index.php?rest_route=%2Fwp%2Fv2%2Ftags&post=6972"}],"curies":[{"name":"wp","href":"https:\/\/api.w.org\/{rel}","templated":true}]}}