{"id":6952,"date":"2017-08-31T23:53:25","date_gmt":"2017-08-31T21:53:25","guid":{"rendered":"http:\/\/www.kaldkriips.ee\/?p=6952"},"modified":"2017-09-01T00:05:47","modified_gmt":"2017-08-31T22:05:47","slug":"viimane-augusti-paev","status":"publish","type":"post","link":"https:\/\/www.kaldkriips.ee\/?p=6952","title":{"rendered":"Viimane augusti p\u00e4ev"},"content":{"rendered":"<p>\u00dchtlasi siis ka viimane koolivaheaja p\u00e4ev ja vaatamata sellele, et osadel kodanikel on ikka suur h\u00e4da oma laste kasvatamisega ja arvatakse, et suvine vaheaeg on liiga pikk, siis otsa sai koolivaheaeg siiski v\u00e4ga ruttu ja ootamatult. Ma ikka p\u00e4ris uskumatult t\u00e4na m\u00f5tlesin, et ah ongi nii v\u00f5i, ongi homme juba 1. september!!! Suvi l\u00e4ks lennates, v\u00f5i no mis suvi see meil sel aastal ikka oli. Kuigi jah, minu jaoks t\u00e4hendabki suvi suuremat vabadust, kui aasta muul ajal. Ja kui on vabadus, siis ongi juba k\u00f5ik h\u00e4sti. T\u00fchja sest ilmast.<br \/>\nJ\u00f5udsime sel suvel palju, nagu ikka. Ja nagu ikka, m\u00f5ndagi j\u00e4i tegemata, sest ei j\u00f5udnud. \u00d5nneks on varas\u00fcgis samuti m\u00f5nus aeg ja kuigi kool hakkab  kohe peale ja endalgi t\u00f6\u00f6l j\u00e4lle v\u00e4hemmeeldivam aeg ees, siis katsume \u00fcksikutel vabadel n\u00e4dalavahetusep\u00e4evadel veel \u00fchte koma teist ette v\u00f5tta. Kuldset s\u00fcgist ootavad m\u00f5ned perepildistamised ja endalgi m\u00f5ned k\u00e4igud plaanis.<br \/>\nKui ma n\u00fc\u00fcd oma last peale suve vaatan, siis &#8230;temast on sirgunud kolme kuuga p\u00e4ris neiu :) Seina \u00e4\u00e4rde m\u00f5\u00f5tmiseks pole teda veel ajanud, aga tundub, et umbes 10 cm veel ja olemegi \u00fchepikkused. On ikka lugu.<br \/>\nVaheaja l\u00f5pus k\u00fcttis meil siin kirgi teema, et lastele m\u00e4\u00e4ratud uus klassijuhataja ei saagi olla nende klassijuhataja ja isegi mitte matemaatika \u00f5petaja. Koolist l\u00e4ks augustis \u00e4ra \u00fcks matemaatika \u00f5petaja ja oligi kogu elu pea peal. N\u00fc\u00fcd siis m\u00f5ned p\u00e4evad tagasi selgus, et klassijuhatajaks said lapsed hoopis emakeele \u00f5petaja. Eks siis varsti paistab, kuidas ja mis. Uuendusi on koolielus teisigi. 4  veerandi asemel  sellest \u00f5ppeaastast hoopis 3 trimestrit ja koos suvevaheajaga 5 vaheaega. Harjumatu, aga eks paistab, kuidas see toimima hakkab ja kas on parem, kui endine s\u00fcsteem.  Tunnistuse f\u00fc\u00fcsilisel kujul saab samuti ainult kord aastas, enne suvevaheaega. Muul ajal tuleb seisu e &#8211; koolist vaadata. Kuna lapsed n\u00fc\u00fcd siis meil p\u00f5hikoolis otsapidi, on neil ka t\u00f6\u00f6\u00f5petus poistel &#8211; t\u00fcdrukutel eraldi ja kaks kehalise kasvatuse tundi n\u00e4dalas samuti poistega eraldi ja \u00fcks kehaline koos.<br \/>\nP\u00e4evad t\u00f5otavad tulla \u00fcsna pikad. Trenniajad on nihutatud nii hiliseks ajaks, et koju j\u00f5uab sealt heal juhul kella kaheksaks, k\u00fclmal ajal, kui rattaga enam ei s\u00f5ida, alles poole \u00fcheksaks. Kolmap\u00e4evane p\u00e4ev t\u00f5otab sel juhul muutuda probleemp\u00e4evaks, sest koolis 7 tundi, siis on muusikakoolis solf ja enne trenni j\u00e4\u00e4b \u00fcks vaba aeg, kus tuleb leida aega s\u00f6\u00f6miseks ja \u00f5ppimiseks ja seda aega on k\u00f5igest 1,5 tundi. Muudel p\u00e4evadel saab ehk kuidagi hakkama, kuigi praegu on veel kogu logistika v\u00e4ga segane. Lisaks kindlatel aegadel olevatele trennidele ja muusikakoolis solfi ning muusikaajaloo tundidele, tuleb kusagile paigutada \u00e4ra veel klaveritunnid, saksofonitund, soololaulutund ja kaks laulustuudio kooritundi. Kooritunnid on tegelikult paigas, aga n\u00e4is, kas K l\u00e4heb  mudilaskoori, kus 4. klassi lapsed peaks veel k\u00e4ima v\u00f5i siis lastekoori, kuhu ta sobiks paremini ja kuhu ilmselt \u00f5petaja tahabki teda panna. Kuidagi on v\u00e4lja kasvanud juba mudilastest. Ajaliselt oleks see vist samuti parem. Aga eks paistab. Paari esimese n\u00e4dala jooksul loksuvad ehk asjad paika.<br \/>\nK igatahes t\u00f5des t\u00e4na samuti nagu mina, et aaa, ongi vaheaeg l\u00e4bi v\u00f5i !!!! \u00d5nneks ta l\u00e4heb kooli r\u00f5\u00f5muga. J\u00e4\u00e4me siis lootma, et lastel tuleb tore kooliaasta. R\u00f5\u00f5me ikka k\u00f5vasti rohkem, kui muresid. <\/p>\n<p>T\u00e4na k\u00e4isid koos klassi\u00f5e ja tema isaga linnas endale jalatseid ostmas :D Klassi\u00f5de l\u00e4ks ja K  kutsuti kaasa. Kuna meil juba \u00fched sellised konkreetsed papud kodus kahepeale on, oli lihtne saata laps \u00fcksi poodlema. Number oli teada ja v\u00e4rvi sai ise valida. N\u00fc\u00fcd on kummalgi meil omad ja sisejalatsid kooli samuti olemas. Head, mugavad ja odavad.<br \/>\nMa pole t\u00f5tt\u00f6elda sel aastal kooliasjadega suurt tegelenudki ja ilmselt see kooli algus t\u00e4nu sellele saabuski ootamatult. Kapis on riideid k\u00fcll, mida selga panna ja koolitarbeid saab ju jooksvalt poest alati osta, kui midagi vaja. Pealegi on neil n\u00fc\u00fcd ports uusi \u00f5petajaid ja kes seda teab, mida keegi neist siis kasutada k\u00e4sib. M\u00f5ned vihikud on kodus ometi olemas, seega saab hakkama. Kooliasjadele m\u00f5tlemise asemel hoopis koristasin t\u00e4na pool p\u00e4eva kappe ja t\u00f5stsin v\u00e4ikeseks j\u00e4\u00e4nud asju v\u00e4lja. Osad saatsin juba t\u00e4na \u00e4ra sinna, kus neid rohkem tarvis, midagi panin hoiule ja suur ports ootab et homme need \u00e4ra viidaks. Mis \u00fcle j\u00e4\u00e4b, l\u00e4heb konteinerisse, kust need jagatakse abivajajatele. Pikemat aega pole sellist sorteerimist teinud ja n\u00fc\u00fcd oli selgelt n\u00e4ha, kuidas laps on kasvanud. <\/p>\n<p>Poetan siia l\u00f5ppu siis m\u00f5ned suvised pildid. <\/p>\n<p>Vanaema roosid<\/p>\n<p><center><a href=\"\/pildid\/1418\/IMG_8982.jpg\"><img decoding=\"async\" src=\"\/pildid\/1418\/IMG_8982.jpg\" alt=\"s\u00fcgis\" \/><\/a><\/center><\/p>\n<p>Isegi keset suve tuleb j\u00f5ulujutte lugeda, kui v\u00e4ike vennat\u00fctar soovib.<\/p>\n<p><center><a href=\"\/pildid\/1418\/IMG_9008-3.jpg\"><img decoding=\"async\" src=\"\/pildid\/1418\/IMG_9008-3.jpg\" alt=\"s\u00fcgis\" \/><\/a><\/center><\/p>\n<p>Vaatamata kehvakesele suvele on K v\u00e4ga palju ujunud( mida ei saa \u00f6elda minu kohta :P) Kodu l\u00e4hedal on n\u00fc\u00fcd meil korralik tiigibeach ja sinna viis tee ikka p\u00e4ris suurel hulgal suve\u00f5htutel. N\u00fc\u00fcd suve l\u00f5pupoole lipati sinnakanti aga juba pigem terviserajale jooksutrenni tegema v\u00f5i v\u00e4lij\u00f5usaalis j\u00f5u- ja ilunumbreid tegema :) Ujumine on vaikselt asendunud k\u00fclma du\u0161\u0161iga :D<\/p>\n<p><center><a href=\"\/pildid\/1418\/IMG_9111.jpg\"><img decoding=\"async\" src=\"\/pildid\/1418\/IMG_9111.jpg\" alt=\"s\u00fcgis\" \/><\/a><\/center><\/p>\n<p><center><a href=\"\/pildid\/1418\/IMG_9112.jpg\"><img decoding=\"async\" src=\"\/pildid\/1418\/IMG_9112.jpg\" alt=\"s\u00fcgis\" \/><\/a><\/center><\/p>\n<p><center><a href=\"\/pildid\/1418\/IMG_9115.jpg\"><img decoding=\"async\" src=\"\/pildid\/1418\/IMG_9115.jpg\" alt=\"s\u00fcgis\" \/><\/a><\/center><\/p>\n<p>J\u00e4\u00e4marile tegime reklaami ka :P<\/p>\n<p><center><a href=\"\/pildid\/1418\/IMG_9086-2.jpg\"><img decoding=\"async\" src=\"\/pildid\/1418\/IMG_9086-2.jpg\" alt=\"s\u00fcgis\" \/><\/a><\/center><\/p>\n<p>Viimsis k\u00e4isime rannarahva laadal ja disainiturul. Teist aastat juba. Sinna on lihtsalt tore jalutada ja ringi vaadata mere \u00e4\u00e4res. <\/p>\n<p><center><a href=\"\/pildid\/1418\/IMG_9091.jpg\"><img decoding=\"async\" src=\"\/pildid\/1418\/IMG_9091.jpg\" alt=\"s\u00fcgis\" \/><\/a><\/center><\/p>\n<p><center><a href=\"\/pildid\/1418\/IMG_9092.jpg\"><img decoding=\"async\" src=\"\/pildid\/1418\/IMG_9092.jpg\" alt=\"s\u00fcgis\" \/><\/a><\/center><\/p>\n<p>Mitmed korrad viisid meie jalad suve jooksul Telliskivis <a href=\"http:\/\/www.lendavtaldrik.com\/\">&#8220;Lendavasse taldrikusse&#8221;<\/a>. M\u00f5nus koht s\u00f6\u00f6miseks ja niisama olemiseks. P\u00e4evapakkumised ja muugi toit seal muide v\u00e4gagi s\u00f5braliku hinnaga. Meile maitseb seal \u00fcks ohtra salatiga wrap, mis on nii suur ports, et paras kahele s\u00fc\u00fca. Esimest korda s\u00f5in seda koos s\u00f5brannaga \u00f5htustades ja &#8230;.poole toidust lasin kaas pakkida :D K-ga seal k\u00e4ies v\u00f5tame juba n\u00fc\u00fcd kohe targasti toiduportsu kahepeale. Vahest nillime magustoitu. Vahest. Kahepeale, sest rohkem ei jaksa :)<\/p>\n<p>Esimesel pildil on k\u00e4sil merevetikakr\u00f5psude mekkimine. P\u00e4ris kreftised olid, aga v\u00e4ga maitsvad. Uuendatud Balti jaama turul on n\u00fc\u00fcd \u00f5nneks \u00fcks minu lemmikpoode, <a href=\"https:\/\/www.facebook.com\/umamipood\/\">Umami<\/a> ja sealt saab enne kojus\u00f5itu ikka h\u00e4id ja vajalikke asju osta. \u00dcldse on uus turg v\u00e4ga, v\u00e4ga \u00e4ge!<\/p>\n<p><center><a href=\"\/pildid\/1418\/IMG_9098-2.jpg\"><img decoding=\"async\" src=\"\/pildid\/1418\/IMG_9098-2.jpg\" alt=\"s\u00fcgis\" \/><\/a><\/center><\/p>\n<p>ja siis meie lemmikwrap. K s\u00f6\u00f6b oma poolt sellest portsust. Igevaesti priske ja mahlane. <\/p>\n<p><center><a href=\"\/pildid\/1418\/IMG_9102.jpg\"><img decoding=\"async\" src=\"\/pildid\/1418\/IMG_9102.jpg\" alt=\"s\u00fcgis\" \/><\/a><\/center><\/p>\n<p>Ning l\u00f5puks magustoit. Antud juhul Kodune india j\u00e4\u00e4tis kulfi maasikakastmega ja mandlilaastudega.<\/p>\n<p><center><a href=\"\/pildid\/1418\/IMG_9109-2.jpg\"><img decoding=\"async\" src=\"\/pildid\/1418\/IMG_9109-2.jpg\" alt=\"s\u00fcgis\" \/><\/a><\/center><\/p>\n<p>\u00dcsna siin suve l\u00f5pus k\u00e4isime s\u00f5pradel k\u00fclas. Laulasmaa kandis. S\u00f5brad viisid meid Pakri poolsaare tuletorni. See seal Paldiski k\u00fclje all. \u00c4ge torn ja andis ikka \u00fcles ronida. Ideaalset vaadet ei saanud, sest ilm oli vihmane, aga lahe oli ikkagi. Peale torni viisime lapsed kahekesi Laulasmaa SPA-sse mitmeks tunniks lustima ja ise m\u00f5nulesime kodus. Emadel j\u00e4tkub ikka juttu kauemaks ja \u00fcks neiu ning noormees saavad juba ise t\u00e4itsa kenasti hakkama. <\/p>\n<p><center><a href=\"\/pildid\/1418\/IMG_0392-2.jpg\"><img decoding=\"async\" src=\"\/pildid\/1418\/IMG_0392-2.jpg\" alt=\"s\u00fcgis\" \/><\/a><\/center><\/p>\n<p><center><a href=\"\/pildid\/1418\/IMG_0393-2.jpg\"><img decoding=\"async\" src=\"\/pildid\/1418\/IMG_0393-2.jpg\" alt=\"s\u00fcgis\" \/><\/a><\/center><\/p>\n<p><center><a href=\"\/pildid\/1418\/IMG_0388.jpg\"><img decoding=\"async\" src=\"\/pildid\/1418\/IMG_0388.jpg\" alt=\"s\u00fcgis\" \/><\/a><\/center><\/p>\n<p><center><a href=\"\/pildid\/1418\/IMG_0390.jpg\"><img decoding=\"async\" src=\"\/pildid\/1418\/IMG_0390.jpg\" alt=\"s\u00fcgis\" \/><\/a><\/center><\/p>\n<p>Nii siis ongi. Tuli \u00f6\u00f6 ja kirjutada enam ei viitsi. Laps ammu magab. Loodetavasti suur laps linnas ka.<br \/>\n Teadmishimulistena ja puhanutena vastu uuele \u00f5ppeaastale! Head kooli algust minu neljandikule, teise aasta magistrandile ja k\u00f5ikidele teistele \u00f5ppuritele!<\/p>\n<p><center><a href=\"\/pildid\/1418\/IMG_0380-4.jpg\"><img decoding=\"async\" src=\"\/pildid\/1418\/IMG_0380-4.jpg\" alt=\"s\u00fcgis\" \/><\/a><\/center><\/p>\n","protected":false},"excerpt":{"rendered":"<p>\u00dchtlasi siis ka viimane koolivaheaja p\u00e4ev ja vaatamata sellele, et osadel kodanikel on ikka suur h\u00e4da oma laste kasvatamisega ja arvatakse, et suvine vaheaeg on liiga pikk, siis otsa sai koolivaheaeg siiski v\u00e4ga ruttu ja ootamatult. Ma ikka p\u00e4ris uskumatult &hellip; <a href=\"https:\/\/www.kaldkriips.ee\/?p=6952\">J\u00e4tka lugemist <span class=\"meta-nav\">&rarr;<\/span><\/a><\/p>\n","protected":false},"author":1,"featured_media":0,"comment_status":"open","ping_status":"open","sticky":false,"template":"","format":"standard","meta":{"footnotes":""},"categories":[5],"tags":[],"class_list":["post-6952","post","type-post","status-publish","format-standard","hentry","category-mina-ise-ja-muud-loomad"],"_links":{"self":[{"href":"https:\/\/www.kaldkriips.ee\/index.php?rest_route=\/wp\/v2\/posts\/6952"}],"collection":[{"href":"https:\/\/www.kaldkriips.ee\/index.php?rest_route=\/wp\/v2\/posts"}],"about":[{"href":"https:\/\/www.kaldkriips.ee\/index.php?rest_route=\/wp\/v2\/types\/post"}],"author":[{"embeddable":true,"href":"https:\/\/www.kaldkriips.ee\/index.php?rest_route=\/wp\/v2\/users\/1"}],"replies":[{"embeddable":true,"href":"https:\/\/www.kaldkriips.ee\/index.php?rest_route=%2Fwp%2Fv2%2Fcomments&post=6952"}],"version-history":[{"count":19,"href":"https:\/\/www.kaldkriips.ee\/index.php?rest_route=\/wp\/v2\/posts\/6952\/revisions"}],"predecessor-version":[{"id":6971,"href":"https:\/\/www.kaldkriips.ee\/index.php?rest_route=\/wp\/v2\/posts\/6952\/revisions\/6971"}],"wp:attachment":[{"href":"https:\/\/www.kaldkriips.ee\/index.php?rest_route=%2Fwp%2Fv2%2Fmedia&parent=6952"}],"wp:term":[{"taxonomy":"category","embeddable":true,"href":"https:\/\/www.kaldkriips.ee\/index.php?rest_route=%2Fwp%2Fv2%2Fcategories&post=6952"},{"taxonomy":"post_tag","embeddable":true,"href":"https:\/\/www.kaldkriips.ee\/index.php?rest_route=%2Fwp%2Fv2%2Ftags&post=6952"}],"curies":[{"name":"wp","href":"https:\/\/api.w.org\/{rel}","templated":true}]}}