{"id":666,"date":"2011-04-22T15:58:40","date_gmt":"2011-04-22T13:58:40","guid":{"rendered":"http:\/\/blog.kaldkriips.ee\/?p=666"},"modified":"2014-07-27T09:10:32","modified_gmt":"2014-07-27T07:10:32","slug":"ilus-ilus-ilusometi-hakkab-tulema-kevad","status":"publish","type":"post","link":"https:\/\/www.kaldkriips.ee\/?p=666","title":{"rendered":"Ilus, ilus, ilus&#8230;..ometi hakkab tulema kevad :)"},"content":{"rendered":"<p>Igal v\u00e4hegi vabamal hetkel p\u00fc\u00fcan koos lapsega v\u00e4ljas olla. Ilma minuta ta ju \u00f5ue ei saa ja kui ma seda aega ekstra ei v\u00f5ta, siis olekski t\u00f6\u00f6 ja t\u00f6\u00f6 ja t\u00f6\u00f6. On ta siis leivat\u00f6\u00f6 v\u00f5i kodut\u00f6\u00f6.<br \/>\nEriti vahva on aga see, et meil on h\u00e4id s\u00f5pru, kes kannavad selle eest hoolt, et me loodust n\u00e4eksime :)<br \/>\nSedasi v\u00e4ga eksprompt s\u00f5itsime me \u00fchel ilusal \u00f5htul vaatama Tuhalasse n\u00f5iakaevu. Mina polnud seda varem n\u00e4inud ja Kirke ammugi mitte.<br \/>\n\u00d5htu oli v\u00e4ga ilusa p\u00e4ikeseloojanguga, kuigi pisut jahe. Ooooo, kui palju rahvast sael oli !!! 3 suurt bussit\u00e4it Looduse Omnibssi rahvast ja lisaks hulk v\u00e4ikesi autosid.<br \/>\nKirkel on siiani hingel k\u00fcsimus, kuidas need n\u00f5iad seal kaevus ikka pesevad ja \u00e4ra ei upu :D<br \/>\nMina j\u00e4\u00e4dvustasin esimest korda elus midagi nii voolavat ja \u00f5htul h\u00e4maras :) Huvitav kogemus oli. <\/p>\n<p><center><a href=\"\/pildid\/666\/IMG_5473.jpg\"><img decoding=\"async\" src=\"\/pildid\/666\/IMG_5473v.jpg\" alt=\"Tuhala\" \/><\/a><\/center><\/p>\n<p><center><a href=\"\/pildid\/666\/IMG_5432.jpg\"><img decoding=\"async\" src=\"\/pildid\/666\/IMG_5432v.jpg\" alt=\"Tuhala\" \/><\/a><\/center><\/p>\n","protected":false},"excerpt":{"rendered":"<p>Igal v\u00e4hegi vabamal hetkel p\u00fc\u00fcan koos lapsega v\u00e4ljas olla. Ilma minuta ta ju \u00f5ue ei saa ja kui ma seda aega ekstra ei v\u00f5ta, siis olekski t\u00f6\u00f6 ja t\u00f6\u00f6 ja t\u00f6\u00f6. On ta siis leivat\u00f6\u00f6 v\u00f5i kodut\u00f6\u00f6. Eriti vahva on &hellip; <a href=\"https:\/\/www.kaldkriips.ee\/?p=666\">J\u00e4tka lugemist <span class=\"meta-nav\">&rarr;<\/span><\/a><\/p>\n","protected":false},"author":1,"featured_media":0,"comment_status":"open","ping_status":"open","sticky":false,"template":"","format":"standard","meta":{"footnotes":""},"categories":[29,5],"tags":[],"class_list":["post-666","post","type-post","status-publish","format-standard","hentry","category-fotograafia","category-mina-ise-ja-muud-loomad"],"_links":{"self":[{"href":"https:\/\/www.kaldkriips.ee\/index.php?rest_route=\/wp\/v2\/posts\/666"}],"collection":[{"href":"https:\/\/www.kaldkriips.ee\/index.php?rest_route=\/wp\/v2\/posts"}],"about":[{"href":"https:\/\/www.kaldkriips.ee\/index.php?rest_route=\/wp\/v2\/types\/post"}],"author":[{"embeddable":true,"href":"https:\/\/www.kaldkriips.ee\/index.php?rest_route=\/wp\/v2\/users\/1"}],"replies":[{"embeddable":true,"href":"https:\/\/www.kaldkriips.ee\/index.php?rest_route=%2Fwp%2Fv2%2Fcomments&post=666"}],"version-history":[{"count":1,"href":"https:\/\/www.kaldkriips.ee\/index.php?rest_route=\/wp\/v2\/posts\/666\/revisions"}],"predecessor-version":[{"id":3086,"href":"https:\/\/www.kaldkriips.ee\/index.php?rest_route=\/wp\/v2\/posts\/666\/revisions\/3086"}],"wp:attachment":[{"href":"https:\/\/www.kaldkriips.ee\/index.php?rest_route=%2Fwp%2Fv2%2Fmedia&parent=666"}],"wp:term":[{"taxonomy":"category","embeddable":true,"href":"https:\/\/www.kaldkriips.ee\/index.php?rest_route=%2Fwp%2Fv2%2Fcategories&post=666"},{"taxonomy":"post_tag","embeddable":true,"href":"https:\/\/www.kaldkriips.ee\/index.php?rest_route=%2Fwp%2Fv2%2Ftags&post=666"}],"curies":[{"name":"wp","href":"https:\/\/api.w.org\/{rel}","templated":true}]}}