{"id":665,"date":"2011-04-22T15:43:14","date_gmt":"2011-04-22T13:43:14","guid":{"rendered":"http:\/\/blog.kaldkriips.ee\/?p=665"},"modified":"2011-04-22T15:47:51","modified_gmt":"2011-04-22T13:47:51","slug":"vilnius","status":"publish","type":"post","link":"https:\/\/www.kaldkriips.ee\/?p=665","title":{"rendered":"Vilnius"},"content":{"rendered":"<p>Vaatasin t\u00e4na, et pole ammu siia sattunud.<br \/>\nEi noh satuks k\u00fcll, kui oleks seda va ajanatukest.<br \/>\nAga ei ole. \u00dcks asi ajab teist taga ja nii ongi, et satun harva kirjutama.<br \/>\nKarta on, et mida suve poole, seda harvem. Ilus aeg t\u00e4hendab seda, et kui olen t\u00f6\u00f6st vaba, oleme r\u00f5\u00f5msalt kusagil looduses v\u00f5i midagi muud p\u00f5nevat tegemas.<br \/>\nIgatahes mitte ninapidi arvutis.<br \/>\nKuid, mis siis vahepeal toimunud on&#8230;<br \/>\nKui t\u00f6\u00f6asju mitte arvestada, siis pisut olen saanud Eestist v\u00e4lja.<br \/>\nNojah, tegelikult oli ju ka see t\u00f6\u00f6alane s\u00f5it, aga ikkagi, pisut meelelahutuslik.<br \/>\nIgal aastal aprillis toimub meil MK raames Karj\u00e4\u00e4rikonverents konsultantidele. Siiani on see olnud m\u00f5nes toredas Poola linnas, aga sel korral&#8230;.ohhooo, olime hoopis Vilniuses.<br \/>\nNimelt, Vilniuses avati MK filiaal. Maailmas on n\u00fc\u00fcd filiaale juba pea 40. Ja p\u00e4ris v\u00e4gev, et \u00fcks neist lausa Baltikumis. Eesti ja L\u00e4ti j\u00e4id r\u00f5\u00f5msalt Poola filiaali alluvusse. Kui meie ka kasvame suuremaks, ehk on siis ka lootust&#8230;..<br \/>\nVilniuses polnud ma varem k\u00e4inud ja paljud teised ka meie seltskonnast. Nii polnudki probleem saada kokku suur bussit\u00e4is MK rahvast.<br \/>\nS\u00f5itsime v\u00e4lja 14 aprilli varahommikul ja pisut peale 3 p\u00e4eval olimegi juba meie hotelli ees.<br \/>\nKiire majutamine ja l\u00e4ksime k\u00f5ik linnaekskursioonile. Kolme tunnine ekskursioon oli Vilniuse ilusas ja suures vanalinnas. T\u00f5tt\u00f6elda avastasin, et kuulata giidi ja samal ajal pildistada ei tule mul kuidagi v\u00e4lja. Ma teen parema meelega kas \u00fchte v\u00f5i teist. Valisin pildistamise :)<\/p>\n<p><center><a href=\"\/pildid\/665\/IMG_5251.jpg\"><img decoding=\"async\" src=\"\/pildid\/665\/IMG_5251v.jpg\" alt=\"Vilnius\" \/><\/a><\/center><\/p>\n<p>Meie suur seltskond :) <\/p>\n<p><center><a href=\"\/pildid\/665\/IMG_5256.jpg\"><img decoding=\"async\" src=\"\/pildid\/665\/IMG_5256v.jpg\" alt=\"Vilnius\" \/><\/a><\/center><\/p>\n<p><center><a href=\"\/pildid\/665\/IMG_5355.jpg\"><img decoding=\"async\" src=\"\/pildid\/665\/IMG_5355v.jpg\" alt=\"Vilnius\" \/><\/a><\/center><\/p>\n<p><center><a href=\"\/pildid\/665\/IMG_5280.jpg\"><img decoding=\"async\" src=\"\/pildid\/665\/IMG_5280v.jpg\" alt=\"Vilnius\" \/><\/a><\/center><\/p>\n<p><center><a href=\"\/pildid\/665\/IMG_5288.jpg\"><img decoding=\"async\" src=\"\/pildid\/665\/IMG_5288v.jpg\" alt=\"Vilnius\" \/><\/a><\/center><\/p>\n<p><center><a href=\"\/pildid\/665\/IMG_5302.jpg\"><img decoding=\"async\" src=\"\/pildid\/665\/IMG_5302v.jpg\" alt=\"Vilnius\" \/><\/a><\/center><\/p>\n<p>\u00d5htu oli igal inimesel vastavalt oma soovile :)<br \/>\nKes v\u00e4isas kaubandust, kes tutvus veel linnaga, kes l\u00e4ks puhkama, kes kohalikku k\u00f6\u00f6ki nautima.<br \/>\nMina l\u00e4ksin koos \u00fche kena n\u00e4itsikuga ka toitu nautlema. No ei ole ma poodleja, mis teha.  Seda on muidugi hea t\u00f5deda, et igal pool saab odavamalt s\u00fc\u00fca, kui koduses Eestis :D<\/p>\n<p>\u00d5htul oli hotellis t\u00f5eline puhkus. Pidin taaskord t\u00f5dema, et mul on meeskonnas v\u00e4ga vahvad naised. Ei hakka nendega igav ega j\u00e4ta nad h\u00e4tta :)<br \/>\nMinu pool kuud valutav selg sai t\u00f5elise spa &#8211; l\u00f5\u00f5gastuse :)<br \/>\nK\u00f5igepealt kupatati mind vanni soojenema ja peale seda premeeriti m\u00f5nusa l\u00f5\u00f5gastava massaa\u00c5\u00beiga. Ooo, milline r\u00f5\u00f5m :) Selg sai ikka kohe palju parem.<\/p>\n<p>J\u00e4rgmisel hommikul oli varajane \u00e4ratus ja s\u00f5itsime k\u00f5ik koos konverentsikeskusesse.<br \/>\nKonverentsil oli nagu ikka tore. Palju tunnustamisi, m\u00f5nusaid kohtumisi kolleegidega teistest riikidest, h\u00e4id koolitusi. Kohal oli filiaali avamise puhul isegi  MK Euroopa president Tara Eustace. <\/p>\n<p>Heade emotsioonidega, puhanuna ja tarkust t\u00e4is s\u00f5itsime samal \u00f5htul r\u00f5\u00f5msalt koju.<br \/>\nKuigi alguses oli tunne, et bussis peaks kohe magama heitma, juhtus nii, et enne j\u00f5udsime siiski koju, kui magama sai j\u00e4\u00e4da :D<br \/>\n1,5 tunni p\u00e4rast oli meil juba ju poe &#8211; s\u00f6\u00f6gipeatus, siis Leedu &#8211; L\u00e4ti piiril traditsiooniline ilutulestik, kuhjaga naeruteraapiat&#8230;..ja juba olimegi Raplas :D<br \/>\nT\u00e4nud k\u00f5ikidele osalejatele toreda reisi eest :)<\/p>\n","protected":false},"excerpt":{"rendered":"<p>Vaatasin t\u00e4na, et pole ammu siia sattunud. Ei noh satuks k\u00fcll, kui oleks seda va ajanatukest. Aga ei ole. \u00dcks asi ajab teist taga ja nii ongi, et satun harva kirjutama. Karta on, et mida suve poole, seda harvem. Ilus &hellip; <a href=\"https:\/\/www.kaldkriips.ee\/?p=665\">J\u00e4tka lugemist <span class=\"meta-nav\">&rarr;<\/span><\/a><\/p>\n","protected":false},"author":1,"featured_media":0,"comment_status":"open","ping_status":"open","sticky":false,"template":"","format":"standard","meta":{"footnotes":""},"categories":[5],"tags":[],"class_list":["post-665","post","type-post","status-publish","format-standard","hentry","category-mina-ise-ja-muud-loomad"],"_links":{"self":[{"href":"https:\/\/www.kaldkriips.ee\/index.php?rest_route=\/wp\/v2\/posts\/665"}],"collection":[{"href":"https:\/\/www.kaldkriips.ee\/index.php?rest_route=\/wp\/v2\/posts"}],"about":[{"href":"https:\/\/www.kaldkriips.ee\/index.php?rest_route=\/wp\/v2\/types\/post"}],"author":[{"embeddable":true,"href":"https:\/\/www.kaldkriips.ee\/index.php?rest_route=\/wp\/v2\/users\/1"}],"replies":[{"embeddable":true,"href":"https:\/\/www.kaldkriips.ee\/index.php?rest_route=%2Fwp%2Fv2%2Fcomments&post=665"}],"version-history":[{"count":0,"href":"https:\/\/www.kaldkriips.ee\/index.php?rest_route=\/wp\/v2\/posts\/665\/revisions"}],"wp:attachment":[{"href":"https:\/\/www.kaldkriips.ee\/index.php?rest_route=%2Fwp%2Fv2%2Fmedia&parent=665"}],"wp:term":[{"taxonomy":"category","embeddable":true,"href":"https:\/\/www.kaldkriips.ee\/index.php?rest_route=%2Fwp%2Fv2%2Fcategories&post=665"},{"taxonomy":"post_tag","embeddable":true,"href":"https:\/\/www.kaldkriips.ee\/index.php?rest_route=%2Fwp%2Fv2%2Ftags&post=665"}],"curies":[{"name":"wp","href":"https:\/\/api.w.org\/{rel}","templated":true}]}}