{"id":663,"date":"2011-04-03T14:01:29","date_gmt":"2011-04-03T12:01:29","guid":{"rendered":"http:\/\/blog.kaldkriips.ee\/?p=663"},"modified":"2011-04-03T14:02:42","modified_gmt":"2011-04-03T12:02:42","slug":"paha-haigus-ja-lahke-laps","status":"publish","type":"post","link":"https:\/\/www.kaldkriips.ee\/?p=663","title":{"rendered":"Paha haigus ja lahke laps."},"content":{"rendered":"<p>Meil k\u00e4ib ikka see lasteaias k\u00e4imine nii, et kui \u00fcle hulga aja riskime, siis kaks p\u00e4eva ja aamen. Midagi sealt kindlasti j\u00e4lle korjab.<br \/>\nSeekord oli selleks vastik k\u00f5huviirus.<br \/>\nJust siis, kui emmel oli k\u00f5ige kiirem t\u00f6iste asjadega ja kuu l\u00f5pp, niitis see vastik t\u00f5bi lapse pikali. No mul endal oli ka \u00fche p\u00e4eva p\u00e4ris sant enesetunne, aga mina piirdusin vaid sellega. Lapsel oli kole k\u00f5huvalu ja oksendas.<br \/>\nRaskele \u00f6\u00f6le j\u00e4rgneval \u00f5htul, helistas meile \u00fcks hea s\u00f5brake, kes tahtis teada, kuidas meil l\u00e4heb ja siis leidis aset umbes j\u00e4rgmine dialoog :)<\/p>\n<p>Kirke: Mul oli t\u00e4na \u00f6\u00f6sel nii paha, k\u00f5ht valutas ja ma oksendasin kaussi.<br \/>\nS\u00f5brake: Oi, kui pahasti, kas sul on juba parem?<br \/>\nKirke: jah, mul on parem, k\u00f5ht ikka valutab, aga p\u00e4eval pole oksendanud. Tule meile k\u00fclla!<br \/>\nS\u00f5brake: Tead, ma vist t\u00e4na ikka ei tule, muidu j\u00e4\u00e4n ka haigeks ja mis siis saab, kui ma ka oksendada tahan?<br \/>\nKirke: Pole hullu, oksendame siis koos minu kaussi.<\/p>\n<p>Jah, lapse lahkus on piiritu :)<\/p>\n","protected":false},"excerpt":{"rendered":"<p>Meil k\u00e4ib ikka see lasteaias k\u00e4imine nii, et kui \u00fcle hulga aja riskime, siis kaks p\u00e4eva ja aamen. Midagi sealt kindlasti j\u00e4lle korjab. Seekord oli selleks vastik k\u00f5huviirus. Just siis, kui emmel oli k\u00f5ige kiirem t\u00f6iste asjadega ja kuu l\u00f5pp, &hellip; <a href=\"https:\/\/www.kaldkriips.ee\/?p=663\">J\u00e4tka lugemist <span class=\"meta-nav\">&rarr;<\/span><\/a><\/p>\n","protected":false},"author":1,"featured_media":0,"comment_status":"open","ping_status":"open","sticky":false,"template":"","format":"standard","meta":{"footnotes":""},"categories":[5],"tags":[],"class_list":["post-663","post","type-post","status-publish","format-standard","hentry","category-mina-ise-ja-muud-loomad"],"_links":{"self":[{"href":"https:\/\/www.kaldkriips.ee\/index.php?rest_route=\/wp\/v2\/posts\/663"}],"collection":[{"href":"https:\/\/www.kaldkriips.ee\/index.php?rest_route=\/wp\/v2\/posts"}],"about":[{"href":"https:\/\/www.kaldkriips.ee\/index.php?rest_route=\/wp\/v2\/types\/post"}],"author":[{"embeddable":true,"href":"https:\/\/www.kaldkriips.ee\/index.php?rest_route=\/wp\/v2\/users\/1"}],"replies":[{"embeddable":true,"href":"https:\/\/www.kaldkriips.ee\/index.php?rest_route=%2Fwp%2Fv2%2Fcomments&post=663"}],"version-history":[{"count":0,"href":"https:\/\/www.kaldkriips.ee\/index.php?rest_route=\/wp\/v2\/posts\/663\/revisions"}],"wp:attachment":[{"href":"https:\/\/www.kaldkriips.ee\/index.php?rest_route=%2Fwp%2Fv2%2Fmedia&parent=663"}],"wp:term":[{"taxonomy":"category","embeddable":true,"href":"https:\/\/www.kaldkriips.ee\/index.php?rest_route=%2Fwp%2Fv2%2Fcategories&post=663"},{"taxonomy":"post_tag","embeddable":true,"href":"https:\/\/www.kaldkriips.ee\/index.php?rest_route=%2Fwp%2Fv2%2Ftags&post=663"}],"curies":[{"name":"wp","href":"https:\/\/api.w.org\/{rel}","templated":true}]}}