{"id":662,"date":"2011-04-03T13:51:52","date_gmt":"2011-04-03T11:51:52","guid":{"rendered":"http:\/\/blog.kaldkriips.ee\/?p=662"},"modified":"2014-07-27T09:09:33","modified_gmt":"2014-07-27T07:09:33","slug":"mohni-iii","status":"publish","type":"post","link":"https:\/\/www.kaldkriips.ee\/?p=662","title":{"rendered":"Mohni III"},"content":{"rendered":"<p>Tegime saarel siis korraliku matka. No mulle meeldis, meeldis seal kohe v\u00e4ga. Kunagi suvel peaks sinna uuesti minema. Jah.<br \/>\nJa ma ei v\u00e4si kiitmast seda imelist ilma, mis sel p\u00e4eval oli ja seda fantastiliselt lahedat seltskonda, kellega koos matkata oli puhas r\u00f5\u00f5m.<br \/>\nSellised eredad m\u00f5nusad hetked, kus oled peaaegu nagu Norras m\u00e4gedes ja m\u00f5tled selili merej\u00e4\u00e4 lamades, et elu on ikka \u00fctlemata ilus :)<br \/>\nEestis on ilusaid ja v\u00e4ga ilusaid paiku. Mida l\u00e4hemale tuleb kevad ( mis t\u00e4navu on kuidagi arusaamatult kadunud), seda enam on lootust kogeda looduse ilu veel ja veel. <\/p>\n<p><center><a href=\"\/pildid\/662\/IMG_1411u.jpg\"><img decoding=\"async\" src=\"\/pildid\/662\/IMG_1411v.jpg\" alt=\"Mohni\" \/><\/a><\/center><\/p>\n<p><center><a href=\"\/pildid\/662\/IMG_1424uu.jpg\"><img decoding=\"async\" src=\"\/pildid\/662\/IMG_1424v.jpg\" alt=\"Mohni\" \/><\/a><\/center><\/p>\n<p>Kuhjunud j\u00e4ine monument<\/p>\n<p><center><a href=\"\/pildid\/662\/IMG_1435u.jpg\"><img decoding=\"async\" src=\"\/pildid\/662\/IMG_1435v.jpg\" alt=\"Mohni\" \/><\/a><\/center><\/p>\n<p>L\u00f5he&#8230;<\/p>\n<p><center><a href=\"\/pildid\/662\/IMG_1423u.jpg\"><img decoding=\"async\" src=\"\/pildid\/662\/IMG_1423v.jpg\" alt=\"Mohni\" \/><\/a><\/center><\/p>\n<p>See on \u00fcks minu lemmikpilt sellelt saarelt. Esiteks, olen ma temaga rahul. Kompositsiooniliselt ja muidu ka. Ja teiseks, kehastab see \u00fcksik puu tuulte tallermaal midagi olulist. Midagi, mis on elus p\u00fcsiv ja vankumatu &#8230;&#8230;lootus, usk ja armastus. Just nagu see puu, mis k\u00fcll paindub tuulte k\u00e4es, aga ei murdu :)<\/p>\n<p><center><a href=\"\/pildid\/662\/IMG_1434u.jpg\"><img decoding=\"async\" src=\"\/pildid\/662\/IMG_1434v.jpg\" alt=\"Mohni\" \/><\/a><\/center><\/p>\n<p>Nii l\u00e4ksime siis vastu \u00f5htut Mohnilt tagasi mandrile. Pisut kahju oli isegi lahkuda, oleks tahtnud seal olla veel, aga meil oli programm :)<\/p>\n<p>Peale matka s\u00f5itsime Purekari neeme tippu, mis on teadup\u00e4rast k\u00f5ige p\u00f5hjapoolsem tipp sealkandis.<br \/>\nMehed tegid \u00fcles l\u00f5kke, naised toimetasid muu s\u00f6\u00f6giga ja varsti nautisime k\u00f5ik vorstikesi, salatit, Tiina imelisi k\u00fcpsetisi ja muud head &#8211; paremat :) Eelk\u00f5ige head seltskonda. <\/p>\n<p>Imeline loojang oli sel \u00f5htul :)<\/p>\n","protected":false},"excerpt":{"rendered":"<p>Tegime saarel siis korraliku matka. No mulle meeldis, meeldis seal kohe v\u00e4ga. Kunagi suvel peaks sinna uuesti minema. Jah. Ja ma ei v\u00e4si kiitmast seda imelist ilma, mis sel p\u00e4eval oli ja seda fantastiliselt lahedat seltskonda, kellega koos matkata oli &hellip; <a href=\"https:\/\/www.kaldkriips.ee\/?p=662\">J\u00e4tka lugemist <span class=\"meta-nav\">&rarr;<\/span><\/a><\/p>\n","protected":false},"author":1,"featured_media":0,"comment_status":"open","ping_status":"open","sticky":false,"template":"","format":"standard","meta":{"footnotes":""},"categories":[29,5],"tags":[],"class_list":["post-662","post","type-post","status-publish","format-standard","hentry","category-fotograafia","category-mina-ise-ja-muud-loomad"],"_links":{"self":[{"href":"https:\/\/www.kaldkriips.ee\/index.php?rest_route=\/wp\/v2\/posts\/662"}],"collection":[{"href":"https:\/\/www.kaldkriips.ee\/index.php?rest_route=\/wp\/v2\/posts"}],"about":[{"href":"https:\/\/www.kaldkriips.ee\/index.php?rest_route=\/wp\/v2\/types\/post"}],"author":[{"embeddable":true,"href":"https:\/\/www.kaldkriips.ee\/index.php?rest_route=\/wp\/v2\/users\/1"}],"replies":[{"embeddable":true,"href":"https:\/\/www.kaldkriips.ee\/index.php?rest_route=%2Fwp%2Fv2%2Fcomments&post=662"}],"version-history":[{"count":1,"href":"https:\/\/www.kaldkriips.ee\/index.php?rest_route=\/wp\/v2\/posts\/662\/revisions"}],"predecessor-version":[{"id":3083,"href":"https:\/\/www.kaldkriips.ee\/index.php?rest_route=\/wp\/v2\/posts\/662\/revisions\/3083"}],"wp:attachment":[{"href":"https:\/\/www.kaldkriips.ee\/index.php?rest_route=%2Fwp%2Fv2%2Fmedia&parent=662"}],"wp:term":[{"taxonomy":"category","embeddable":true,"href":"https:\/\/www.kaldkriips.ee\/index.php?rest_route=%2Fwp%2Fv2%2Fcategories&post=662"},{"taxonomy":"post_tag","embeddable":true,"href":"https:\/\/www.kaldkriips.ee\/index.php?rest_route=%2Fwp%2Fv2%2Ftags&post=662"}],"curies":[{"name":"wp","href":"https:\/\/api.w.org\/{rel}","templated":true}]}}