{"id":660,"date":"2011-04-03T13:25:44","date_gmt":"2011-04-03T11:25:44","guid":{"rendered":"http:\/\/blog.kaldkriips.ee\/?p=660"},"modified":"2011-04-03T13:25:44","modified_gmt":"2011-04-03T11:25:44","slug":"mohni-saar-i","status":"publish","type":"post","link":"https:\/\/www.kaldkriips.ee\/?p=660","title":{"rendered":"Mohni saar I"},"content":{"rendered":"<p>M\u00f6\u00f6dunud laup\u00e4eval pakkisin oma seitse asja ja algas s\u00f5it Viinistusse :)<br \/>\nMiks?<br \/>\nTiina otsustas pidada t\u00e4navu oma s\u00fcnnip\u00e4eva nii, et matkasime seltskonnaga Mohni saarele :)<br \/>\nKui kaks p\u00e4eva enne laup\u00e4eva oli olnud merej\u00e4\u00e4l 20 cm vett ja p\u00e4ev ennem oli \u00f5ues tuisanud valge seinana, siis laup\u00e4eval v\u00f5ttis meid vastu kuiv j\u00e4\u00e4 ja fantastiliselt ilus ilm.<br \/>\nSaarel elav mees k\u00e4is parasjagu poes ja liikus meie ees koos kelguga, et n\u00e4idata ohutut teed. M\u00f5ne p\u00e4eva eest oli tekkinud merej\u00e4\u00e4le l\u00f5he.<br \/>\nPeaks \u00fctlema, et ohustatuna ei tundnud ma ennast j\u00e4\u00e4l kordagi, k\u00fcll aga oli piisavalt libe.<br \/>\nSiinkohal pean t\u00e4nama oma kallist s\u00f5brakest Airet, kes laenutas mulle v\u00e4ga m\u00f5nusad saabastele kinnitatavad nagad, mis tegid minu liikumise j\u00e4\u00e4l v\u00e4gagi turvaliseks. \u00d5nnestus endal p\u00fcsti j\u00e4\u00e4da ja vajadusel toeks olla.<br \/>\nTiina oli ennast varustanud pika k\u00f6iega juhuks, kui keegi otsustab talvise sukeldumise kasuks :D \u00d5nneks ei l\u00e4inud meie \u00fcheksasel seltskonnal kordagi seda sinist k\u00f6it tarvis :)<br \/>\nSaarel v\u00f5tsid meid vastu saaremees ja kass.<br \/>\nSaime kuulda lugusid ja tegusid ja tunda kassiterrorismi :)<br \/>\nKiisu on ilmselt k\u00fclalistega piisavalt harjunud, et tunda ennast t\u00f5eliselt julgena. Paras murdjaloom :D<br \/>\nNurrus ja kurrus ja p\u00fc\u00fcdis s\u00fclle saada. Kes k\u00fckitas, see sai seljakotile kohe kaunistuseks kassi, kes loomulikult \u00fcritas selgeks saada, kas kotis v\u00f5iks olla n\u00e4iteks vorsti v\u00f5i m\u00f5ni kala :P<br \/>\nKiisu saatis meid terve saarel viibitud aja. V\u00f5imalusel ikka kellegi kotti ronides ja saaki otsides.<br \/>\nVeel tervitas meid saarel v\u00e4gev sarviline kits. T\u00f5eliselt uhke loom. Ma talle v\u00e4ga ligi just ei kippunud. Sarved olid selleks liiga aukartust\u00e4ratavad :)<br \/>\nKuna seltskond koosnes enamalt jaolt fotorahvast, oli palju pildistamist. K\u00f5ik uitasid m\u00f5nusalt ja vabalt, vahepeal nautisime teed ja ikka ja j\u00e4lle pilti p\u00fc\u00fcdma.<br \/>\nM\u00e4rkamatult oli aeg sealmaal, et tuli hakata mandrile tagasi minema, sest meil oli veel plaane :P<\/p>\n<p><center><a href=\"\/pildid\/660\/IMG_1324.jpg\"><img decoding=\"async\" src=\"\/pildid\/660\/IMG_1324v.jpg\" alt=\"Mohni\" \/><\/a><\/center><\/p>\n<p>Vaade<\/p>\n<p><center><a href=\"\/pildid\/660\/IMG_1342.jpg\"><img decoding=\"async\" src=\"\/pildid\/660\/IMG_1342v.jpg\" alt=\"Mohni\" \/><\/a><\/center><\/p>\n<p>V\u00e4gev Mohni kits<\/p>\n<p><center><a href=\"\/pildid\/660\/IMG_1348.jpg\"><img decoding=\"async\" src=\"\/pildid\/660\/IMG_1348v.jpg\" alt=\"Mohni\" \/><\/a><\/center><\/p>\n<p>Fragment tuletornist<\/p>\n<p><center><a href=\"\/pildid\/660\/IMG_1352.jpg\"><img decoding=\"async\" src=\"\/pildid\/660\/IMG_1352v.jpg\" alt=\"Mohni\" \/><\/a><\/center><\/p>\n<p>Peeter ja kass<\/p>\n<p><center><a href=\"\/pildid\/660\/IMG_1353.jpg\"><img decoding=\"async\" src=\"\/pildid\/660\/IMG_1353v.jpg\" alt=\"Mohni\" \/><\/a><\/center><\/p>\n<p>Tiina ja v\u00e4ndaga kaamera :)<\/p>\n","protected":false},"excerpt":{"rendered":"<p>M\u00f6\u00f6dunud laup\u00e4eval pakkisin oma seitse asja ja algas s\u00f5it Viinistusse :) Miks? Tiina otsustas pidada t\u00e4navu oma s\u00fcnnip\u00e4eva nii, et matkasime seltskonnaga Mohni saarele :) Kui kaks p\u00e4eva enne laup\u00e4eva oli olnud merej\u00e4\u00e4l 20 cm vett ja p\u00e4ev ennem oli &hellip; <a href=\"https:\/\/www.kaldkriips.ee\/?p=660\">J\u00e4tka lugemist <span class=\"meta-nav\">&rarr;<\/span><\/a><\/p>\n","protected":false},"author":1,"featured_media":0,"comment_status":"open","ping_status":"open","sticky":false,"template":"","format":"standard","meta":{"footnotes":""},"categories":[5],"tags":[],"class_list":["post-660","post","type-post","status-publish","format-standard","hentry","category-mina-ise-ja-muud-loomad"],"_links":{"self":[{"href":"https:\/\/www.kaldkriips.ee\/index.php?rest_route=\/wp\/v2\/posts\/660"}],"collection":[{"href":"https:\/\/www.kaldkriips.ee\/index.php?rest_route=\/wp\/v2\/posts"}],"about":[{"href":"https:\/\/www.kaldkriips.ee\/index.php?rest_route=\/wp\/v2\/types\/post"}],"author":[{"embeddable":true,"href":"https:\/\/www.kaldkriips.ee\/index.php?rest_route=\/wp\/v2\/users\/1"}],"replies":[{"embeddable":true,"href":"https:\/\/www.kaldkriips.ee\/index.php?rest_route=%2Fwp%2Fv2%2Fcomments&post=660"}],"version-history":[{"count":0,"href":"https:\/\/www.kaldkriips.ee\/index.php?rest_route=\/wp\/v2\/posts\/660\/revisions"}],"wp:attachment":[{"href":"https:\/\/www.kaldkriips.ee\/index.php?rest_route=%2Fwp%2Fv2%2Fmedia&parent=660"}],"wp:term":[{"taxonomy":"category","embeddable":true,"href":"https:\/\/www.kaldkriips.ee\/index.php?rest_route=%2Fwp%2Fv2%2Fcategories&post=660"},{"taxonomy":"post_tag","embeddable":true,"href":"https:\/\/www.kaldkriips.ee\/index.php?rest_route=%2Fwp%2Fv2%2Ftags&post=660"}],"curies":[{"name":"wp","href":"https:\/\/api.w.org\/{rel}","templated":true}]}}