{"id":658,"date":"2011-03-24T17:20:52","date_gmt":"2011-03-24T15:20:52","guid":{"rendered":"http:\/\/blog.kaldkriips.ee\/?p=658"},"modified":"2011-03-24T18:00:59","modified_gmt":"2011-03-24T16:00:59","slug":"kevad-ei-taha-tulla","status":"publish","type":"post","link":"https:\/\/www.kaldkriips.ee\/?p=658","title":{"rendered":"Kevad ei taha tulla"},"content":{"rendered":"<p>Jama v\u00e4rk, ma \u00fctlen!<br \/>\nT\u00e4itsa jama v\u00e4rk.<br \/>\nTalv tuli oma lumega juba novembri l\u00f5pus ja n\u00fc\u00fcd ei m\u00e4rka kuidagi \u00e4ra minna.<br \/>\nT\u00e4na on t\u00e4iesti kole ilm. Ok, nii kole pole, et koledam olla ei saa, aga ikkagi.<br \/>\nP\u00e4ike iseenesest paistnud meil terve p\u00e4eva vastupidiselt m\u00f5nele muule paigale Eestis, aga jama ilm siiski.<br \/>\nTuul on ikka t\u00e4itsa hull. Isegi seljatagant puhudes on hull. Vastu tuult ma t\u00e4na ei kippunud \u00f5ues k\u00f5ndima, veel v\u00e4hem s\u00fclitama :D<br \/>\nOk, tuulevaikse ilmaga ma tegelikult ka ei s\u00fclita :) Olen endiselt viks ja viisakas :)<br \/>\n\u00d5nneks, siiski, ikkagi&#8230;.oleme me r\u00f5\u00f5msad ja ootame soojemat aega. Seniks m\u00f5nuleme elutoas, kuhu paistab p\u00e4ike terve p\u00e4eva ja siis on seal nii m\u00f5nusalt soe.<\/p>\n<p>T\u00e4na on s\u00fcnnip\u00e4ev minu emal, keda juba hulk aastaid pole meie seas ja kes oleks saanud 79 aastaseks. S\u00fcnnip\u00e4ev on t\u00e4na ka minu isa kaksikvenna naisel, siis minu lellenaisel, kes sai t\u00e4na 80. Palju, palju \u00f5nne talle sinna Kauksi. Ehk \u00f5nnestub sinna suvel k\u00fclla minna. <\/p>\n<p>M\u00f5ned p\u00e4evad tagasi olime Kirkega koos Rahvusraamatukogu suures saalis \u00fchel vahval Looduse Omnibussi \u00fcritusel.<br \/>\nV\u00e4ga ilus ja huvitav reisimuljete \u00f5htu oli ja muusikalised vahepalad esitas tuntud bassist Raul Vaigla.<br \/>\nKui Vaigla oma etteaste l\u00f5petas, istus ta meie ette. Kirke siis kummardus tema poole ja sosistas, et &#8230;..sa m\u00e4ngisid nii popilt :P<br \/>\nPeale \u00fcritust aga paistab, et piigal oli eriline esinemissoov siiski sees. Ta k\u00fcll pisut kurvastas, et mikrofon oli v\u00e4lja l\u00fclitatud, aga l\u00e4ks siiski lavale ja esitas oma ilusa h\u00e4\u00e4lega paar laulu :D<br \/>\nAplaus publikult tegi loomulikult tema k\u00f5rvadele pai :D Onu Vaiglale ka meeldis tema esinemine :)<\/p>\n<p>Ja tegelikult ongi tore :) Ja kevad tuleb niikuinii :)<\/p>\n<p><center><a href=\"\/pildid\/658\/IMG_1274.jpg\"><img decoding=\"async\" src=\"\/pildid\/658\/IMG_1274v.jpg\" alt=\"kirke\" \/><\/a><\/center><\/p>\n<p><center><a href=\"\/pildid\/658\/IMG_1284.jpg\"><img decoding=\"async\" src=\"\/pildid\/658\/IMG_1284v.jpg\" alt=\"kirke\" \/><\/a><\/center><\/p>\n","protected":false},"excerpt":{"rendered":"<p>Jama v\u00e4rk, ma \u00fctlen! T\u00e4itsa jama v\u00e4rk. Talv tuli oma lumega juba novembri l\u00f5pus ja n\u00fc\u00fcd ei m\u00e4rka kuidagi \u00e4ra minna. T\u00e4na on t\u00e4iesti kole ilm. Ok, nii kole pole, et koledam olla ei saa, aga ikkagi. P\u00e4ike iseenesest paistnud &hellip; <a href=\"https:\/\/www.kaldkriips.ee\/?p=658\">J\u00e4tka lugemist <span class=\"meta-nav\">&rarr;<\/span><\/a><\/p>\n","protected":false},"author":1,"featured_media":0,"comment_status":"open","ping_status":"open","sticky":false,"template":"","format":"standard","meta":{"footnotes":""},"categories":[5],"tags":[],"class_list":["post-658","post","type-post","status-publish","format-standard","hentry","category-mina-ise-ja-muud-loomad"],"_links":{"self":[{"href":"https:\/\/www.kaldkriips.ee\/index.php?rest_route=\/wp\/v2\/posts\/658"}],"collection":[{"href":"https:\/\/www.kaldkriips.ee\/index.php?rest_route=\/wp\/v2\/posts"}],"about":[{"href":"https:\/\/www.kaldkriips.ee\/index.php?rest_route=\/wp\/v2\/types\/post"}],"author":[{"embeddable":true,"href":"https:\/\/www.kaldkriips.ee\/index.php?rest_route=\/wp\/v2\/users\/1"}],"replies":[{"embeddable":true,"href":"https:\/\/www.kaldkriips.ee\/index.php?rest_route=%2Fwp%2Fv2%2Fcomments&post=658"}],"version-history":[{"count":0,"href":"https:\/\/www.kaldkriips.ee\/index.php?rest_route=\/wp\/v2\/posts\/658\/revisions"}],"wp:attachment":[{"href":"https:\/\/www.kaldkriips.ee\/index.php?rest_route=%2Fwp%2Fv2%2Fmedia&parent=658"}],"wp:term":[{"taxonomy":"category","embeddable":true,"href":"https:\/\/www.kaldkriips.ee\/index.php?rest_route=%2Fwp%2Fv2%2Fcategories&post=658"},{"taxonomy":"post_tag","embeddable":true,"href":"https:\/\/www.kaldkriips.ee\/index.php?rest_route=%2Fwp%2Fv2%2Ftags&post=658"}],"curies":[{"name":"wp","href":"https:\/\/api.w.org\/{rel}","templated":true}]}}