{"id":606,"date":"2010-12-18T23:07:42","date_gmt":"2010-12-18T21:07:42","guid":{"rendered":"http:\/\/blog.kaldkriips.ee\/?p=606"},"modified":"2010-12-18T23:13:29","modified_gmt":"2010-12-18T21:13:29","slug":"valgust-puudmas","status":"publish","type":"post","link":"https:\/\/www.kaldkriips.ee\/?p=606","title":{"rendered":"Valgust p\u00fc\u00fcdmas"},"content":{"rendered":"<p>Eile k\u00e4isin korra pealinnas.<br \/>\n\u00dcks p\u00f5hjus oli t\u00f6\u00f6alane kokkusaamine ja teine p\u00f5hjus, FAK-i r\u00e4ndn\u00e4ituse pidulik avamine Lee Fotokeldris.<br \/>\nN\u00e4ituse avamine oli lihtne ja armas. Palju oli ilusaid t\u00f6id. Segamini amat\u00f6\u00f6ridelt ja proffidelt. \u00dcks uus ilus looduskalender ja loodusraamat. Seda k\u00f5ike sai seal n\u00e4ha ja lisaks inimestega suhelda.<br \/>\nKuna ma ei tea, mida toob viimane J\u00f5ulueelne n\u00e4dal, otsustasin, et ostan lastele J\u00f5ulukingitused ka \u00e4ra. Seega kappasin peale n\u00e4ituse avamist veel Viru keskusesse. \u00d5nneks sain k\u00f5ik vajadused selle maja piires lahendatud. Ilm oli vahepeal muutunud nii k\u00fclmaks ja terav tuul n\u00e4pistas hullumoodi. Ega sellise ilmaga v\u00e4ga mujale seiklema kipu k\u00fcll.<br \/>\nRaekoja juurest kesklinna sammudes, tirisin fotoka kotist v\u00e4lja ja p\u00fc\u00fcdsin valgust :) Valgust pimeduses :) K\u00fclm tahtis s\u00f5rmed endale virutada, aga midagi sain ikka pildile :)<\/p>\n<p><center><a href=\"\/pildid\/606\/IMG_8347v.jpg\"><img decoding=\"async\" src=\"\/pildid\/606\/IMG_8347v.jpg\" alt=\"tuled\" \/><\/a><\/center> <\/p>\n<p>Seal akna taga on t\u00f5esti J\u00f5uluvana :P ja ukse ees on kuusk :)<\/p>\n<p><center><a href=\"\/pildid\/606\/IMG_8349v.jpg\"><img decoding=\"async\" src=\"\/pildid\/606\/IMG_8349v.jpg\" alt=\"tuled\" \/><\/a><\/center> <\/p>\n<p>See t\u00e4piline on raekoja platsi kuusk :)<\/p>\n<p><center><a href=\"\/pildid\/606\/IMG_8356v.jpg\"><img decoding=\"async\" src=\"\/pildid\/606\/IMG_8356v.jpg\" alt=\"tuled\" \/><\/a><\/center> <\/p>\n<p>Need l\u00f5busad kerad on Raekoja otsaseina kaunistamas<\/p>\n<p><center><a href=\"\/pildid\/606\/IMG_8367v.jpg\"><img decoding=\"async\" src=\"\/pildid\/606\/IMG_8367v.jpg\" alt=\"tuled\" \/><\/a><\/center> <\/p>\n<p>Sinine valguskera vaateaknal&#8230;.<\/p>\n<p><center><a href=\"\/pildid\/606\/IMG_8369v.jpg\"><img decoding=\"async\" src=\"\/pildid\/606\/IMG_8369v.jpg\" alt=\"tuled\" \/><\/a><\/center> <\/p>\n<p>\u00dcks vaateaken, mida paar p\u00e4eva tagasi t\u00fctretirts imetles&#8230;<\/p>\n<p><center><a href=\"\/pildid\/606\/IMG_8373v.jpg\"><img decoding=\"async\" src=\"\/pildid\/606\/IMG_8373v.jpg\" alt=\"tuled\" \/><\/a><\/center> <\/p>\n<p>Ja l\u00f5puks lihtsalt tuled Viru \u00fclek\u00e4igurajal :)<\/p>\n","protected":false},"excerpt":{"rendered":"<p>Eile k\u00e4isin korra pealinnas. \u00dcks p\u00f5hjus oli t\u00f6\u00f6alane kokkusaamine ja teine p\u00f5hjus, FAK-i r\u00e4ndn\u00e4ituse pidulik avamine Lee Fotokeldris. N\u00e4ituse avamine oli lihtne ja armas. Palju oli ilusaid t\u00f6id. Segamini amat\u00f6\u00f6ridelt ja proffidelt. \u00dcks uus ilus looduskalender ja loodusraamat. Seda k\u00f5ike &hellip; <a href=\"https:\/\/www.kaldkriips.ee\/?p=606\">J\u00e4tka lugemist <span class=\"meta-nav\">&rarr;<\/span><\/a><\/p>\n","protected":false},"author":1,"featured_media":0,"comment_status":"open","ping_status":"open","sticky":false,"template":"","format":"standard","meta":{"footnotes":""},"categories":[5],"tags":[],"class_list":["post-606","post","type-post","status-publish","format-standard","hentry","category-mina-ise-ja-muud-loomad"],"_links":{"self":[{"href":"https:\/\/www.kaldkriips.ee\/index.php?rest_route=\/wp\/v2\/posts\/606"}],"collection":[{"href":"https:\/\/www.kaldkriips.ee\/index.php?rest_route=\/wp\/v2\/posts"}],"about":[{"href":"https:\/\/www.kaldkriips.ee\/index.php?rest_route=\/wp\/v2\/types\/post"}],"author":[{"embeddable":true,"href":"https:\/\/www.kaldkriips.ee\/index.php?rest_route=\/wp\/v2\/users\/1"}],"replies":[{"embeddable":true,"href":"https:\/\/www.kaldkriips.ee\/index.php?rest_route=%2Fwp%2Fv2%2Fcomments&post=606"}],"version-history":[{"count":0,"href":"https:\/\/www.kaldkriips.ee\/index.php?rest_route=\/wp\/v2\/posts\/606\/revisions"}],"wp:attachment":[{"href":"https:\/\/www.kaldkriips.ee\/index.php?rest_route=%2Fwp%2Fv2%2Fmedia&parent=606"}],"wp:term":[{"taxonomy":"category","embeddable":true,"href":"https:\/\/www.kaldkriips.ee\/index.php?rest_route=%2Fwp%2Fv2%2Fcategories&post=606"},{"taxonomy":"post_tag","embeddable":true,"href":"https:\/\/www.kaldkriips.ee\/index.php?rest_route=%2Fwp%2Fv2%2Ftags&post=606"}],"curies":[{"name":"wp","href":"https:\/\/api.w.org\/{rel}","templated":true}]}}