{"id":603,"date":"2010-12-13T23:46:51","date_gmt":"2010-12-13T21:46:51","guid":{"rendered":"http:\/\/blog.kaldkriips.ee\/?p=603"},"modified":"2010-12-13T23:51:39","modified_gmt":"2010-12-13T21:51:39","slug":"talvemonud","status":"publish","type":"post","link":"https:\/\/www.kaldkriips.ee\/?p=603","title":{"rendered":"Talvem\u00f5nud"},"content":{"rendered":"<p>Mitmendat p\u00e4eva kuulen ma \u00fche ja teise k\u00e4est, et k\u00f5rini sellest lumest ja talvest, tahan tagasi l\u00f6ga, pori ja vihma, tahan musti J\u00f5ule :P<br \/>\nArutasime siin seda asja ja meie pere tahab veel ikka endiselt talve ja kindlasti valgeid J\u00f5ule :)<br \/>\nT\u00e4itsa usun, et majaomanikel on isu t\u00e4is tee rookimisest ja hanged ei taha aeda \u00e4ra mahtuda. Ma ise v\u00f5tan ikka ka labida k\u00e4tte ja viskan lund kortermaja ees. T\u00e4iesti normaalne f\u00fc\u00fcsiline tegevus ja pind pole kaugelt v\u00e4ike, mida rookida. V\u00f5tan seda kui tasuta sportimist ja p\u00fc\u00fcan asjas n\u00e4ha positiivset k\u00fclge. Ega see lumi niikuinii \u00e4ra ei l\u00e4he enne, kui selleks aeg :P<\/p>\n<p>P\u00fchap\u00e4eval l\u00f5butsesime lastega \u00f5ues :)<\/p>\n<p><center><a href=\"\/pildid\/603\/IMG_8212v.jpg\"><img decoding=\"async\" src=\"\/pildid\/603\/IMG_8212v.jpg\" alt=\"Kirke\" \/><\/a><\/center><\/p>\n<p>Koputaks p\u00e4kapikupesa uksele :P<\/p>\n<p><center><a href=\"\/pildid\/603\/IMG_8219v.jpg\"><img decoding=\"async\" src=\"\/pildid\/603\/IMG_8219v.jpg\" alt=\"Kirke\" \/><\/a><\/center><\/p>\n<p>Venna lohistab \u00f5de kelgum\u00e4ele :)<\/p>\n<p><center><a href=\"\/pildid\/603\/IMG_8224v.jpg\"><img decoding=\"async\" src=\"\/pildid\/603\/IMG_8224v.jpg\" alt=\"Kirke\" \/><\/a><\/center><\/p>\n<p>V\u00e4ike kelgulp\u00fcsimise kontroll&#8230;<\/p>\n<p><center><a href=\"\/pildid\/603\/IMG_8223v.jpg\"><img decoding=\"async\" src=\"\/pildid\/603\/IMG_8223v.jpg\" alt=\"Kirke\" \/><\/a><\/center><\/p>\n<p>&#8230;ja l\u00e4ks m\u00e4est alla :)<\/p>\n<p><center><a href=\"\/pildid\/603\/IMG_8228v.jpg\"><img decoding=\"async\" src=\"\/pildid\/603\/IMG_8228v.jpg\" alt=\"Kirke\" \/><\/a><\/center><\/p>\n<p>Talver\u00f5\u00f5m :)<\/p>\n","protected":false},"excerpt":{"rendered":"<p>Mitmendat p\u00e4eva kuulen ma \u00fche ja teise k\u00e4est, et k\u00f5rini sellest lumest ja talvest, tahan tagasi l\u00f6ga, pori ja vihma, tahan musti J\u00f5ule :P Arutasime siin seda asja ja meie pere tahab veel ikka endiselt talve ja kindlasti valgeid J\u00f5ule &hellip; <a href=\"https:\/\/www.kaldkriips.ee\/?p=603\">J\u00e4tka lugemist <span class=\"meta-nav\">&rarr;<\/span><\/a><\/p>\n","protected":false},"author":1,"featured_media":0,"comment_status":"open","ping_status":"open","sticky":false,"template":"","format":"standard","meta":{"footnotes":""},"categories":[5],"tags":[],"class_list":["post-603","post","type-post","status-publish","format-standard","hentry","category-mina-ise-ja-muud-loomad"],"_links":{"self":[{"href":"https:\/\/www.kaldkriips.ee\/index.php?rest_route=\/wp\/v2\/posts\/603"}],"collection":[{"href":"https:\/\/www.kaldkriips.ee\/index.php?rest_route=\/wp\/v2\/posts"}],"about":[{"href":"https:\/\/www.kaldkriips.ee\/index.php?rest_route=\/wp\/v2\/types\/post"}],"author":[{"embeddable":true,"href":"https:\/\/www.kaldkriips.ee\/index.php?rest_route=\/wp\/v2\/users\/1"}],"replies":[{"embeddable":true,"href":"https:\/\/www.kaldkriips.ee\/index.php?rest_route=%2Fwp%2Fv2%2Fcomments&post=603"}],"version-history":[{"count":0,"href":"https:\/\/www.kaldkriips.ee\/index.php?rest_route=\/wp\/v2\/posts\/603\/revisions"}],"wp:attachment":[{"href":"https:\/\/www.kaldkriips.ee\/index.php?rest_route=%2Fwp%2Fv2%2Fmedia&parent=603"}],"wp:term":[{"taxonomy":"category","embeddable":true,"href":"https:\/\/www.kaldkriips.ee\/index.php?rest_route=%2Fwp%2Fv2%2Fcategories&post=603"},{"taxonomy":"post_tag","embeddable":true,"href":"https:\/\/www.kaldkriips.ee\/index.php?rest_route=%2Fwp%2Fv2%2Ftags&post=603"}],"curies":[{"name":"wp","href":"https:\/\/api.w.org\/{rel}","templated":true}]}}