{"id":597,"date":"2010-11-09T00:36:51","date_gmt":"2010-11-08T22:36:51","guid":{"rendered":"http:\/\/blog.kaldkriips.ee\/?p=597"},"modified":"2010-11-09T00:44:06","modified_gmt":"2010-11-08T22:44:06","slug":"minu-armas-tutar-sai-neljaseks","status":"publish","type":"post","link":"https:\/\/www.kaldkriips.ee\/?p=597","title":{"rendered":"Minu armas t\u00fctar sai neljaseks !!!"},"content":{"rendered":"<p>Tundub uskumatuna, sest alles see oli, kui ta s\u00fcndis. Alles see oli, kui saime teada, et perre on s\u00fcndimas beebi, et on s\u00fcndimas t\u00fctar. See r\u00f5\u00f5m ja hirm, mis tookord segunesid selle teadmisega&#8230;see tundub olevat nii alles olnud. Ja vaatamata sellele, sai Kirke ikkagi juba nelja aastaseks.<br \/>\nNeed neli aastat on l\u00e4inud kuidagi m\u00e4rkamatult. Eks on olnud paremaid ja halvemaid aegu ja m\u00f5ni periood on lihtsalt valu varjus, aga \u00f5nneks on olemas pildid, palju pilte ja nende abil on puhas r\u00f5\u00f5m meenutada k\u00f5ike ilusat, mis olnud. Milline siis Kirke on?<br \/>\nKokkuv\u00f5tvalt v\u00f5ib \u00f6elda, et Kirke on nagu suur ja soe p\u00e4ike :) Teda jagub igale poole ja ta suudab luua enda \u00fcmber m\u00f5nusa soojuse. Temast \u00f5hkub lapselikku lusti ja t\u00e4iskasvanu m\u00f5tteviisi. tunnete s\u00fcgavust, piiritut armastust ja sooja s\u00fcdant. Ta on v\u00f5imeline keerama k\u00f5ik \u00fcmber oma pisikese s\u00f5rme, kasutamata seda kurjasti. Eks v\u00e4ike jonn vahest harva k\u00e4ib asja juurde ja olgem ausad, ka t\u00e4iskasvanud oskavad vahest suurep\u00e4raselt jonnida.<br \/>\nKirke laulab v\u00e4ga kenasti ja tantsib nagu v\u00e4ike graatsia ise :) Kusjuures ta teab v\u00e4ga h\u00e4sti, et kui emmel on millegip\u00e4rast tuju nukker, tuleb ta s\u00fclle ja laulab&#8230;.ja emmel hakkab kohe parem :) Talle on v\u00e4ga t\u00e4htis tema pere. See piiritu armastus ja austus oma vendade vastu, on \u00fcsna muljetavaldav. Ka oma \u00f5ekest armastab ta v\u00e4ga, vaatamata sellele, et nad v\u00e4ga sageli koos ei ole. Ja mis soojendakski ema s\u00fcdant rohkem, kui kokkuhoidvad lapsed.<br \/>\nSel hooajal k\u00e4ib ta veidi rohkem juba lasteaias. Paistab, et on selleks k\u00fcpsem ja ei j\u00e4\u00e4 enam nii lihtsalt haigeks.<br \/>\nS\u00fcnnip\u00e4eva strateegilisteks m\u00f5\u00f5tudeks saime pikkust 106 cm ja kaalu olenevalt kaalu kaalumise tujust 19.4 &#8211; 21 kg :D<br \/>\nS\u00fcnnip\u00e4eval k\u00e4isid seekord ka 3 last, kes on temaga \u00fches kuus s\u00fcndinud. P\u00e4ris tore oli seda n\u00e4ha, et k\u00f5ik 4 on kasvanud sisuliselt \u00fches pikkuse ja kaalu r\u00fctmis.<br \/>\nLisaks laulmisele ja tantsimisele on mahtunud viimasesse aastasse ka nubrite ja t\u00e4htedega tutvumine. Oleme koos aktiivsed raamatukogu k\u00fclastajad :) Kirke valib endale raamatuid ja mina endale. Kodus loen loomulikult m\u00f5lemaid valikuid veel mina :) Ettelugemised ja omaette lugemised.<br \/>\nSel aastal oli minumeelest esimene teadliku suhtumisega s\u00fcnnip\u00e4ev. Esimene, mida juba teadlikult oodati, jagati laiali kutseid ja tunti r\u00f5\u00f5mu peost. Jah, iseendale on pidada kolm p\u00e4eva j\u00e4rjest s\u00fcnnip\u00e4eva paras peavalu, aga peetud nad n\u00fc\u00fcd said ja selleks aastaks on lapse s\u00fcnnip\u00e4eva pidudega \u00fchel pool. Mis seal salata, peale ettevalmistusmurede oli ka minul palju r\u00f5\u00f5mu s\u00f5prade ja sugulatsega koosveedetud ajast :)<\/p>\n<p><center><a href=\"\/pildid\/597\/IMG_6128v.jpg\"><img decoding=\"async\" src=\"\/pildid\/597\/IMG_6128v.jpg\" alt=\"laps\" \/><\/a><\/center><\/p>\n<p>Kingituseks saadud Barbie vann tuli loomulikult kohe \u00e4ra katsetada. Kas ikka peab vett :P<\/p>\n<p><center><a href=\"\/pildid\/597\/IMG_6165v.jpg\"><img decoding=\"async\" src=\"\/pildid\/597\/IMG_6165v.jpg\" alt=\"isaga\" \/><\/a><\/center><\/p>\n<p>Issi ja vanem \u00f5de k\u00e4isid ka s\u00fcnnip\u00e4eval k\u00fclas. Issiga koos vaatasime albumit ja meenutasime, kuidas tirts kasvas. <\/p>\n<p><center><a href=\"\/pildid\/597\/IMG_6167v.jpg\"><img decoding=\"async\" src=\"\/pildid\/597\/IMG_6167v.jpg\" alt=\"\u00f5ega\" \/><\/a><\/center><\/p>\n<p>Koos vanema \u00f5ega<\/p>\n<p><center><a href=\"\/pildid\/597\/IMG_6177v.jpg\"><img decoding=\"async\" src=\"\/pildid\/597\/IMG_6177v.jpg\" alt=\"laps\" \/><\/a><\/center><\/p>\n<p>\u00d5htul peale pidu. No natuke oli veel ju vaja v\u00e4rvida oma uut v\u00e4rviraamatut :)<\/p>\n<p><center><a href=\"\/pildid\/597\/IMG_6186v.jpg\"><img decoding=\"async\" src=\"\/pildid\/597\/IMG_6186v.jpg\" alt=\"lapsed\" \/><\/a><\/center><\/p>\n<p>Laste pidu on hoos :)<\/p>\n<p><center><a href=\"\/pildid\/597\/IMG_6185v.jpg\"><img decoding=\"async\" src=\"\/pildid\/597\/IMG_6185v.jpg\" alt=\"laps\" \/><\/a><\/center><\/p>\n<p>V\u00e4ike s\u00fcnnip\u00e4evalaps torbikuga :)<\/p>\n<p><center><a href=\"\/pildid\/597\/IMG_6182v.jpg\"><img decoding=\"async\" src=\"\/pildid\/597\/IMG_6182v.jpg\" alt=\"k\u00fclalised\" \/><\/a><\/center><\/p>\n<p>Lateaiakaaslane Keit Liis emmega :)<\/p>\n<p><center><a href=\"\/pildid\/597\/IMG_6197v.jpg\"><img decoding=\"async\" src=\"\/pildid\/597\/IMG_6197v.jpg\" alt=\"laud\" \/><\/a><\/center><\/p>\n<p>Natuke s\u00fcnnip\u00e4evalauda<\/p>\n<p><center><a href=\"\/pildid\/597\/IMG_6201v.jpg\"><img decoding=\"async\" src=\"\/pildid\/597\/IMG_6201v.jpg\" alt=\"pidu\" \/><\/a><\/center><\/p>\n<p>Lastel on nii palju r\u00f5\u00f5mu v\u00e4ikesest ilutulestikust :)<\/p>\n<p><center><a href=\"\/pildid\/597\/IMG_6205v.jpg\"><img decoding=\"async\" src=\"\/pildid\/597\/IMG_6205v.jpg\" alt=\"pidu\" \/><\/a><\/center><\/p>\n<p>Seltskond \u00fcmber tordi. Kadi, Annika, Mia Ly, Kirke, Leene, Keit Liis, Gregor<\/p>\n<p><center><a href=\"\/pildid\/597\/IMG_6208v.jpg\"><img decoding=\"async\" src=\"\/pildid\/597\/IMG_6208v.jpg\" alt=\"pidu\" \/><\/a><\/center><\/p>\n<p>Kadi, Annika, Mia Ly, Kirke, Leene ja Keit Liis<\/p>\n<p><center><a href=\"\/pildid\/597\/IMG_6207v.jpg\"><img decoding=\"async\" src=\"\/pildid\/597\/IMG_6207v.jpg\" alt=\"Miaga\" \/><\/a><\/center><\/p>\n<p>Miaga koos<\/p>\n<p><center><a href=\"\/pildid\/597\/IMG_6209v.jpg\"><img decoding=\"async\" src=\"\/pildid\/597\/IMG_6209v.jpg\" alt=\"Miaga\" \/><\/a><\/center><\/p>\n<p>Ja n\u00fc\u00fcd loetakse peale s\u00f5nad, mida peab k\u00fc\u00fcnlaid puhudes ikka soovima :P<\/p>\n<p><center><a href=\"\/pildid\/597\/IMG_6211v.jpg\"><img decoding=\"async\" src=\"\/pildid\/597\/IMG_6211v.jpg\" alt=\"salasoov\" \/><\/a><\/center><\/p>\n<p>K\u00fc\u00fcnlad puhutigi soovi saatel \u00e4ra :)<\/p>\n<p><center><a href=\"\/pildid\/597\/IMG_6214v.jpg\"><img decoding=\"async\" src=\"\/pildid\/597\/IMG_6214v.jpg\" alt=\"Anneliis\" \/><\/a><\/center><\/p>\n<p>S\u00fcnnip\u00e4eva noorimad k\u00fclalised &#8211; Kaisa ja K\u00e4rt, koos Kaisa &#8211; Annika emme Anneliis-iga.<\/p>\n<p>Ja nii need peod m\u00f6\u00f6dusidki. L\u00f5busasti ja m\u00f5nusalt, vaatamata minu kartustele, et kuidas ma selle k\u00f5igega toime tulen. K\u00f5ige t\u00e4htsam oli ikkagi see, et lapse silmad s\u00e4raksid :)<br \/>\nMa olen oma t\u00fctre \u00fcle v\u00e4ga, v\u00e4ga uhke ja seda tunnet, kui v\u00e4ga ma teda armastan, ei oskagi nagu seletada :) <\/p>\n","protected":false},"excerpt":{"rendered":"<p>Tundub uskumatuna, sest alles see oli, kui ta s\u00fcndis. Alles see oli, kui saime teada, et perre on s\u00fcndimas beebi, et on s\u00fcndimas t\u00fctar. See r\u00f5\u00f5m ja hirm, mis tookord segunesid selle teadmisega&#8230;see tundub olevat nii alles olnud. Ja vaatamata &hellip; <a href=\"https:\/\/www.kaldkriips.ee\/?p=597\">J\u00e4tka lugemist <span class=\"meta-nav\">&rarr;<\/span><\/a><\/p>\n","protected":false},"author":1,"featured_media":0,"comment_status":"open","ping_status":"open","sticky":false,"template":"","format":"standard","meta":{"footnotes":""},"categories":[5],"tags":[],"class_list":["post-597","post","type-post","status-publish","format-standard","hentry","category-mina-ise-ja-muud-loomad"],"_links":{"self":[{"href":"https:\/\/www.kaldkriips.ee\/index.php?rest_route=\/wp\/v2\/posts\/597"}],"collection":[{"href":"https:\/\/www.kaldkriips.ee\/index.php?rest_route=\/wp\/v2\/posts"}],"about":[{"href":"https:\/\/www.kaldkriips.ee\/index.php?rest_route=\/wp\/v2\/types\/post"}],"author":[{"embeddable":true,"href":"https:\/\/www.kaldkriips.ee\/index.php?rest_route=\/wp\/v2\/users\/1"}],"replies":[{"embeddable":true,"href":"https:\/\/www.kaldkriips.ee\/index.php?rest_route=%2Fwp%2Fv2%2Fcomments&post=597"}],"version-history":[{"count":0,"href":"https:\/\/www.kaldkriips.ee\/index.php?rest_route=\/wp\/v2\/posts\/597\/revisions"}],"wp:attachment":[{"href":"https:\/\/www.kaldkriips.ee\/index.php?rest_route=%2Fwp%2Fv2%2Fmedia&parent=597"}],"wp:term":[{"taxonomy":"category","embeddable":true,"href":"https:\/\/www.kaldkriips.ee\/index.php?rest_route=%2Fwp%2Fv2%2Fcategories&post=597"},{"taxonomy":"post_tag","embeddable":true,"href":"https:\/\/www.kaldkriips.ee\/index.php?rest_route=%2Fwp%2Fv2%2Ftags&post=597"}],"curies":[{"name":"wp","href":"https:\/\/api.w.org\/{rel}","templated":true}]}}