{"id":595,"date":"2010-10-25T22:23:20","date_gmt":"2010-10-25T20:23:20","guid":{"rendered":"http:\/\/blog.kaldkriips.ee\/?p=595"},"modified":"2010-10-25T22:23:20","modified_gmt":"2010-10-25T20:23:20","slug":"oktoober-hakkab-loppema","status":"publish","type":"post","link":"https:\/\/www.kaldkriips.ee\/?p=595","title":{"rendered":"Oktoober hakkab l\u00f5ppema"},"content":{"rendered":"<p>Nii ongi. Ees on aasta pimedamad ja k\u00fclmemad ajad.<br \/>\nViimane n\u00e4dal on olnud vahelduva ilmaga. Reedel kell 8 paistis p\u00e4ike, kell 9 sadas lund ja peale 10 oli maas juba korralik lumevaip. Laup\u00e4eval tegid lapsed maja taga selle aasta esimest lumememme. \u00d5hus on tunda talve hingust&#8230;ja p\u00fchap\u00e4evaks oli lumi j\u00e4lle l\u00e4inud. Majatagusel muruplatsil on j\u00e4rgi vaid lumememmelaiguke&#8230;..<\/p>\n<p><center><a href=\"\/pildid\/595\/IMG_5969v.jpg\"><img decoding=\"async\" src=\"\/pildid\/595\/IMG_5969v.jpg\" alt=\"loodus\" \/><\/a><\/center><\/p>\n<p>Reede&#8230;22.oktoober 2010<\/p>\n<p><center><a href=\"\/pildid\/595\/IMG_6018v.jpg\"><img decoding=\"async\" src=\"\/pildid\/595\/IMG_6018v.jpg\" alt=\"loodus\" \/><\/a><\/center><\/p>\n<p>P\u00fchap\u00e4ev&#8230;.24.oktoober 2010<\/p>\n<p>N\u00e4dal iseenesest oli aktiivne ja kiire. Kuigi mis seal salata, s\u00fcgis on hoos ja minul algab uimane periood. Tahaks karuunne. Hallidel hommikutel ei suuda olla ergas ja alles vastu \u00f6\u00f6d tekivad head ideed ja tegutsemistahe. Normaalsed inimesed teadup\u00e4rast siis vist magavad? V\u00f5i kes on normaalne ? :D Halli ja sompus ilmaga magab  isegi loodus :D Miks siis mina, osakesena suurest, peaksin olema \u00e4rkvel :P \u00d5ues ei taha enam isegi v\u00e4ga pildistada. Kolisin \u00fcle tubastele kl\u00f5psutamistele. Otsisin isegi erksaid ja p\u00e4ikselisi rekvisiite \u00fcks \u00f5htu. Ja tegelikult ma lausa \u00fchel hilis\u00f5htul \u00f5mblesin. Tuli idee, v\u00f5tsin kanga, mis mitu aastat kapis laagerdanud, l\u00f5ikasin k\u00e4\u00e4ridega silma j\u00e4rgi v\u00e4lja \u00fche tuunika ja \u00f5mblesin sipsniuhhti valmis :P Sai nagu p\u00e4ris. Tuhin oli nii suur, et isegi l\u00f5iget ei l\u00e4inud vaja :D<\/p>\n<p>Siin siis v\u00e4ike k\u00f5rvitsaseeria. <\/p>\n<p><center><a href=\"\/pildid\/595\/IMG_5990v.jpg\"><img decoding=\"async\" src=\"\/pildid\/595\/IMG_5990v.jpg\" alt=\"loodus\" \/><\/a><\/center><\/p>\n<p><center><a href=\"\/pildid\/595\/IMG_5992v.jpg\"><img decoding=\"async\" src=\"\/pildid\/595\/IMG_5992v.jpg\" alt=\"loodus\" \/><\/a><\/center><\/p>\n<p><center><a href=\"\/pildid\/595\/IMG_5993v.jpg\"><img decoding=\"async\" src=\"\/pildid\/595\/IMG_5993v.jpg\" alt=\"loodus\" \/><\/a><\/center><\/p>\n<p>ja siin on minu neljast k\u00f5ige kallimast kaks :)<\/p>\n<p><center><a href=\"\/pildid\/595\/IMG_5975v.jpg\"><img decoding=\"async\" src=\"\/pildid\/595\/IMG_5975v.jpg\" alt=\"loodus\" \/><\/a><\/center><\/p>\n","protected":false},"excerpt":{"rendered":"<p>Nii ongi. Ees on aasta pimedamad ja k\u00fclmemad ajad. Viimane n\u00e4dal on olnud vahelduva ilmaga. Reedel kell 8 paistis p\u00e4ike, kell 9 sadas lund ja peale 10 oli maas juba korralik lumevaip. Laup\u00e4eval tegid lapsed maja taga selle aasta esimest &hellip; <a href=\"https:\/\/www.kaldkriips.ee\/?p=595\">J\u00e4tka lugemist <span class=\"meta-nav\">&rarr;<\/span><\/a><\/p>\n","protected":false},"author":1,"featured_media":0,"comment_status":"open","ping_status":"open","sticky":false,"template":"","format":"standard","meta":{"footnotes":""},"categories":[5],"tags":[],"class_list":["post-595","post","type-post","status-publish","format-standard","hentry","category-mina-ise-ja-muud-loomad"],"_links":{"self":[{"href":"https:\/\/www.kaldkriips.ee\/index.php?rest_route=\/wp\/v2\/posts\/595"}],"collection":[{"href":"https:\/\/www.kaldkriips.ee\/index.php?rest_route=\/wp\/v2\/posts"}],"about":[{"href":"https:\/\/www.kaldkriips.ee\/index.php?rest_route=\/wp\/v2\/types\/post"}],"author":[{"embeddable":true,"href":"https:\/\/www.kaldkriips.ee\/index.php?rest_route=\/wp\/v2\/users\/1"}],"replies":[{"embeddable":true,"href":"https:\/\/www.kaldkriips.ee\/index.php?rest_route=%2Fwp%2Fv2%2Fcomments&post=595"}],"version-history":[{"count":0,"href":"https:\/\/www.kaldkriips.ee\/index.php?rest_route=\/wp\/v2\/posts\/595\/revisions"}],"wp:attachment":[{"href":"https:\/\/www.kaldkriips.ee\/index.php?rest_route=%2Fwp%2Fv2%2Fmedia&parent=595"}],"wp:term":[{"taxonomy":"category","embeddable":true,"href":"https:\/\/www.kaldkriips.ee\/index.php?rest_route=%2Fwp%2Fv2%2Fcategories&post=595"},{"taxonomy":"post_tag","embeddable":true,"href":"https:\/\/www.kaldkriips.ee\/index.php?rest_route=%2Fwp%2Fv2%2Ftags&post=595"}],"curies":[{"name":"wp","href":"https:\/\/api.w.org\/{rel}","templated":true}]}}