{"id":590,"date":"2010-10-05T22:58:38","date_gmt":"2010-10-05T20:58:38","guid":{"rendered":"http:\/\/blog.kaldkriips.ee\/?p=590"},"modified":"2010-10-06T08:40:17","modified_gmt":"2010-10-06T06:40:17","slug":"elu-on-imeline","status":"publish","type":"post","link":"https:\/\/www.kaldkriips.ee\/?p=590","title":{"rendered":"Elu on imeline :)"},"content":{"rendered":"<p>Viimasel ajal juhtub mu elus ridamisi h\u00e4id, ilusaid ja veel paremaid asju :) Nii vahvaid ja nii palju, et silmad s\u00e4ravad.<br \/>\nSee teeb nii r\u00f5\u00f5mu, et enne, kui magama l\u00e4hen, pean m\u00f5ne rea lihtsalt endast v\u00e4lja kirjutama :)<br \/>\nTegelikult on terve suve olnud minu elus ridamisi ilusaid asju ja s\u00fcgisel see sadu paistab j\u00e4tkuvat :)<br \/>\nRidamisi ilusaid, pisikesi, lihtsaid, sillerdavaid&#8230;.millest koguneb kaunis ja elujaatav r\u00f5\u00f5mus pall :)<br \/>\nK\u00f5ige v\u00e4\u00e4rtuslikum kogu selles r\u00f5\u00f5musajus on aga see, et ma saan seda k\u00f5ike jagada endale v\u00e4ga oluliste inimestega :)<br \/>\nPerega, armsate inimestega, s\u00f5pradega ja kolleegidega.<br \/>\nJa asjad lihtsalt juhtuvad :)<br \/>\nNagu ntx see, et reedel v\u00f5itsin ootamatult kaks piletit T\u00e4tte &#8211; Matvere viimasele kontserdile :) See oli nii lahe \u00fcllatus, et jupp aega ise ka ei uskunud, aga polnud ka kaua aega \u00f5hku ahmida :) Tuli kiiresti v\u00f5tta kaasa s\u00f5ber ja kihutada kontserdile :) Kontsert oli vahva. Kohtasin seal juhuslikult \u00fchtesid peretuttavaid, kes \u00fctlesid, et kuule, usu, see v\u00f5it on t\u00e4henduslik :)<br \/>\nKes teab, kes teab :)<br \/>\nOotamatult toodud punased roosid&#8230;&#8230;<br \/>\nT\u00e4na helistas mulle \u00f5htul minu armas s\u00f5ber ja teatas, et kingib mulle t\u00e4nase nimep\u00e4eva puhul neljap\u00e4evasele Valgre kontserdile pileti :) :) Siiras t\u00e4nu Sulle, armas s\u00f5ber. Sa oled mulle v\u00e4ga kallis!!!!<br \/>\nJa selle n\u00e4dala l\u00f5pus olen ma mitu p\u00e4eva \u00e4ra ;) Mind kutsuti kaasa tripile, kus on minu jaoks koos k\u00f5ik , mis mulle v\u00e4ga armas ja oluline :)<br \/>\nP\u00e4ike paistab :)<br \/>\nTulgu varsti taevast v\u00f5i l\u00f6rtsi :)<br \/>\nAnna maailmale isetult head ja maailm annab sulle topeltkoguses vastu :)<\/p>\n<p><center><a href=\"\/pildid\/590\/IMG_5471v.jpg\"><img decoding=\"async\" src=\"\/pildid\/590\/IMG_5471v.jpg\" alt=\"laps\" \/><\/a><\/center><\/p>\n","protected":false},"excerpt":{"rendered":"<p>Viimasel ajal juhtub mu elus ridamisi h\u00e4id, ilusaid ja veel paremaid asju :) Nii vahvaid ja nii palju, et silmad s\u00e4ravad. See teeb nii r\u00f5\u00f5mu, et enne, kui magama l\u00e4hen, pean m\u00f5ne rea lihtsalt endast v\u00e4lja kirjutama :) Tegelikult on &hellip; <a href=\"https:\/\/www.kaldkriips.ee\/?p=590\">J\u00e4tka lugemist <span class=\"meta-nav\">&rarr;<\/span><\/a><\/p>\n","protected":false},"author":1,"featured_media":0,"comment_status":"open","ping_status":"open","sticky":false,"template":"","format":"standard","meta":{"footnotes":""},"categories":[5],"tags":[],"class_list":["post-590","post","type-post","status-publish","format-standard","hentry","category-mina-ise-ja-muud-loomad"],"_links":{"self":[{"href":"https:\/\/www.kaldkriips.ee\/index.php?rest_route=\/wp\/v2\/posts\/590"}],"collection":[{"href":"https:\/\/www.kaldkriips.ee\/index.php?rest_route=\/wp\/v2\/posts"}],"about":[{"href":"https:\/\/www.kaldkriips.ee\/index.php?rest_route=\/wp\/v2\/types\/post"}],"author":[{"embeddable":true,"href":"https:\/\/www.kaldkriips.ee\/index.php?rest_route=\/wp\/v2\/users\/1"}],"replies":[{"embeddable":true,"href":"https:\/\/www.kaldkriips.ee\/index.php?rest_route=%2Fwp%2Fv2%2Fcomments&post=590"}],"version-history":[{"count":0,"href":"https:\/\/www.kaldkriips.ee\/index.php?rest_route=\/wp\/v2\/posts\/590\/revisions"}],"wp:attachment":[{"href":"https:\/\/www.kaldkriips.ee\/index.php?rest_route=%2Fwp%2Fv2%2Fmedia&parent=590"}],"wp:term":[{"taxonomy":"category","embeddable":true,"href":"https:\/\/www.kaldkriips.ee\/index.php?rest_route=%2Fwp%2Fv2%2Fcategories&post=590"},{"taxonomy":"post_tag","embeddable":true,"href":"https:\/\/www.kaldkriips.ee\/index.php?rest_route=%2Fwp%2Fv2%2Ftags&post=590"}],"curies":[{"name":"wp","href":"https:\/\/api.w.org\/{rel}","templated":true}]}}