{"id":587,"date":"2010-10-01T13:06:10","date_gmt":"2010-10-01T11:06:10","guid":{"rendered":"http:\/\/blog.kaldkriips.ee\/?p=587"},"modified":"2010-10-01T13:09:29","modified_gmt":"2010-10-01T11:09:29","slug":"fotomeikfotomeik","status":"publish","type":"post","link":"https:\/\/www.kaldkriips.ee\/?p=587","title":{"rendered":"Foto..meik&#8230;.fotomeik&#8230;"},"content":{"rendered":"<p>Eile j\u00f5udsin koju alles 23.00 ajal. R\u00e4\u00e4kisin lapsega l\u00e4bi k\u00f5ik tema p\u00e4evas olulisel kohal olnud s\u00fcndmused, kallid, musid ja muud uneeelsed  toimungud ja pisipiiga j\u00e4i \u00f5ndsasse lapseunne. Triibuline s\u00e4rk seljas, sest me oleme ju kaks meremutti :P<br \/>\nPeale seda oli mul aega istuda maha ja anal\u00fc\u00fcsida viimaseid p\u00e4evi ja nendes olnud tegemisi.<br \/>\nPean t\u00f5dema, et ma olen \u00f5nnelik inimene. Jah , vahest isegi loomupoolest, aga enamasti ka seisundilt. Elus on v\u00e4he asju, mis l\u00f6\u00f6vad mind r\u00f6\u00f6past v\u00e4lja ja isegi siis p\u00fc\u00fcan ma leida halvas midagi head. \u00dcks \u00f5nnelikolemise p\u00f5hjuseid on aga kindlasti see, et ma teen seda t\u00f6\u00f6d ja tegelen just sellega, mis mind huvitab ja mis mulle r\u00f5\u00f5mu toob. V\u00f5imalik, et elades s\u00fcdameh\u00e4\u00e4lt kuulates, ei ole alati rahakott puuga seljas, aga sotsiaalsest rahakast staatusest olulisem on minu jaoks elada ja armastada elu, tuua r\u00f5\u00f5mu inimestele ja olla ise \u00f5nnelik. K\u00f5ige selle juures j\u00e4\u00e4b mul alati aega pere jaoks. On vist piisav p\u00f5hjus olla \u00f5nnelik? Jah, mingi magus ootus on ikka ka alati hinges :) Aga mitte sellest ei tahtnud ma kirjutada.<br \/>\nNagu pealkirjast n\u00e4ha, on minu elus nii foto, kui meik. Fotograafia on lapsep\u00f5lvest isa pimikutest alanud hobi ja meik&#8230;..tuli minu ellu alles kaks aastat tagasi, kuid \u00fcllatas mind oma loomingulisusega ja tahes tahtmata viis otsad kokku taas fotograafia juures. Kunstiinimesena on nii \u00fcks kui teine mulle s\u00fcdamel\u00e4hedased.<br \/>\nOlen ka ennem k\u00e4inud Fotograafia Arenduskeskuses tegemas fotomeigi koolitust, aga vahepeal oli paus ning \u00fcle jupi aja k\u00e4isin n\u00fc\u00fcd kaks p\u00e4eva j\u00e4rjest tegemas taas koolitusi.<br \/>\nKahe p\u00e4evaga umbes 45 kursuslast :) Pole v\u00e4he. Ja meil on uued plaanid juba sihikul :P<br \/>\nMa olen t\u00e4iesti veendunud, et meigialased teadmised on fotograafias vajalikud. Loomulikult ei hakka iga fotograaf selle ala s\u00fcgavustesse sukelduma, aga midagi peaks ta kindlasti teadma, et toetada klienti, kui klient seda vajab. Peab oskama juhtida t\u00e4helepanu sellele, mis on pildile j\u00e4\u00e4misel oluline ja kuidas saavutada parimaid tulemusi.<br \/>\nIga inimese inimlik soov on ju j\u00e4\u00e4da fotole kaunina. Kui just pole taotlsulik groteskne foto :D<br \/>\nT\u00e4nap\u00e4eva fototehnika on muutunud nii tundlikuks, et tahes tahtmata toob see v\u00e4lja fotol k\u00f5ik naha ebatasasused, defektid ja meigiapsakad. Kui ise pole oma oskustes kindel, on ikka arukam kasutada proffessionaali abi.<br \/>\nMul on v\u00e4ga hea meel, et kahe p\u00e4eva jooksul kohtasin v\u00e4ga vahvaid inimesi. Inimesi kes \u00f5pivad fotondust ja kes tahavad \u00f5ppida veidi enam, kui pildistamist. Inimesi, kelle silmis ma n\u00e4gin s\u00e4ra. Eriti teeb r\u00f5\u00f5mu see, et juba on tulnud meie kursusele v\u00e4ga positiivset tagasisidet. Esimesel p\u00e4eval oli kaks eesti gruppi, teisel p\u00e4eval kaks vene gruppi. Koolituses oli nii palju m\u00e4ngulisust ja lusti, et lisaks v\u00e4simusele, kui l\u00f5petad pika p\u00e4eva, on hinges r\u00f5\u00f5mus elevus. Eilsetes gruppides sai ikka v\u00e4ga palju nalja ja isegi poisid \u00f5ppisid hoolega fotomeigi saladusi, l\u00f5id k\u00f5iges kaasa ja andsid endale v\u00f5imaluse kogeda elus midagi uut :)<br \/>\nT\u00f6\u00f6d tehes on aga oluline saada tagasisidet&#8230;..ja k\u00fcll on hea, kui see on positiivne :)<\/p>\n<p>Sel korral oli \u00fchel p\u00e4eval kaks kursust j\u00e4rjest ja tahes tahtmata teise stuudiosse ise piiluma ei j\u00f5udnudki. Ei tea, kas ma j\u00f5uan ise ka kunagi elus m\u00f5nele fotokursusele? :P Mul on tekkinud selles osas segadus. Mitmed fotograafid on pidanud just minu klassikalist koolitamatust minu plussiks :D \u00c4kki peaks neid uskuma?<\/p>\n<p>T\u00f6\u00f6lauad valmis seatud&#8230;&#8230; ja koolitus hakkas peale&#8230;. :)<\/p>\n<p><center><a href=\"\/pildid\/587\/IMG_5628.jpg\"><img decoding=\"async\" src=\"\/pildid\/587\/IMG_5628.jpg\" alt=\"foto\" \/><\/a><\/center><\/p>\n","protected":false},"excerpt":{"rendered":"<p>Eile j\u00f5udsin koju alles 23.00 ajal. R\u00e4\u00e4kisin lapsega l\u00e4bi k\u00f5ik tema p\u00e4evas olulisel kohal olnud s\u00fcndmused, kallid, musid ja muud uneeelsed toimungud ja pisipiiga j\u00e4i \u00f5ndsasse lapseunne. Triibuline s\u00e4rk seljas, sest me oleme ju kaks meremutti :P Peale seda oli &hellip; <a href=\"https:\/\/www.kaldkriips.ee\/?p=587\">J\u00e4tka lugemist <span class=\"meta-nav\">&rarr;<\/span><\/a><\/p>\n","protected":false},"author":1,"featured_media":0,"comment_status":"open","ping_status":"open","sticky":false,"template":"","format":"standard","meta":{"footnotes":""},"categories":[5],"tags":[],"class_list":["post-587","post","type-post","status-publish","format-standard","hentry","category-mina-ise-ja-muud-loomad"],"_links":{"self":[{"href":"https:\/\/www.kaldkriips.ee\/index.php?rest_route=\/wp\/v2\/posts\/587"}],"collection":[{"href":"https:\/\/www.kaldkriips.ee\/index.php?rest_route=\/wp\/v2\/posts"}],"about":[{"href":"https:\/\/www.kaldkriips.ee\/index.php?rest_route=\/wp\/v2\/types\/post"}],"author":[{"embeddable":true,"href":"https:\/\/www.kaldkriips.ee\/index.php?rest_route=\/wp\/v2\/users\/1"}],"replies":[{"embeddable":true,"href":"https:\/\/www.kaldkriips.ee\/index.php?rest_route=%2Fwp%2Fv2%2Fcomments&post=587"}],"version-history":[{"count":0,"href":"https:\/\/www.kaldkriips.ee\/index.php?rest_route=\/wp\/v2\/posts\/587\/revisions"}],"wp:attachment":[{"href":"https:\/\/www.kaldkriips.ee\/index.php?rest_route=%2Fwp%2Fv2%2Fmedia&parent=587"}],"wp:term":[{"taxonomy":"category","embeddable":true,"href":"https:\/\/www.kaldkriips.ee\/index.php?rest_route=%2Fwp%2Fv2%2Fcategories&post=587"},{"taxonomy":"post_tag","embeddable":true,"href":"https:\/\/www.kaldkriips.ee\/index.php?rest_route=%2Fwp%2Fv2%2Ftags&post=587"}],"curies":[{"name":"wp","href":"https:\/\/api.w.org\/{rel}","templated":true}]}}