{"id":577,"date":"2010-08-23T12:26:20","date_gmt":"2010-08-23T10:26:20","guid":{"rendered":"http:\/\/blog.kaldkriips.ee\/?p=577"},"modified":"2010-08-23T16:56:29","modified_gmt":"2010-08-23T14:56:29","slug":"taas-punab-pihlakaid","status":"publish","type":"post","link":"https:\/\/www.kaldkriips.ee\/?p=577","title":{"rendered":"Taas punab pihlakaid&#8230;"},"content":{"rendered":"<p>Vaikselt hakkab ligi hiilima&#8230;..s\u00fcgis :) Esialgu kuldne ja s\u00e4rav. P\u00e4eval ei saa nagu v\u00e4ga aru, kui just punetavaid puid &#8211; p\u00f5\u00f5said ei silma, aga \u00f5htul, \u00f5htul, kui vaatad taevas t\u00e4hti, on tunda juba \u00f6\u00f6 hingust&#8230;.s\u00fcgis tuleb. Pimedus on pimedast pimedam ja kui juhtub veel, et pilves&#8230;. lihtsalt ongi kottpime. S\u00f5na &#8211; s\u00f5nalt.<br \/>\nP\u00e4evast suvesoojust nautides tegime \u00fchel p\u00e4eval pihlakapilte :)<\/p>\n<p><center><a href=\"\/pildid\/577\/IMG_3798v.jpg\"><img decoding=\"async\" src=\"\/pildid\/577\/IMG_3798v.jpg\" alt=\"kirke\" \/><\/a><\/center><\/p>\n<p><center><a href=\"\/pildid\/577\/IMG_3806v.jpg\"><img decoding=\"async\" src=\"\/pildid\/577\/IMG_3806v.jpg\" alt=\"kirke\" \/><\/a><\/center><\/p>\n<p><center><a href=\"\/pildid\/577\/IMG_3808v.jpg\"><img decoding=\"async\" src=\"\/pildid\/577\/IMG_3808v.jpg\" alt=\"kirke\" \/><\/a><\/center><\/p>\n","protected":false},"excerpt":{"rendered":"<p>Vaikselt hakkab ligi hiilima&#8230;..s\u00fcgis :) Esialgu kuldne ja s\u00e4rav. P\u00e4eval ei saa nagu v\u00e4ga aru, kui just punetavaid puid &#8211; p\u00f5\u00f5said ei silma, aga \u00f5htul, \u00f5htul, kui vaatad taevas t\u00e4hti, on tunda juba \u00f6\u00f6 hingust&#8230;.s\u00fcgis tuleb. Pimedus on pimedast pimedam &hellip; <a href=\"https:\/\/www.kaldkriips.ee\/?p=577\">J\u00e4tka lugemist <span class=\"meta-nav\">&rarr;<\/span><\/a><\/p>\n","protected":false},"author":1,"featured_media":0,"comment_status":"open","ping_status":"open","sticky":false,"template":"","format":"standard","meta":{"footnotes":""},"categories":[5],"tags":[],"class_list":["post-577","post","type-post","status-publish","format-standard","hentry","category-mina-ise-ja-muud-loomad"],"_links":{"self":[{"href":"https:\/\/www.kaldkriips.ee\/index.php?rest_route=\/wp\/v2\/posts\/577"}],"collection":[{"href":"https:\/\/www.kaldkriips.ee\/index.php?rest_route=\/wp\/v2\/posts"}],"about":[{"href":"https:\/\/www.kaldkriips.ee\/index.php?rest_route=\/wp\/v2\/types\/post"}],"author":[{"embeddable":true,"href":"https:\/\/www.kaldkriips.ee\/index.php?rest_route=\/wp\/v2\/users\/1"}],"replies":[{"embeddable":true,"href":"https:\/\/www.kaldkriips.ee\/index.php?rest_route=%2Fwp%2Fv2%2Fcomments&post=577"}],"version-history":[{"count":0,"href":"https:\/\/www.kaldkriips.ee\/index.php?rest_route=\/wp\/v2\/posts\/577\/revisions"}],"wp:attachment":[{"href":"https:\/\/www.kaldkriips.ee\/index.php?rest_route=%2Fwp%2Fv2%2Fmedia&parent=577"}],"wp:term":[{"taxonomy":"category","embeddable":true,"href":"https:\/\/www.kaldkriips.ee\/index.php?rest_route=%2Fwp%2Fv2%2Fcategories&post=577"},{"taxonomy":"post_tag","embeddable":true,"href":"https:\/\/www.kaldkriips.ee\/index.php?rest_route=%2Fwp%2Fv2%2Ftags&post=577"}],"curies":[{"name":"wp","href":"https:\/\/api.w.org\/{rel}","templated":true}]}}