{"id":575,"date":"2010-08-15T21:57:58","date_gmt":"2010-08-15T19:57:58","guid":{"rendered":"http:\/\/blog.kaldkriips.ee\/?p=575"},"modified":"2010-08-15T22:00:47","modified_gmt":"2010-08-15T20:00:47","slug":"puhapaeva-ohtu","status":"publish","type":"post","link":"https:\/\/www.kaldkriips.ee\/?p=575","title":{"rendered":"P\u00fchap\u00e4eva \u00f5htu"},"content":{"rendered":"<p>Nagu meil viimasel ajal kombeks, k\u00e4ime tipsuga \u00f5htuti pikemal jalutusk\u00e4igul. Tema rattaga, mina jalgsi. N\u00fc\u00fcd, kui ta on \u00f5ppinud ratta seljas ennast kindlamalt tundma, kui enam ei kohuta m\u00e4est alla s\u00f5itmised ja pidurdamine k\u00e4pas, on k\u00f5ik palju lihtsam. J\u00e4rk j\u00e4rgult hakkab ta ka f\u00fc\u00fcsiliselt jaksama teha pikemaid tiire. Praeguse tempo ja marsruudi pikkuse juures on just paras jalgsi koos temaga k\u00f5ndida. Kasutan juhust ja teen vahepeal pilte, kui laps puhkab v\u00f5i on midagi p\u00f5nevat avastanud. T\u00e4na k\u00e4isime \u00f5unaaias. Proovisime, kuidas on s\u00f5ita kruusateel, vaatasime veskit, avastasime  hiidlehe, k\u00e4nnuseene ja puus veidra augu, mis lapse meelest oli jalaj\u00e4lg:) Praegu on meil veel p\u00f5nev.Varsti usun, hakkab meile selline variant kitsaks j\u00e4\u00e4ma ja tahaks kaugemale. Jaajaaa, peame hakkama oma prioriteete \u00fcle vaatama, et jaksaks osta emmele ka ratta :D Hakkame ntx v\u00e4hem s\u00f6\u00f6ma :P<\/p>\n<p><center><a href=\"\/pildid\/575\/IMG_3868.jpg\"><img decoding=\"async\" src=\"\/pildid\/575\/IMG_3868.jpg\" alt=\"kirke\" \/><\/a><\/center><\/p>\n<p>\u00dcks suur hiidleht :)<\/p>\n<p><center><a href=\"\/pildid\/575\/IMG_3871.jpg\"><img decoding=\"async\" src=\"\/pildid\/575\/IMG_3871.jpg\" alt=\"kirke\" \/><\/a><\/center><\/p>\n<p>Seen :P<\/p>\n<p><center><a href=\"\/pildid\/575\/IMG_3886v.jpg\"><img decoding=\"async\" src=\"\/pildid\/575\/IMG_3886v.jpg\" alt=\"loojang veskiga\" \/><\/a><\/center><\/p>\n<p>Loojub nii&#8230;<\/p>\n<p><center><a href=\"\/pildid\/575\/IMG_3875v.jpg\"><img decoding=\"async\" src=\"\/pildid\/575\/IMG_3875v.jpg\" alt=\"loojang\" \/><\/a><\/center><\/p>\n<p>Ja loojub naa&#8230;:)<\/p>\n","protected":false},"excerpt":{"rendered":"<p>Nagu meil viimasel ajal kombeks, k\u00e4ime tipsuga \u00f5htuti pikemal jalutusk\u00e4igul. Tema rattaga, mina jalgsi. N\u00fc\u00fcd, kui ta on \u00f5ppinud ratta seljas ennast kindlamalt tundma, kui enam ei kohuta m\u00e4est alla s\u00f5itmised ja pidurdamine k\u00e4pas, on k\u00f5ik palju lihtsam. J\u00e4rk j\u00e4rgult &hellip; <a href=\"https:\/\/www.kaldkriips.ee\/?p=575\">J\u00e4tka lugemist <span class=\"meta-nav\">&rarr;<\/span><\/a><\/p>\n","protected":false},"author":1,"featured_media":0,"comment_status":"open","ping_status":"open","sticky":false,"template":"","format":"standard","meta":{"footnotes":""},"categories":[5],"tags":[],"class_list":["post-575","post","type-post","status-publish","format-standard","hentry","category-mina-ise-ja-muud-loomad"],"_links":{"self":[{"href":"https:\/\/www.kaldkriips.ee\/index.php?rest_route=\/wp\/v2\/posts\/575"}],"collection":[{"href":"https:\/\/www.kaldkriips.ee\/index.php?rest_route=\/wp\/v2\/posts"}],"about":[{"href":"https:\/\/www.kaldkriips.ee\/index.php?rest_route=\/wp\/v2\/types\/post"}],"author":[{"embeddable":true,"href":"https:\/\/www.kaldkriips.ee\/index.php?rest_route=\/wp\/v2\/users\/1"}],"replies":[{"embeddable":true,"href":"https:\/\/www.kaldkriips.ee\/index.php?rest_route=%2Fwp%2Fv2%2Fcomments&post=575"}],"version-history":[{"count":0,"href":"https:\/\/www.kaldkriips.ee\/index.php?rest_route=\/wp\/v2\/posts\/575\/revisions"}],"wp:attachment":[{"href":"https:\/\/www.kaldkriips.ee\/index.php?rest_route=%2Fwp%2Fv2%2Fmedia&parent=575"}],"wp:term":[{"taxonomy":"category","embeddable":true,"href":"https:\/\/www.kaldkriips.ee\/index.php?rest_route=%2Fwp%2Fv2%2Fcategories&post=575"},{"taxonomy":"post_tag","embeddable":true,"href":"https:\/\/www.kaldkriips.ee\/index.php?rest_route=%2Fwp%2Fv2%2Ftags&post=575"}],"curies":[{"name":"wp","href":"https:\/\/api.w.org\/{rel}","templated":true}]}}