{"id":565,"date":"2010-07-31T12:36:35","date_gmt":"2010-07-31T10:36:35","guid":{"rendered":"http:\/\/blog.kaldkriips.ee\/?p=565"},"modified":"2010-07-31T12:51:21","modified_gmt":"2010-07-31T10:51:21","slug":"katlini-juures-kulas","status":"publish","type":"post","link":"https:\/\/www.kaldkriips.ee\/?p=565","title":{"rendered":"K\u00e4tlini juures k\u00fclas :)"},"content":{"rendered":"<p>Kord suve jooksul me ikka j\u00f5uame Randverre k\u00fclla, j\u00f5udsime ka sel suvel juulikuu keskel :) V\u00f5iks tegelikult isegi mitu korda j\u00f5uda, kui vaid suudaks ennast kokku v\u00f5tta ja sinna matkata :) Mis seal muidugi nuriseda, K\u00e4tlin on nii armas inimene, et teeb selle k\u00e4imise meile alati lihtsaks :D Kui vaja, tuleb vastu, kui vaja, toob linna tagasi :P T\u00f5eliselt armas ja hea s\u00f5ber. Ja nende juures on oi kui m\u00f5nus :) Meri loksub peaaegu ukse all, erinevalt Tallinnast ja Raplast, on seal isegi suveleitsakus \u00f5hku. K\u00e4tlini kaasa Madis on \u00fcdini hoolitsev, vaatab, et me millestki puudust ei tunneks, m\u00e4ngib lapsega ja teeb meile s\u00fc\u00fca :D Meie K\u00e4tliniga siis m\u00f5nuleme ja lobiseme :) Ja seal on koerad :) Palju koeri :)<br \/>\nSeekordsest k\u00e4igust j\u00e4id pildile just rand ja laps ja koerad :) \u00d5htul sai ujuda ja tegelikult hommikul ka sai ujuda ja no t\u00f5eline m\u00f5nu :)<\/p>\n<p><center><a href=\"\/pildid\/565\/IMG_2696v.jpg\"><img decoding=\"async\" src=\"\/pildid\/565\/IMG_2696v.jpg\" alt=\"Randveres\" \/><\/a><\/center><\/p>\n<p><center><a href=\"\/pildid\/565\/IMG_2700v.jpg\"><img decoding=\"async\" src=\"\/pildid\/565\/IMG_2700v.jpg\" alt=\"Randveres\" \/><\/a><\/center><\/p>\n<p><center><a href=\"\/pildid\/565\/IMG_2701v.jpg\"><img decoding=\"async\" src=\"\/pildid\/565\/IMG_2701v.jpg\" alt=\"Randveres\" \/><\/a><\/center><\/p>\n<p><center><a href=\"\/pildid\/565\/IMG_2703v.jpg\"><img decoding=\"async\" src=\"\/pildid\/565\/IMG_2703v.jpg\" alt=\"Randveres\" \/><\/a><\/center><\/p>\n<p><center><a href=\"\/pildid\/565\/IMG_2704v.jpg\"><img decoding=\"async\" src=\"\/pildid\/565\/IMG_2704v.jpg\" alt=\"Randveres\" \/><\/a><\/center><\/p>\n<p><center><a href=\"\/pildid\/565\/IMG_2707v.jpg\"><img decoding=\"async\" src=\"\/pildid\/565\/IMG_2707v.jpg\" alt=\"Randveres\" \/><\/a><\/center><\/p>\n<p>Ja n\u00fc\u00fcd koos koeraga ujuma:P<\/p>\n<p><center><a href=\"\/pildid\/565\/IMG_2724v.jpg\"><img decoding=\"async\" src=\"\/pildid\/565\/IMG_2724v.jpg\" alt=\"Randveres\" \/><\/a><\/center><\/p>\n<p>Randveres on tegelikult v\u00e4ga kaunis rand<\/p>\n<p><center><a href=\"\/pildid\/565\/IMG_2734v.jpg\"><img decoding=\"async\" src=\"\/pildid\/565\/IMG_2734v.jpg\" alt=\"Randveres\" \/><\/a><\/center><\/p>\n<p>Ja koeraga koos ujumast tagasi, v\u00f5idu :D<\/p>\n<p><center><a href=\"\/pildid\/565\/IMG_2744v.jpg\"><img decoding=\"async\" src=\"\/pildid\/565\/IMG_2744v.jpg\" alt=\"Randveres\" \/><\/a><\/center><\/p>\n<p>Sellesse lahte p\u00e4ike k\u00fcll ei looju, aga aimatav on loojang ikkagi<\/p>\n<p><center><a href=\"\/pildid\/565\/IMG_2756v.jpg\"><img decoding=\"async\" src=\"\/pildid\/565\/IMG_2756v.jpg\" alt=\"Randveres\" \/><\/a><\/center><\/p>\n<p>Ja teisest kaldast paistab \u00f5htune Muuga sadam<\/p>\n<p><center><a href=\"\/pildid\/565\/IMG_2758v.jpg\"><img decoding=\"async\" src=\"\/pildid\/565\/IMG_2758v.jpg\" alt=\"Randveres\" \/><\/a><\/center><\/p>\n<p>\u00dcks tigu oli v\u00e4ga tegus, ilmselt kolis :P<\/p>\n","protected":false},"excerpt":{"rendered":"<p>Kord suve jooksul me ikka j\u00f5uame Randverre k\u00fclla, j\u00f5udsime ka sel suvel juulikuu keskel :) V\u00f5iks tegelikult isegi mitu korda j\u00f5uda, kui vaid suudaks ennast kokku v\u00f5tta ja sinna matkata :) Mis seal muidugi nuriseda, K\u00e4tlin on nii armas inimene, &hellip; <a href=\"https:\/\/www.kaldkriips.ee\/?p=565\">J\u00e4tka lugemist <span class=\"meta-nav\">&rarr;<\/span><\/a><\/p>\n","protected":false},"author":1,"featured_media":0,"comment_status":"open","ping_status":"open","sticky":false,"template":"","format":"standard","meta":{"footnotes":""},"categories":[5],"tags":[],"class_list":["post-565","post","type-post","status-publish","format-standard","hentry","category-mina-ise-ja-muud-loomad"],"_links":{"self":[{"href":"https:\/\/www.kaldkriips.ee\/index.php?rest_route=\/wp\/v2\/posts\/565"}],"collection":[{"href":"https:\/\/www.kaldkriips.ee\/index.php?rest_route=\/wp\/v2\/posts"}],"about":[{"href":"https:\/\/www.kaldkriips.ee\/index.php?rest_route=\/wp\/v2\/types\/post"}],"author":[{"embeddable":true,"href":"https:\/\/www.kaldkriips.ee\/index.php?rest_route=\/wp\/v2\/users\/1"}],"replies":[{"embeddable":true,"href":"https:\/\/www.kaldkriips.ee\/index.php?rest_route=%2Fwp%2Fv2%2Fcomments&post=565"}],"version-history":[{"count":0,"href":"https:\/\/www.kaldkriips.ee\/index.php?rest_route=\/wp\/v2\/posts\/565\/revisions"}],"wp:attachment":[{"href":"https:\/\/www.kaldkriips.ee\/index.php?rest_route=%2Fwp%2Fv2%2Fmedia&parent=565"}],"wp:term":[{"taxonomy":"category","embeddable":true,"href":"https:\/\/www.kaldkriips.ee\/index.php?rest_route=%2Fwp%2Fv2%2Fcategories&post=565"},{"taxonomy":"post_tag","embeddable":true,"href":"https:\/\/www.kaldkriips.ee\/index.php?rest_route=%2Fwp%2Fv2%2Ftags&post=565"}],"curies":[{"name":"wp","href":"https:\/\/api.w.org\/{rel}","templated":true}]}}