{"id":561,"date":"2010-07-22T13:35:21","date_gmt":"2010-07-22T11:35:21","guid":{"rendered":"http:\/\/blog.kaldkriips.ee\/?p=561"},"modified":"2010-07-22T14:07:57","modified_gmt":"2010-07-22T12:07:57","slug":"uks-parastlouna-munavanaema-juures","status":"publish","type":"post","link":"https:\/\/www.kaldkriips.ee\/?p=561","title":{"rendered":"\u00dcks p\u00e4rastl\u00f5una munavanaema juures"},"content":{"rendered":"<p>K\u00e4isime \u00fchel p\u00e4eval k\u00fclas. Kirke t\u00e4di oli koos lastega Iirimaalt siinmail korraks k\u00e4imas ja nii me maale l\u00e4ksimegi. N\u00e4eme ju teineteist harva ja juba \u00fcks p\u00e4ev netis lobisedes pandi meile k\u00e4sk peale, et kindlasti kohal oleksime :) T\u00e4di Mairi tuli siia k\u00fcll ainult \u00fche lapsega, aga tore seegi. Vanem poisip\u00f5nn j\u00e4i isaga isa vaenemate poole. Siin pole ju selle kuumaga midagi suurt teha. Pole hullu, augustis tuleb poiss vanaema juurde, siis saavad lapsed m\u00e4ngida. Nii me seal siis olime. S\u00f5ime ja j\u00f5ime ja ajasime juttu. Lapsi oli kolm. Kaks neist siis kahesed ja Kirke varsti neljane. Peab \u00fctlema, et sellised nn tited ei paku talle enam suurt huvi. Pigem on nad riiakad ja t\u00fclikad. Kisuvad asju k\u00e4est ja m\u00e4ngida koos ei m\u00f5ista :D Eks ta ole, kasvamise ilu ja valu. <\/p>\n<p><center><a href=\"\/pildid\/561\/IMG_2872.jpg\"><img decoding=\"async\" src=\"\/pildid\/561\/IMG_2872.jpg\" alt=\"Maal\" \/><\/a><\/center><\/p>\n<p>Vanaema toob lapselapsi k\u00fclalaste juurest koju :D<\/p>\n<p><center><a href=\"\/pildid\/561\/IMG_2873.jpg\"><img decoding=\"async\" src=\"\/pildid\/561\/IMG_2873.jpg\" alt=\"Maal\" \/><\/a><\/center><\/p>\n<p>K\u00f5ikse rahvas ilma lasteta<\/p>\n<p><center><a href=\"\/pildid\/561\/IMG_2875.jpg\"><img decoding=\"async\" src=\"\/pildid\/561\/IMG_2875.jpg\" alt=\"Maal\" \/><\/a><\/center><\/p>\n<p>Vanaema kaunid liiliad<\/p>\n<p><center><a href=\"\/pildid\/561\/IMG_2877.jpg\"><img decoding=\"async\" src=\"\/pildid\/561\/IMG_2877.jpg\" alt=\"Maal\" \/><\/a><\/center><\/p>\n<p>Markus, Kirke ja Eliise<\/p>\n","protected":false},"excerpt":{"rendered":"<p>K\u00e4isime \u00fchel p\u00e4eval k\u00fclas. Kirke t\u00e4di oli koos lastega Iirimaalt siinmail korraks k\u00e4imas ja nii me maale l\u00e4ksimegi. N\u00e4eme ju teineteist harva ja juba \u00fcks p\u00e4ev netis lobisedes pandi meile k\u00e4sk peale, et kindlasti kohal oleksime :) T\u00e4di Mairi tuli &hellip; <a href=\"https:\/\/www.kaldkriips.ee\/?p=561\">J\u00e4tka lugemist <span class=\"meta-nav\">&rarr;<\/span><\/a><\/p>\n","protected":false},"author":1,"featured_media":0,"comment_status":"open","ping_status":"open","sticky":false,"template":"","format":"standard","meta":{"footnotes":""},"categories":[5],"tags":[],"class_list":["post-561","post","type-post","status-publish","format-standard","hentry","category-mina-ise-ja-muud-loomad"],"_links":{"self":[{"href":"https:\/\/www.kaldkriips.ee\/index.php?rest_route=\/wp\/v2\/posts\/561"}],"collection":[{"href":"https:\/\/www.kaldkriips.ee\/index.php?rest_route=\/wp\/v2\/posts"}],"about":[{"href":"https:\/\/www.kaldkriips.ee\/index.php?rest_route=\/wp\/v2\/types\/post"}],"author":[{"embeddable":true,"href":"https:\/\/www.kaldkriips.ee\/index.php?rest_route=\/wp\/v2\/users\/1"}],"replies":[{"embeddable":true,"href":"https:\/\/www.kaldkriips.ee\/index.php?rest_route=%2Fwp%2Fv2%2Fcomments&post=561"}],"version-history":[{"count":0,"href":"https:\/\/www.kaldkriips.ee\/index.php?rest_route=\/wp\/v2\/posts\/561\/revisions"}],"wp:attachment":[{"href":"https:\/\/www.kaldkriips.ee\/index.php?rest_route=%2Fwp%2Fv2%2Fmedia&parent=561"}],"wp:term":[{"taxonomy":"category","embeddable":true,"href":"https:\/\/www.kaldkriips.ee\/index.php?rest_route=%2Fwp%2Fv2%2Fcategories&post=561"},{"taxonomy":"post_tag","embeddable":true,"href":"https:\/\/www.kaldkriips.ee\/index.php?rest_route=%2Fwp%2Fv2%2Ftags&post=561"}],"curies":[{"name":"wp","href":"https:\/\/api.w.org\/{rel}","templated":true}]}}