{"id":559,"date":"2010-07-18T22:58:22","date_gmt":"2010-07-18T20:58:22","guid":{"rendered":"http:\/\/blog.kaldkriips.ee\/?p=559"},"modified":"2010-07-18T23:02:04","modified_gmt":"2010-07-18T21:02:04","slug":"suvemonud","status":"publish","type":"post","link":"https:\/\/www.kaldkriips.ee\/?p=559","title":{"rendered":"Suvem\u00f5nud"},"content":{"rendered":"<p>T\u00e4navune suvi on t\u00f5eline puhkajate paradiis. Eks p\u00fc\u00fcame meiegi kuivamaarottidena leida v\u00f5imalusi hingata s\u00f5\u00f5mu mere\u00f5hku, koguda tervist talveks ja nautida suver\u00f5\u00f5me.<br \/>\nT\u00e4na, kui p\u00e4ev saab kohe otsa ja k\u00e4es on homme, leidsin mahti panna \u00fcles m\u00f5ned vesim\u00f5nupildid :) Hirmus m\u00f5nus ja aktiivne n\u00e4dalal\u00f5pp on olnud :D P\u00e4evasel ajal ei j\u00f5ua arvutisse enam v\u00e4ga palju. <\/p>\n<p><center><a href=\"\/pildid\/559\/IMG_2236v.jpg\"><img decoding=\"async\" src=\"\/pildid\/559\/IMG_2236v.jpg\" alt=\"Meres\" \/><\/a><\/center><\/p>\n<p><center><a href=\"\/pildid\/559\/IMG_2239v.jpg\"><img decoding=\"async\" src=\"\/pildid\/559\/IMG_2239v.jpg\" alt=\"Meres\" \/><\/a><\/center><\/p>\n<p><center><a href=\"\/pildid\/559\/IMG_2265v.jpg\"><img decoding=\"async\" src=\"\/pildid\/559\/IMG_2265v.jpg\" alt=\"Meres\" \/><\/a><\/center><\/p>\n<p><center><a href=\"\/pildid\/559\/IMG_2267v.jpg\"><img decoding=\"async\" src=\"\/pildid\/559\/IMG_2267v.jpg\" alt=\"Meres\" \/><\/a><\/center><\/p>\n<p><center><a href=\"\/pildid\/559\/IMG_2286v.jpg\"><img decoding=\"async\" src=\"\/pildid\/559\/IMG_2286v.jpg\" alt=\"Meres\" \/><\/a><\/center><\/p>\n<p><center><a href=\"\/pildid\/559\/IMG_2300v.jpg\"><img decoding=\"async\" src=\"\/pildid\/559\/IMG_2300v.jpg\" alt=\"Meres\" \/><\/a><\/center><\/p>\n","protected":false},"excerpt":{"rendered":"<p>T\u00e4navune suvi on t\u00f5eline puhkajate paradiis. Eks p\u00fc\u00fcame meiegi kuivamaarottidena leida v\u00f5imalusi hingata s\u00f5\u00f5mu mere\u00f5hku, koguda tervist talveks ja nautida suver\u00f5\u00f5me. T\u00e4na, kui p\u00e4ev saab kohe otsa ja k\u00e4es on homme, leidsin mahti panna \u00fcles m\u00f5ned vesim\u00f5nupildid :) Hirmus m\u00f5nus &hellip; <a href=\"https:\/\/www.kaldkriips.ee\/?p=559\">J\u00e4tka lugemist <span class=\"meta-nav\">&rarr;<\/span><\/a><\/p>\n","protected":false},"author":1,"featured_media":0,"comment_status":"open","ping_status":"open","sticky":false,"template":"","format":"standard","meta":{"footnotes":""},"categories":[5],"tags":[],"class_list":["post-559","post","type-post","status-publish","format-standard","hentry","category-mina-ise-ja-muud-loomad"],"_links":{"self":[{"href":"https:\/\/www.kaldkriips.ee\/index.php?rest_route=\/wp\/v2\/posts\/559"}],"collection":[{"href":"https:\/\/www.kaldkriips.ee\/index.php?rest_route=\/wp\/v2\/posts"}],"about":[{"href":"https:\/\/www.kaldkriips.ee\/index.php?rest_route=\/wp\/v2\/types\/post"}],"author":[{"embeddable":true,"href":"https:\/\/www.kaldkriips.ee\/index.php?rest_route=\/wp\/v2\/users\/1"}],"replies":[{"embeddable":true,"href":"https:\/\/www.kaldkriips.ee\/index.php?rest_route=%2Fwp%2Fv2%2Fcomments&post=559"}],"version-history":[{"count":0,"href":"https:\/\/www.kaldkriips.ee\/index.php?rest_route=\/wp\/v2\/posts\/559\/revisions"}],"wp:attachment":[{"href":"https:\/\/www.kaldkriips.ee\/index.php?rest_route=%2Fwp%2Fv2%2Fmedia&parent=559"}],"wp:term":[{"taxonomy":"category","embeddable":true,"href":"https:\/\/www.kaldkriips.ee\/index.php?rest_route=%2Fwp%2Fv2%2Fcategories&post=559"},{"taxonomy":"post_tag","embeddable":true,"href":"https:\/\/www.kaldkriips.ee\/index.php?rest_route=%2Fwp%2Fv2%2Ftags&post=559"}],"curies":[{"name":"wp","href":"https:\/\/api.w.org\/{rel}","templated":true}]}}