{"id":558,"date":"2010-07-14T21:49:49","date_gmt":"2010-07-14T19:49:49","guid":{"rendered":"http:\/\/blog.kaldkriips.ee\/?p=558"},"modified":"2010-07-14T21:51:21","modified_gmt":"2010-07-14T19:51:21","slug":"lapseootus","status":"publish","type":"post","link":"https:\/\/www.kaldkriips.ee\/?p=558","title":{"rendered":"Lapseootus"},"content":{"rendered":"<p>10 p\u00e4eva enne \u00fche v\u00e4ikese poisip\u00f5nni s\u00fcndi, tegin  fotosessiooni tema emmest :)<br \/>\nKuna Kirke oli kaasas, siis loomulikult oli m\u00f5ne pildi peal platsis ka tema :)<\/p>\n<p><center><a href=\"\/pildid\/558\/IMG_1769v.jpg\"><img decoding=\"async\" src=\"\/pildid\/558\/IMG_1769v.jpg\" alt=\"Mari\" \/><\/a><\/center><\/p>\n<p><center><a href=\"\/pildid\/558\/IMG_1763v.jpg\"><img decoding=\"async\" src=\"\/pildid\/558\/IMG_1763v.jpg\" alt=\"Mari\" \/><\/a><\/center><\/p>\n<p><center><a href=\"\/pildid\/558\/IMG_1760v.jpg\"><img decoding=\"async\" src=\"\/pildid\/558\/IMG_1760v.jpg\" alt=\"Mari\" \/><\/a><\/center><\/p>\n<p><center><a href=\"\/pildid\/558\/IMG_1748v.jpg\"><img decoding=\"async\" src=\"\/pildid\/558\/IMG_1748v.jpg\" alt=\"Mari\" \/><\/a><\/center><\/p>\n<p><center><a href=\"\/pildid\/558\/IMG_1738v.jpg\"><img decoding=\"async\" src=\"\/pildid\/558\/IMG_1738v.jpg\" alt=\"Mari\" \/><\/a><\/center><\/p>\n<p><center><a href=\"\/pildid\/558\/IMG_1701v.jpg\"><img decoding=\"async\" src=\"\/pildid\/558\/IMG_1701v.jpg\" alt=\"Mari\" \/><\/a><\/center><\/p>\n<p><center><a href=\"\/pildid\/558\/IMG_1676v.jpg\"><img decoding=\"async\" src=\"\/pildid\/558\/IMG_1676v.jpg\" alt=\"Mari\" \/><\/a><\/center><\/p>\n<p><center><a href=\"\/pildid\/558\/IMG_1592v.jpg\"><img decoding=\"async\" src=\"\/pildid\/558\/IMG_1592v.jpg\" alt=\"Mari\" \/><\/a><\/center><\/p>\n<p><center><a href=\"\/pildid\/558\/IMG_1586v.jpg\"><img decoding=\"async\" src=\"\/pildid\/558\/IMG_1586v.jpg\" alt=\"Mari\" \/><\/a><\/center><\/p>\n<p><center><a href=\"\/pildid\/558\/IMG_1651v.jpg\"><img decoding=\"async\" src=\"\/pildid\/558\/IMG_1651v.jpg\" alt=\"Mari\" \/><\/a><\/center><\/p>\n<p><center><a href=\"\/pildid\/558\/IMG_1666v.jpg\"><img decoding=\"async\" src=\"\/pildid\/558\/IMG_1666v.jpg\" alt=\"Mari\" \/><\/a><\/center><\/p>\n<p><center><a href=\"\/pildid\/558\/IMG_1661v.jpg\"><img decoding=\"async\" src=\"\/pildid\/558\/IMG_1661v.jpg\" alt=\"Mari\" \/><\/a><\/center><\/p>\n","protected":false},"excerpt":{"rendered":"<p>10 p\u00e4eva enne \u00fche v\u00e4ikese poisip\u00f5nni s\u00fcndi, tegin fotosessiooni tema emmest :) Kuna Kirke oli kaasas, siis loomulikult oli m\u00f5ne pildi peal platsis ka tema :)<\/p>\n","protected":false},"author":1,"featured_media":0,"comment_status":"open","ping_status":"open","sticky":false,"template":"","format":"standard","meta":{"footnotes":""},"categories":[5],"tags":[],"class_list":["post-558","post","type-post","status-publish","format-standard","hentry","category-mina-ise-ja-muud-loomad"],"_links":{"self":[{"href":"https:\/\/www.kaldkriips.ee\/index.php?rest_route=\/wp\/v2\/posts\/558"}],"collection":[{"href":"https:\/\/www.kaldkriips.ee\/index.php?rest_route=\/wp\/v2\/posts"}],"about":[{"href":"https:\/\/www.kaldkriips.ee\/index.php?rest_route=\/wp\/v2\/types\/post"}],"author":[{"embeddable":true,"href":"https:\/\/www.kaldkriips.ee\/index.php?rest_route=\/wp\/v2\/users\/1"}],"replies":[{"embeddable":true,"href":"https:\/\/www.kaldkriips.ee\/index.php?rest_route=%2Fwp%2Fv2%2Fcomments&post=558"}],"version-history":[{"count":0,"href":"https:\/\/www.kaldkriips.ee\/index.php?rest_route=\/wp\/v2\/posts\/558\/revisions"}],"wp:attachment":[{"href":"https:\/\/www.kaldkriips.ee\/index.php?rest_route=%2Fwp%2Fv2%2Fmedia&parent=558"}],"wp:term":[{"taxonomy":"category","embeddable":true,"href":"https:\/\/www.kaldkriips.ee\/index.php?rest_route=%2Fwp%2Fv2%2Fcategories&post=558"},{"taxonomy":"post_tag","embeddable":true,"href":"https:\/\/www.kaldkriips.ee\/index.php?rest_route=%2Fwp%2Fv2%2Ftags&post=558"}],"curies":[{"name":"wp","href":"https:\/\/api.w.org\/{rel}","templated":true}]}}