{"id":557,"date":"2010-07-14T21:12:40","date_gmt":"2010-07-14T19:12:40","guid":{"rendered":"http:\/\/blog.kaldkriips.ee\/?p=557"},"modified":"2010-07-14T21:12:40","modified_gmt":"2010-07-14T19:12:40","slug":"koigest-labisegi","status":"publish","type":"post","link":"https:\/\/www.kaldkriips.ee\/?p=557","title":{"rendered":"K\u00f5igest l\u00e4bisegi"},"content":{"rendered":"<p>\u00d5ues on suur suvi. Nii suur, et ma ei oska enam midagi sellega peale hakata :D<br \/>\nKogu aeg on mingeid tegemisi ja ettev\u00f5tmisi, vahepeal tahaks lihtsalt pisut \u00f5hku saada, aga siia ei j\u00f5ua kuidagi kirjutama.<br \/>\nErinevalt \u00fcldlevinud virisemisp\u00f5hisest elustiilist, p\u00fc\u00fcame olla r\u00f5\u00f5msad ja roosad. Kunagi pole nii hull, et hullem olla ei saa :)<br \/>\nJa kuidas l\u00f5ppudel\u00f5puks see virisemine aitab? Enamasti mittekuidagi. Sageli paistab isegi nii, et virisevad ikka need, kel polegi tegelikult p\u00f5hjust v\u00e4ga viriseda, aga see on nende valik.<br \/>\nVot, \u00fche asja \u00fcle virisen mina ka, ausalt :D Ja see on ilm !!! Ma ei ole eriline kuumuses\u00f5ber :) Aga noh, elame \u00fcle, nagu ennegi on igasuguseid asju \u00fcle elatud. Pole m\u00f5tet siin kiruda ei Ansipit ei Savip\u00e4tsi. Elada tuleb ikka iseendal. <\/p>\n<p>Mulle tundub, et ma ei suuda isegi k\u00f5ike meenutada, mida oleme vahepeal teinud, sest minumeelest me kogu aeg midagi teeme :P M\u00f5ned asjad panen kirja, m\u00f5ned asjad j\u00e4\u00e4vad endale :P<\/p>\n<p>Millalgi olid Mary Kay Suvep\u00e4evad. Igati tore \u00fcritus. Suurep\u00e4rane koolitusp\u00e4ev ja m\u00f5nus l\u00f5\u00f5gastav pidulik \u00f5htu. Soovijatele p\u00e4rast saun ja j\u00e4rv :)<\/p>\n<p>Kindlasti olen palju pildistanud. Vahepeal korra ise modelliks olnud ja \u00fcks modellikspakkumine on ootel :)<\/p>\n<p>\u00dcks t\u00e4htsamaid asju, mis vahepeal on olnud, on kindlasti minu vanima lapse kolimine :) \u00dcks p\u00e4ev ostis laps korteri. No ma teadsin seda ikka ette, mitte sedasi \u00e4kitsi ei ostnud :D Eks noortel aeg omaette elada ka. \u00dchtepidi oli see nagu kurb s\u00fcndmus, teistpidi aga r\u00f5\u00f5mus. Kirke teadagi tunneb v\u00e4ga oma vennast puudust, aga n\u00fc\u00fcd saab ta k\u00e4ia vennal hoopis k\u00fclas :P Ja sellega seoses tekib vahetevahel siis minule p\u00e4ris omad vabad paar tundi :)<br \/>\nAga, et \u00fcks tuba j\u00e4i vabaks on meil, siiaj\u00e4\u00e4nutel, igati p\u00f5nev aeg :D Muudkui m\u00f5tleme ja nuputame, et  kes kuhu , kuidas ja miks. \u00dcks, mis on kindel, noorem poeg kolib endisesse vanema poja tuppa. P\u00f5hjus lihtne, seal toas on internetilahendus selline, mis ei vaja \u00fcle esiku vonklevat juhet. Seinast tulevad ka mingid vajalikud k\u00f5larijuhtmed. Niiet see tuba on otsustatud. Seniks aga kolisime sinna plika kodinad :) Saab proovida omaette olemist. Sinnani on seal, kuni me hakkame tuba v\u00e4rvima. Tuba on tegelikult t\u00e4itsa korras, aga tuli tunne, et helesinisest toast peab n\u00fc\u00fcd saama heleroheline :P<br \/>\nJupp aega olime seda meelt, et noorema poisi toa saab endale piiga ja mina j\u00e4\u00e4n sinna, kus olen. Tagumisse tuppa. Ja siis, t\u00e4na, tekkis j\u00e4rsku mul teine m\u00f5te :D Koliks parem ise sinna v\u00e4iksemasse tuppa ja piiga j\u00e4taks tagumisse. Temal on tegelikult rohkem ruumi tarvis. Ja suurem see tagumine tuba t\u00f5esti on. N\u00fc\u00fcd pean v\u00e4lja m\u00f5tlema teatud asjade jaoks parimad lahendused ja siis v\u00f5ib see m\u00f5te nii j\u00e4\u00e4da. Tibi muidugi t\u00e4na tellis selle jutu peale kohe endale uued kardinad, roosad :) Niiet jah, m\u00f5tlemist kui palju :D P\u00f5nev. <\/p>\n<p>Veel k\u00e4isime vahepeal Kirke vanaema s\u00fcnnip\u00e4eval. Ilm oli kena ja tips sai joosta terve p\u00e4eva \u00f5ues koos endast noorema t\u00e4dit\u00fctrega. Kirke on vanaemale pannud laheda nime &#8211; munavanaema :P Ilmselgelt sellep\u00e4rast, et vanaema toob vahest meile mune :)<\/p>\n<p>Ja m\u00f5ned korrad oleme me saanud randa :) Piiga ei saa loomulikult veest v\u00e4ljagi. T\u00f5eline m\u00f5nu, et vesi nii soe :) P\u00e4ike on muidugi eriti kuri. Nahka tuleb kohe ise\u00e4ranis hoolega kaitsta. Tegin sellega veidi pattu ja sain \u00fcks p\u00e4ev korralikult k\u00e4rsatatud k\u00f5hu :P N\u00fc\u00fcd juba ilus pruun jume peal :) Suvi on m\u00f5nus ja rannam\u00f5nusid tuleb veel ja veel :)<\/p>\n<p>Mis veel? Vahepeal sai sujuvalt aasta sellest, kui ma MK-s karj\u00e4\u00e4riprogrammi tehtud sain :) Juba terve aasta !!!! Ja hetkel on mul juba endal esimene p\u00e4\u00e4suke programmi lastud :) ning teine ettevalmistamisel :) Mul on v\u00e4ga hea meel nende tragide naiste p\u00e4rast. See aasta on toonud nii palju huvitavat ja ilusat, et t\u00f5esti, kahetseda pole midagi. <\/p>\n<p>Suvi j\u00e4tkub:) T\u00fctretirts veedab seda aega, kus me kodus, r\u00f5dul baseinis sulistades&#8230;.m\u00f5nus&#8230;<\/p>\n<p>M\u00f5ned Kirke killud:<\/p>\n<p>Kirke istub omaette ja laulab: &#8221; Tahaks lennata jubaaaa, aga emme ei lubaaaa&#8230;. :D <\/p>\n<p>                            **********<\/p>\n<p>Kirke: &#8221; Emmede sees kasvavad t\u00fcdrukud ja isside sees kasvavad poisid. Issil on niii suur k\u00f5ht, seal sees mahuks lahedasti togima :P&#8221;<\/p>\n","protected":false},"excerpt":{"rendered":"<p>\u00d5ues on suur suvi. Nii suur, et ma ei oska enam midagi sellega peale hakata :D Kogu aeg on mingeid tegemisi ja ettev\u00f5tmisi, vahepeal tahaks lihtsalt pisut \u00f5hku saada, aga siia ei j\u00f5ua kuidagi kirjutama. Erinevalt \u00fcldlevinud virisemisp\u00f5hisest elustiilist, p\u00fc\u00fcame &hellip; <a href=\"https:\/\/www.kaldkriips.ee\/?p=557\">J\u00e4tka lugemist <span class=\"meta-nav\">&rarr;<\/span><\/a><\/p>\n","protected":false},"author":1,"featured_media":0,"comment_status":"open","ping_status":"open","sticky":false,"template":"","format":"standard","meta":{"footnotes":""},"categories":[5],"tags":[],"class_list":["post-557","post","type-post","status-publish","format-standard","hentry","category-mina-ise-ja-muud-loomad"],"_links":{"self":[{"href":"https:\/\/www.kaldkriips.ee\/index.php?rest_route=\/wp\/v2\/posts\/557"}],"collection":[{"href":"https:\/\/www.kaldkriips.ee\/index.php?rest_route=\/wp\/v2\/posts"}],"about":[{"href":"https:\/\/www.kaldkriips.ee\/index.php?rest_route=\/wp\/v2\/types\/post"}],"author":[{"embeddable":true,"href":"https:\/\/www.kaldkriips.ee\/index.php?rest_route=\/wp\/v2\/users\/1"}],"replies":[{"embeddable":true,"href":"https:\/\/www.kaldkriips.ee\/index.php?rest_route=%2Fwp%2Fv2%2Fcomments&post=557"}],"version-history":[{"count":0,"href":"https:\/\/www.kaldkriips.ee\/index.php?rest_route=\/wp\/v2\/posts\/557\/revisions"}],"wp:attachment":[{"href":"https:\/\/www.kaldkriips.ee\/index.php?rest_route=%2Fwp%2Fv2%2Fmedia&parent=557"}],"wp:term":[{"taxonomy":"category","embeddable":true,"href":"https:\/\/www.kaldkriips.ee\/index.php?rest_route=%2Fwp%2Fv2%2Fcategories&post=557"},{"taxonomy":"post_tag","embeddable":true,"href":"https:\/\/www.kaldkriips.ee\/index.php?rest_route=%2Fwp%2Fv2%2Ftags&post=557"}],"curies":[{"name":"wp","href":"https:\/\/api.w.org\/{rel}","templated":true}]}}