{"id":554,"date":"2010-06-15T23:23:03","date_gmt":"2010-06-15T21:23:03","guid":{"rendered":"http:\/\/blog.kaldkriips.ee\/?p=554"},"modified":"2010-06-15T23:26:26","modified_gmt":"2010-06-15T21:26:26","slug":"pihikseelik","status":"publish","type":"post","link":"https:\/\/www.kaldkriips.ee\/?p=554","title":{"rendered":"Pihikseelik"},"content":{"rendered":"<p>\u00dcle mitme setme aja \u00f5mblesin siin kuu tagasi l\u00f5puks endale m\u00f5ned r\u00f5ivad. Pihikseelik oli  pildile saanud juba mai viimasel p\u00e4eval( ok, pesus on see r\u00f5ivaese aga juba korda 3 k\u00e4inud :D), ehk \u00f5nnestub varsti tavaline seelik ja peagi valmiv tuunika-kleit ka pildistatuks saada.<br \/>\nTegelikult tahtsin ma sellist pihikseelikut juba ammu teha, sest \u00fcks selline mulle kunagi kingiti ja ta muutus \u00fcsna varsti minu lemmikuks. Asi seisis aga selle taga, et ma ei leidnud kuidagi poest sobivat trikotaa\u00c5\u00bei. K\u00fcll oli valet v\u00e4rvi ja k\u00fcll oli liiga paks v\u00f5i liiga \u00f5huke. L\u00f5puks \u00f5nnestus osta just selline paraja paksusega ja ilus must.<br \/>\nVana r\u00f5ivat\u00fcki pealt v\u00f5tsin l\u00f5ike ja l\u00e4ks tegemiseks. Pildilt k\u00fcll v\u00e4ga ei paista, aga ees keskel \u00fcleval on ka \u00fcks kroogitud kohake :D \u00dclaservad on kanditud ja kant l\u00e4heb sujuvalt \u00fcle reguleeritavateks \u00f5lapaelteks. \u00dcks igavesti mugav r\u00f5ivat\u00fckk :)<\/p>\n<p><center><a href=\"\/pildid\/554\/IMG_5717.jpg\"><img decoding=\"async\" src=\"\/pildid\/554\/IMG_5717v.jpg\" alt=\"pihikseelik\" \/><\/a><\/center><\/p>\n","protected":false},"excerpt":{"rendered":"<p>\u00dcle mitme setme aja \u00f5mblesin siin kuu tagasi l\u00f5puks endale m\u00f5ned r\u00f5ivad. Pihikseelik oli pildile saanud juba mai viimasel p\u00e4eval( ok, pesus on see r\u00f5ivaese aga juba korda 3 k\u00e4inud :D), ehk \u00f5nnestub varsti tavaline seelik ja peagi valmiv tuunika-kleit &hellip; <a href=\"https:\/\/www.kaldkriips.ee\/?p=554\">J\u00e4tka lugemist <span class=\"meta-nav\">&rarr;<\/span><\/a><\/p>\n","protected":false},"author":1,"featured_media":0,"comment_status":"open","ping_status":"open","sticky":false,"template":"","format":"standard","meta":{"footnotes":""},"categories":[5],"tags":[],"class_list":["post-554","post","type-post","status-publish","format-standard","hentry","category-mina-ise-ja-muud-loomad"],"_links":{"self":[{"href":"https:\/\/www.kaldkriips.ee\/index.php?rest_route=\/wp\/v2\/posts\/554"}],"collection":[{"href":"https:\/\/www.kaldkriips.ee\/index.php?rest_route=\/wp\/v2\/posts"}],"about":[{"href":"https:\/\/www.kaldkriips.ee\/index.php?rest_route=\/wp\/v2\/types\/post"}],"author":[{"embeddable":true,"href":"https:\/\/www.kaldkriips.ee\/index.php?rest_route=\/wp\/v2\/users\/1"}],"replies":[{"embeddable":true,"href":"https:\/\/www.kaldkriips.ee\/index.php?rest_route=%2Fwp%2Fv2%2Fcomments&post=554"}],"version-history":[{"count":0,"href":"https:\/\/www.kaldkriips.ee\/index.php?rest_route=\/wp\/v2\/posts\/554\/revisions"}],"wp:attachment":[{"href":"https:\/\/www.kaldkriips.ee\/index.php?rest_route=%2Fwp%2Fv2%2Fmedia&parent=554"}],"wp:term":[{"taxonomy":"category","embeddable":true,"href":"https:\/\/www.kaldkriips.ee\/index.php?rest_route=%2Fwp%2Fv2%2Fcategories&post=554"},{"taxonomy":"post_tag","embeddable":true,"href":"https:\/\/www.kaldkriips.ee\/index.php?rest_route=%2Fwp%2Fv2%2Ftags&post=554"}],"curies":[{"name":"wp","href":"https:\/\/api.w.org\/{rel}","templated":true}]}}