{"id":553,"date":"2010-06-15T23:01:08","date_gmt":"2010-06-15T21:01:08","guid":{"rendered":"http:\/\/blog.kaldkriips.ee\/?p=553"},"modified":"2010-06-15T23:06:45","modified_gmt":"2010-06-15T21:06:45","slug":"3-hilpu-lapsele","status":"publish","type":"post","link":"https:\/\/www.kaldkriips.ee\/?p=553","title":{"rendered":"3 hilpu lapsele :)"},"content":{"rendered":"<p>Viimase ajanatukese sees olen tegelikult \u00fcsna palju \u00f5mmelnud. T\u00e4na \u00f5nnestus l\u00f5puks m\u00f5ned r\u00f5ivajupid, mis juba korduvalt pesuski k\u00e4inud, pildile saada :D<br \/>\nPiiga on \u00e4kki avastanud, et emme v\u00f5iks talle rohkem \u00f5mmelda :) Ma siis vahest v\u00f5tan ennast kokku :D Hea seegi, et esialgu tal lihtsad soovid :)<br \/>\nLapsele on saanud kaks seelikut ja pluusi. Endale olen \u00f5mmelnud \u00fche pihikseeliku, \u00fche seeliku ja \u00fcks tuunikalaadne kleit on peaaegu valmis. Terve rodu parandus-kohendust\u00f6id ka veel. Tuttavatele. P\u00fc\u00fcdsin n\u00fc\u00fcd pildile esmalt t\u00fctre asjad.<br \/>\nK\u00f5igepealt tegin talle \u00fche l\u00fchema seeliku. Lihtne kolme satsiga ja \u00fclevalt kummiga. Veel on seal pildil \u00fcks pluus. \u00d5hukesest froteest, roosade kassikestega. Natuke kroogitud varrukad, passe, mille all ka paar krooget ja kaunistuseks lilleke :)<\/p>\n<p><center><a href=\"\/pildid\/553\/IMG_1549.jpg\"><img decoding=\"async\" src=\"\/pildid\/553\/IMG_1549.jpg\" alt=\"laps\" \/><\/a><\/center><\/p>\n<p><center><a href=\"\/pildid\/553\/IMG_1550.jpg\"><img decoding=\"async\" src=\"\/pildid\/553\/IMG_1550.jpg\" alt=\"laps\" \/><\/a><\/center><\/p>\n<p><center><a href=\"\/pildid\/553\/IMG_1551.jpg\"><img decoding=\"async\" src=\"\/pildid\/553\/IMG_1551.jpg\" alt=\"laps\" \/><\/a><\/center><\/p>\n<p><center><a href=\"\/pildid\/553\/IMG_1552v.jpg\"><img decoding=\"async\" src=\"\/pildid\/553\/IMG_1552v.jpg\" alt=\"laps\" \/><\/a><\/center><\/p>\n<p>Natuke hiljem tegin veel \u00fche seeliku, sest laps arvas, et tal vaja \u00fchte pikka tantsuseelikut. Eks pidi siis selle saama :) N\u00fc\u00fcd h\u00f5ljub sellega nagu flamenkotantsija :D<br \/>\nSeelik lihtne, t\u00e4isratasklo\u00c5\u00a1\u00c5\u00a1 ja \u00fclemine osa trikoosoonikust. Matrejaliks puuvillane kangas ja all\u00e4\u00e4r viimistletud satiinkandiga. <\/p>\n<p><center><a href=\"\/pildid\/553\/IMG_1541.jpg\"><img decoding=\"async\" src=\"\/pildid\/553\/IMG_1541.jpg\" alt=\"laps\" \/><\/a><\/center><\/p>\n<p><center><a href=\"\/pildid\/553\/IMG_1545.jpg\"><img decoding=\"async\" src=\"\/pildid\/553\/IMG_1545.jpg\" alt=\"laps\" \/><\/a><\/center><\/p>\n","protected":false},"excerpt":{"rendered":"<p>Viimase ajanatukese sees olen tegelikult \u00fcsna palju \u00f5mmelnud. T\u00e4na \u00f5nnestus l\u00f5puks m\u00f5ned r\u00f5ivajupid, mis juba korduvalt pesuski k\u00e4inud, pildile saada :D Piiga on \u00e4kki avastanud, et emme v\u00f5iks talle rohkem \u00f5mmelda :) Ma siis vahest v\u00f5tan ennast kokku :D Hea &hellip; <a href=\"https:\/\/www.kaldkriips.ee\/?p=553\">J\u00e4tka lugemist <span class=\"meta-nav\">&rarr;<\/span><\/a><\/p>\n","protected":false},"author":1,"featured_media":0,"comment_status":"open","ping_status":"open","sticky":false,"template":"","format":"standard","meta":{"footnotes":""},"categories":[5],"tags":[],"class_list":["post-553","post","type-post","status-publish","format-standard","hentry","category-mina-ise-ja-muud-loomad"],"_links":{"self":[{"href":"https:\/\/www.kaldkriips.ee\/index.php?rest_route=\/wp\/v2\/posts\/553"}],"collection":[{"href":"https:\/\/www.kaldkriips.ee\/index.php?rest_route=\/wp\/v2\/posts"}],"about":[{"href":"https:\/\/www.kaldkriips.ee\/index.php?rest_route=\/wp\/v2\/types\/post"}],"author":[{"embeddable":true,"href":"https:\/\/www.kaldkriips.ee\/index.php?rest_route=\/wp\/v2\/users\/1"}],"replies":[{"embeddable":true,"href":"https:\/\/www.kaldkriips.ee\/index.php?rest_route=%2Fwp%2Fv2%2Fcomments&post=553"}],"version-history":[{"count":0,"href":"https:\/\/www.kaldkriips.ee\/index.php?rest_route=\/wp\/v2\/posts\/553\/revisions"}],"wp:attachment":[{"href":"https:\/\/www.kaldkriips.ee\/index.php?rest_route=%2Fwp%2Fv2%2Fmedia&parent=553"}],"wp:term":[{"taxonomy":"category","embeddable":true,"href":"https:\/\/www.kaldkriips.ee\/index.php?rest_route=%2Fwp%2Fv2%2Fcategories&post=553"},{"taxonomy":"post_tag","embeddable":true,"href":"https:\/\/www.kaldkriips.ee\/index.php?rest_route=%2Fwp%2Fv2%2Ftags&post=553"}],"curies":[{"name":"wp","href":"https:\/\/api.w.org\/{rel}","templated":true}]}}