{"id":552,"date":"2010-06-12T13:54:31","date_gmt":"2010-06-12T11:54:31","guid":{"rendered":"http:\/\/blog.kaldkriips.ee\/?p=552"},"modified":"2010-06-12T14:01:36","modified_gmt":"2010-06-12T12:01:36","slug":"juuni-nadal-23","status":"publish","type":"post","link":"https:\/\/www.kaldkriips.ee\/?p=552","title":{"rendered":"juuni, n\u00e4dal 23"},"content":{"rendered":"<p>Sooja pole sel n\u00e4dalal eriti just olnud. Enamuse ajast tuleb soe jope selga ajada ja kogemused n\u00e4itavad, et ilmataati \u00f5hukeste riietega ninapidi ei vea. L\u00f5puks j\u00e4\u00e4d ikka ise kaotajaks.<br \/>\nMa siin ka, l\u00e4ksin \u00fcks p\u00e4ev pealinna ja arvestasin kohaliku ilmaga, aga v\u00f5ta n\u00e4pust. Linnas oli k\u00fclm meretuul ja soojast v\u00f5is vaid unistada. Mina, lillelaps, kepsutasin ju linna \u00f5hukese seeliku ja pluusiga. Ei mingit kampsikut isegi kaasas. Koju tulin alles enne kesk\u00f6\u00f6d ja teadagi, sain korralikult k\u00fclma :S Siiamaale v\u00f5istlen mingi l\u00f5ppematu nohuga, mis ajab \u00f6\u00f6sel \u00fcles ja tekitab jaburaid unen\u00e4gusid. K\u00fclmast talvest karastatuna, tundub ju iga veidi soojem ilm lausa troopikana :D Sellest ka see segadus riietumisega. Ja no ega ma t\u00e4pselt tea ka, kas ma ikka k\u00fclmetasin(ma ju lausa ei l\u00f5disenud ka), v\u00f5i sain ma selle nohu hoopis kingituseks. \u00dcmberringi liigub ju piisavalt t\u00f5biseid inimesi. Aga aitab sellest tatit\u00f5vest, elus on muud ka. <\/p>\n<p>M\u00e4rkamatult on \u00f5itsele puhkenud pojengid :) Uhked lilled. M\u00e4rguanne, et kohe kohe on k\u00e4es koolide l\u00f5petamised. J\u00e4rgmisel aastal on meie peres taas p\u00f5hjust sellest kenast l\u00f5petamisetrallist osa v\u00f5tta :)<\/p>\n<p><center><a href=\"\/pildid\/552\/IMG_1461v.jpg\"><img decoding=\"async\" src=\"\/pildid\/552\/IMG_1461v.jpg\" alt=\"pojeng\" \/><\/a><\/center><\/p>\n<p><center><a href=\"\/pildid\/552\/IMG_1465.jpg\"><img decoding=\"async\" src=\"\/pildid\/552\/IMG_1465.jpg\" alt=\"pojeng\" \/><\/a><\/center><\/p>\n<p>Oleme pliksiga koos \u00fchtteist ette v\u00f5tnud ja olen \u00fcksi siin-seal k\u00e4inud.<br \/>\n\u00dcleeile, see on siis neljap\u00e4eval, k\u00e4isin linnas oma asju ajamas. Muude asjade vahel soetasin ka lapsele l\u00f5puks tema esimese jalgratta :) Pidades n\u00f5u \u00fche ja teise tuttavaga, kellel lapsele ratas ostetud, j\u00f5udsin veendumusele, et see ratas, mida pakuti, sobib v\u00e4ga h\u00e4sti :) Nagu \u00fcks tuttav millalgi \u00fctles, et kui laps istub ratta peale ja tunneb ennast sellel kindlalt, ongi \u00f5ige ratas. Ja nii oligi. Tibi, kellel puudusid igasugused jalgrattakogemused, istus \u00f5htul toas ratta selga &#8230;..ja s\u00f5itis :D Terve \u00f5htu k\u00e4rutas kuni kesk\u00f6\u00f6ni toas ringi. Meil \u00f5nneks pikad esikud ja palju ruumi. Eriti tore oli see, et ta ei rihtinudki \u00fchtegi seina v\u00f5i nurka \u00e4ra :P Super. J\u00e4rgmisel p\u00e4eval juba tegime rattaretke l\u00e4himasse poodi. Jalgsi on sinna umbes 10 minuti teekond. V\u00e4ga kenasti sai hakkama ja ei mingit virisemist, et ei jaksa. Meie tee pole just kiita. Lohud, muhud ja kalded. Seega s\u00f5ita pole seal just kuigi mugav. Kaks korda s\u00f5itis kraavi ka :D Ega ma ei takistanud, las \u00f5pib aru saama, mis ja milleks :) Ta ju omameelest k\u00f5va tegelane ja hakkas kohe harjutama k\u00e4ed lahti s\u00f5itmist :D Igatahes saame me n\u00fc\u00fcd poes k\u00e4idud m\u00e4rksa kiiremini, kui meil see jalgsi k\u00f5ndides tavaliselt \u00f5nnestus. <\/p>\n<p>Eile istusime ja r\u00e4\u00e4kisime jupp aega t\u00fcdruku ja vanema pojaga ratastest \u00fcldse. Nendest ratastest, mis meil poistel l\u00e4bi aastate olnud. Nende parematest ja halvematest k\u00fclgedest. Vanema poja esimesed rattad ulatusid n\u00f5ukaaega. Esimene m\u00e4lestus oligi minu vanemate ostetud kollase kastiga kolmekas, millega ta s\u00f5itma \u00f5ppis :) Tuli juttu ka sellest, et \u00fcks tema ratastest sai vargapoiste saagiks.<br \/>\nSelle jutu peale teatas t\u00e4na hommikul piiga, et kurikaeladele tuleks anda pepu peale ata &#8211; ata ja viia nad viiuviiu k\u00e4tte :D Viiuviiuks sai mingist ajast tal politsei. Mis sest, et s\u00f5na politsei oli  tema s\u00f5navaras ammu. Me siin elame politseijaoskonna k\u00f5rval ja n\u00e4eme neid s\u00f5itmas kohe t\u00e4itsa pidevalt. <\/p>\n<p>Mis on veel piigal uudist. Esiteks see, et vast n\u00fc\u00fcd 1,5 n\u00e4dala jagu \u00fctleb ta kenasti R t\u00e4hte :) Ja see ka, et vastupidiselt minu kartustele, et ta viisi ei pea, on laps hakanud \u00fcha paremini viisi pidama ja laulab juba v\u00e4ga ilusasti :) Palju keerukamaid laule, kui tema eale kohane :)<\/p>\n<p>T\u00e4na algas hommik nutuse ilmaga. \u00d5ues oli pilves ja tuuline. Panime sedakorda \u00f5iged riided selga ja l\u00e4ksime \u00f5ue. Laps tahab ju rattaga s\u00f5ita :) Kuni vihmani saimegi kenasti l\u00f5butsetud. Praeguseks on pilved laiali puhutud, aga tuul on nii vinge, et ilma tellisteta ei maksa saledatel ja pisikestel inimestel \u00f5ue minnagi :) V\u00f5tsin siiski julguse kokku ja k\u00e4isin just poja motika katet kinni sidumas, et ei peaks seda varsti aiamaadelt taga otsima :P Poisid ise peaks varsti linnast koos koju j\u00f5udma. <\/p>\n<p><center><a href=\"\/pildid\/552\/IMG_1470v.jpg\"><img decoding=\"async\" src=\"\/pildid\/552\/IMG_1470v.jpg\" alt=\"laps\" \/><\/a><\/center><\/p>\n<p>Uhke rattaomanik<\/p>\n<p><center><a href=\"\/pildid\/552\/IMG_1506.jpg\"><img decoding=\"async\" src=\"\/pildid\/552\/IMG_1506.jpg\" alt=\"laps\" \/><\/a><\/center><\/p>\n<p>Vallatud kurvid<\/p>\n<p><center><a href=\"\/pildid\/552\/IMG_1491.jpg\"><img decoding=\"async\" src=\"\/pildid\/552\/IMG_1491.jpg\" alt=\"laps\" \/><\/a><\/center><\/p>\n<p>Lillekesed v\u00e4ikeses peos<\/p>\n<p><center><a href=\"\/pildid\/552\/IMG_1492.jpg\"><img decoding=\"async\" src=\"\/pildid\/552\/IMG_1492.jpg\" alt=\"muru\" \/><\/a><\/center><\/p>\n<p>T\u00e4nahommikune muru :)<\/p>\n","protected":false},"excerpt":{"rendered":"<p>Sooja pole sel n\u00e4dalal eriti just olnud. Enamuse ajast tuleb soe jope selga ajada ja kogemused n\u00e4itavad, et ilmataati \u00f5hukeste riietega ninapidi ei vea. L\u00f5puks j\u00e4\u00e4d ikka ise kaotajaks. Ma siin ka, l\u00e4ksin \u00fcks p\u00e4ev pealinna ja arvestasin kohaliku ilmaga, &hellip; <a href=\"https:\/\/www.kaldkriips.ee\/?p=552\">J\u00e4tka lugemist <span class=\"meta-nav\">&rarr;<\/span><\/a><\/p>\n","protected":false},"author":1,"featured_media":0,"comment_status":"open","ping_status":"open","sticky":false,"template":"","format":"standard","meta":{"footnotes":""},"categories":[5],"tags":[],"class_list":["post-552","post","type-post","status-publish","format-standard","hentry","category-mina-ise-ja-muud-loomad"],"_links":{"self":[{"href":"https:\/\/www.kaldkriips.ee\/index.php?rest_route=\/wp\/v2\/posts\/552"}],"collection":[{"href":"https:\/\/www.kaldkriips.ee\/index.php?rest_route=\/wp\/v2\/posts"}],"about":[{"href":"https:\/\/www.kaldkriips.ee\/index.php?rest_route=\/wp\/v2\/types\/post"}],"author":[{"embeddable":true,"href":"https:\/\/www.kaldkriips.ee\/index.php?rest_route=\/wp\/v2\/users\/1"}],"replies":[{"embeddable":true,"href":"https:\/\/www.kaldkriips.ee\/index.php?rest_route=%2Fwp%2Fv2%2Fcomments&post=552"}],"version-history":[{"count":0,"href":"https:\/\/www.kaldkriips.ee\/index.php?rest_route=\/wp\/v2\/posts\/552\/revisions"}],"wp:attachment":[{"href":"https:\/\/www.kaldkriips.ee\/index.php?rest_route=%2Fwp%2Fv2%2Fmedia&parent=552"}],"wp:term":[{"taxonomy":"category","embeddable":true,"href":"https:\/\/www.kaldkriips.ee\/index.php?rest_route=%2Fwp%2Fv2%2Fcategories&post=552"},{"taxonomy":"post_tag","embeddable":true,"href":"https:\/\/www.kaldkriips.ee\/index.php?rest_route=%2Fwp%2Fv2%2Ftags&post=552"}],"curies":[{"name":"wp","href":"https:\/\/api.w.org\/{rel}","templated":true}]}}