{"id":551,"date":"2010-06-01T21:27:00","date_gmt":"2010-06-01T19:27:00","guid":{"rendered":"http:\/\/blog.kaldkriips.ee\/?p=551"},"modified":"2010-06-01T21:30:36","modified_gmt":"2010-06-01T19:30:36","slug":"musamari-kevadkontsert","status":"publish","type":"post","link":"https:\/\/www.kaldkriips.ee\/?p=551","title":{"rendered":"Musamari kevadkontsert"},"content":{"rendered":"<p>P\u00fchap\u00e4eval, maikuu eelviimasel p\u00e4eval k\u00e4isime Rahvusraamatukogus Musamari Kevadkontserdil. Hooaeg sai l\u00e4bi ja k\u00f5ik lapsed tahtsid ju esineda. Oma vanematele, \u00f5dedele-vendadele ja sugulastele &#8211; s\u00f5pradele. Nii olime meiegi sel p\u00e4eval kenasti raamatukogu suures saalis. Esinesime ja kuulasime.  Saal oli rahvas puup\u00fcsti t\u00e4is :) \u00dcks hooaeg j\u00e4lle l\u00e4bi. Vaatab, mis s\u00fcgisel edasi saab. <\/p>\n<p><center><a href=\"\/pildid\/551\/IMG_1126.jpg\"><img decoding=\"async\" src=\"\/pildid\/551\/IMG_1126.jpg\" alt=\"Musamari\" \/><\/a><\/center><\/p>\n<p>Musamari kandleansambel<\/p>\n<p><center><a href=\"\/pildid\/551\/IMG_1129.jpg\"><img decoding=\"async\" src=\"\/pildid\/551\/IMG_1129.jpg\" alt=\"Musamari\" \/><\/a><\/center><\/p>\n<p>Sitikas-p\u00f5rnikas jagas rahvale &#8220;k\u00e4rbsekakat&#8221;, pidavat olema v\u00e4ga hea kevadv\u00e4simuse vastu :D<\/p>\n<p><center><a href=\"\/pildid\/551\/IMG_1144.jpg\"><img decoding=\"async\" src=\"\/pildid\/551\/IMG_1144.jpg\" alt=\"Musamari\" \/><\/a><\/center><\/p>\n<p>Kohe hakkame laulma<\/p>\n<p><center><a href=\"\/pildid\/551\/IMG_1150.jpg\"><img decoding=\"async\" src=\"\/pildid\/551\/IMG_1150.jpg\" alt=\"Musamari\" \/><\/a><\/center><\/p>\n<p>\u00dcks ussike, \u00fcks ussike on kodu poole teel&#8230;<\/p>\n<p><center><a href=\"\/pildid\/551\/IMG_1157.jpg\"><img decoding=\"async\" src=\"\/pildid\/551\/IMG_1157.jpg\" alt=\"Musamari\" \/><\/a><\/center><\/p>\n<p>See tore laps olen mina&#8230;.<\/p>\n<p><center><a href=\"\/pildid\/551\/IMG_1158.jpg\"><img decoding=\"async\" src=\"\/pildid\/551\/IMG_1158.jpg\" alt=\"Musamari\" \/><\/a><\/center><\/p>\n<p>K\u00f5ik kolmesed :)<\/p>\n<p><center><a href=\"\/pildid\/551\/IMG_1186.jpg\"><img decoding=\"async\" src=\"\/pildid\/551\/IMG_1186.jpg\" alt=\"Musamari\" \/><\/a><\/center><\/p>\n<p>Kirke tahtis tagasi lavale. Soololaulud j\u00e4id ju alles esitamata :P<\/p>\n","protected":false},"excerpt":{"rendered":"<p>P\u00fchap\u00e4eval, maikuu eelviimasel p\u00e4eval k\u00e4isime Rahvusraamatukogus Musamari Kevadkontserdil. Hooaeg sai l\u00e4bi ja k\u00f5ik lapsed tahtsid ju esineda. Oma vanematele, \u00f5dedele-vendadele ja sugulastele &#8211; s\u00f5pradele. Nii olime meiegi sel p\u00e4eval kenasti raamatukogu suures saalis. Esinesime ja kuulasime. Saal oli rahvas puup\u00fcsti &hellip; <a href=\"https:\/\/www.kaldkriips.ee\/?p=551\">J\u00e4tka lugemist <span class=\"meta-nav\">&rarr;<\/span><\/a><\/p>\n","protected":false},"author":1,"featured_media":0,"comment_status":"open","ping_status":"open","sticky":false,"template":"","format":"standard","meta":{"footnotes":""},"categories":[5],"tags":[],"class_list":["post-551","post","type-post","status-publish","format-standard","hentry","category-mina-ise-ja-muud-loomad"],"_links":{"self":[{"href":"https:\/\/www.kaldkriips.ee\/index.php?rest_route=\/wp\/v2\/posts\/551"}],"collection":[{"href":"https:\/\/www.kaldkriips.ee\/index.php?rest_route=\/wp\/v2\/posts"}],"about":[{"href":"https:\/\/www.kaldkriips.ee\/index.php?rest_route=\/wp\/v2\/types\/post"}],"author":[{"embeddable":true,"href":"https:\/\/www.kaldkriips.ee\/index.php?rest_route=\/wp\/v2\/users\/1"}],"replies":[{"embeddable":true,"href":"https:\/\/www.kaldkriips.ee\/index.php?rest_route=%2Fwp%2Fv2%2Fcomments&post=551"}],"version-history":[{"count":0,"href":"https:\/\/www.kaldkriips.ee\/index.php?rest_route=\/wp\/v2\/posts\/551\/revisions"}],"wp:attachment":[{"href":"https:\/\/www.kaldkriips.ee\/index.php?rest_route=%2Fwp%2Fv2%2Fmedia&parent=551"}],"wp:term":[{"taxonomy":"category","embeddable":true,"href":"https:\/\/www.kaldkriips.ee\/index.php?rest_route=%2Fwp%2Fv2%2Fcategories&post=551"},{"taxonomy":"post_tag","embeddable":true,"href":"https:\/\/www.kaldkriips.ee\/index.php?rest_route=%2Fwp%2Fv2%2Ftags&post=551"}],"curies":[{"name":"wp","href":"https:\/\/api.w.org\/{rel}","templated":true}]}}