{"id":549,"date":"2010-06-01T20:29:46","date_gmt":"2010-06-01T18:29:46","guid":{"rendered":"http:\/\/blog.kaldkriips.ee\/?p=549"},"modified":"2010-06-01T20:32:13","modified_gmt":"2010-06-01T18:32:13","slug":"uhel-toredal-maikuu-paeval","status":"publish","type":"post","link":"https:\/\/www.kaldkriips.ee\/?p=549","title":{"rendered":"\u00dchel toredal maikuu p\u00e4eval&#8230;."},"content":{"rendered":"<p>&#8230;k\u00e4isime Kirkega s\u00fcnnip\u00e4eval. S\u00fcnnip\u00e4eval k\u00e4isime k\u00fcll Kirkega samavana pisikese piiga isa s\u00fcnnip\u00e4eval, aga siin tuleb jutt just laste tegemistest :)<br \/>\n\u00dchel laup\u00e4eval, p\u00e4ev enne emadep\u00e4eva, asusime hommikul kahekesi Raplast teele. Ikka rongiga Balti jaama. Jaamas sibasime kiiresti lillekioskitesse ja soetasime s\u00fcnnip\u00e4evalilled. Muidugi mitte ainult, sest seal peres s\u00fcndis vahepeal v\u00e4ike vennake ja viisime ka katsikulilled :) Ega rohkem aega meil \u00fcle ei j\u00e4\u00e4nudki ja varsti s\u00f5itsime juba elektrirongiga Raasiku suunas. Kui Tallinnas oli jahe, siis Raasikule j\u00f5udes v\u00f5ttis vastu meid soe ja p\u00e4ikeseline ilm. Jalutasime siis vaikselt kiriku juurde, sest just sealsamas k\u00f5rval oligi koht, kuhu olime teel. Olime esimesed :P Pererahvas kutsuski meid varakult, et lapsed saaksid piisavalt koos m\u00e4ngida. On ju peret\u00fctar Lee ja Kirke \u00fchevanused, Lee vaid 2 kuud varem s\u00fcndinud. Plikatrirtsud klappisid v\u00e4ga h\u00e4sti ja ega ma rohkem suurt oma last tol \u00f5htul ei n\u00e4inud, kui l\u00e4bi objektiivi :D Mina suundusin rahus k\u00f6\u00f6ki, aitasin hoida pisikest Ukut ja valmistasin koos pereemaga \u00f5htuks toitu lauale. Tegelikult plaanisime me Kirkega viimase rongiga tagasi koju s\u00f5ita, aga \u00f5htu j\u00e4tkudes oli lastel nii lahe ja pidu alles algas, et s\u00fcnnip\u00e4evalaps arvas, me peaksime ikka \u00f6\u00f6seks j\u00e4\u00e4ma :D Kirke ei arvanud muidugi ka kojuminekust mittekuimidagi. Ok, mis ma kamba vastu ikka saan, tuli alistuda. Ega ma ei kahetsenud ka. Pidu oli meeleolukas ja l\u00f5bus, nagu sellel seltskonnal alati. Selle rahvaga on ikka juba kena 15 aastat koos aeg ajalt \u00fcritusi peetud :) Ja nii me siis seal poole \u00f6\u00f6ni trallasimegi :D P\u00fchap\u00e4eval, emadep\u00e4eva hommikul, s\u00f5itsime koju :)<\/p>\n<p><center><a href=\"\/pildid\/549\/IMG_0566.jpg\"><img decoding=\"async\" src=\"\/pildid\/549\/IMG_0566.jpg\" alt=\"Lee\" \/><\/a><\/center><\/p>\n<p>V\u00e4ike Lee<\/p>\n<p><center><a href=\"\/pildid\/549\/IMG_0576.jpg\"><img decoding=\"async\" src=\"\/pildid\/549\/IMG_0576.jpg\" alt=\"Elari s\u00fcnnip\u00e4eval\" \/><\/a><\/center><\/p>\n<p>V\u00f5istlused :)<\/p>\n<p><center><a href=\"\/pildid\/549\/IMG_0614.jpg\"><img decoding=\"async\" src=\"\/pildid\/549\/IMG_0614.jpg\" alt=\"Elari s\u00fcnnip\u00e4eval\" \/><\/a><\/center><\/p>\n<p>Kirke j\u00e4lgib suurte inimeste v\u00f5istlusi Arlet Palmiste juhtimisel<\/p>\n<p><center><a href=\"\/pildid\/549\/IMG_0565.jpg\"><img decoding=\"async\" src=\"\/pildid\/549\/IMG_0565.jpg\" alt=\"Elari s\u00fcnnip\u00e4eval\" \/><\/a><\/center><\/p>\n<p>Kirke pugib \u00c5\u00a1a\u00c5\u00a1l\u00f5kki<\/p>\n<p><center><a href=\"\/pildid\/549\/IMG_0596v.jpg\"><img decoding=\"async\" src=\"\/pildid\/549\/IMG_0596v.jpg\" alt=\"Elari s\u00fcnnip\u00e4eval\" \/><\/a><\/center><\/p>\n<p>Kirke &#8220;loeb&#8221; Leele raamatut :)<\/p>\n<p><center><a href=\"\/pildid\/549\/IMG_0642.jpg\"><img decoding=\"async\" src=\"\/pildid\/549\/IMG_0642.jpg\" alt=\"Elari s\u00fcnnip\u00e4eval\" \/><\/a><\/center><\/p>\n<p>Lapsed naabripoisi batuudil :)<\/p>\n<p><center><a href=\"\/pildid\/549\/IMG_0691v.jpg\"><img decoding=\"async\" src=\"\/pildid\/549\/IMG_0691v.jpg\" alt=\"Elari s\u00fcnnip\u00e4eval\" \/><\/a><\/center><\/p>\n<p>Kirke k\u00e4tes on pisikese Uku k\u00e4eke :)<\/p>\n<p><center><a href=\"\/pildid\/549\/IMG_0695v.jpg\"><img decoding=\"async\" src=\"\/pildid\/549\/IMG_0695v.jpg\" alt=\"Elari s\u00fcnnip\u00e4eval\" \/><\/a><\/center><\/p>\n<p>Magama koos, nagu \u00f5ekesed<\/p>\n","protected":false},"excerpt":{"rendered":"<p>&#8230;k\u00e4isime Kirkega s\u00fcnnip\u00e4eval. S\u00fcnnip\u00e4eval k\u00e4isime k\u00fcll Kirkega samavana pisikese piiga isa s\u00fcnnip\u00e4eval, aga siin tuleb jutt just laste tegemistest :) \u00dchel laup\u00e4eval, p\u00e4ev enne emadep\u00e4eva, asusime hommikul kahekesi Raplast teele. Ikka rongiga Balti jaama. Jaamas sibasime kiiresti lillekioskitesse ja soetasime &hellip; <a href=\"https:\/\/www.kaldkriips.ee\/?p=549\">J\u00e4tka lugemist <span class=\"meta-nav\">&rarr;<\/span><\/a><\/p>\n","protected":false},"author":1,"featured_media":0,"comment_status":"open","ping_status":"open","sticky":false,"template":"","format":"standard","meta":{"footnotes":""},"categories":[5],"tags":[],"class_list":["post-549","post","type-post","status-publish","format-standard","hentry","category-mina-ise-ja-muud-loomad"],"_links":{"self":[{"href":"https:\/\/www.kaldkriips.ee\/index.php?rest_route=\/wp\/v2\/posts\/549"}],"collection":[{"href":"https:\/\/www.kaldkriips.ee\/index.php?rest_route=\/wp\/v2\/posts"}],"about":[{"href":"https:\/\/www.kaldkriips.ee\/index.php?rest_route=\/wp\/v2\/types\/post"}],"author":[{"embeddable":true,"href":"https:\/\/www.kaldkriips.ee\/index.php?rest_route=\/wp\/v2\/users\/1"}],"replies":[{"embeddable":true,"href":"https:\/\/www.kaldkriips.ee\/index.php?rest_route=%2Fwp%2Fv2%2Fcomments&post=549"}],"version-history":[{"count":0,"href":"https:\/\/www.kaldkriips.ee\/index.php?rest_route=\/wp\/v2\/posts\/549\/revisions"}],"wp:attachment":[{"href":"https:\/\/www.kaldkriips.ee\/index.php?rest_route=%2Fwp%2Fv2%2Fmedia&parent=549"}],"wp:term":[{"taxonomy":"category","embeddable":true,"href":"https:\/\/www.kaldkriips.ee\/index.php?rest_route=%2Fwp%2Fv2%2Fcategories&post=549"},{"taxonomy":"post_tag","embeddable":true,"href":"https:\/\/www.kaldkriips.ee\/index.php?rest_route=%2Fwp%2Fv2%2Ftags&post=549"}],"curies":[{"name":"wp","href":"https:\/\/api.w.org\/{rel}","templated":true}]}}