{"id":545,"date":"2010-05-14T22:41:57","date_gmt":"2010-05-14T20:41:57","guid":{"rendered":"http:\/\/blog.kaldkriips.ee\/?p=545"},"modified":"2010-05-14T22:47:15","modified_gmt":"2010-05-14T20:47:15","slug":"linnareede","status":"publish","type":"post","link":"https:\/\/www.kaldkriips.ee\/?p=545","title":{"rendered":"Linnareede"},"content":{"rendered":"<p>T\u00e4nane hommik algas meie m\u00f5istes vara :) Mina \u00e4rkasin natuke enne 8. No vara jah, kui enamuse p\u00e4evadest l\u00e4hed magama k\u00f5vasti peale kesk\u00f6\u00f6d. Mulle lihtsalt meeldib tegeleda \u00f6\u00f6sel t\u00f6\u00f6asjadega, kui on vaikus ja rahu ja oled v\u00f5imeline kuulama juba iseenda m\u00f5tteid.<br \/>\nKoeraga k\u00e4isime t\u00e4na arstil. Esiteks oli vaja teha \u00e4ra korraline vaktsineerimine- marutaud + kompleksvaktsiin ja teiseks, tegi mind \u00fcks tema k\u00f5rv murelikuks. Kartus osutus t\u00f5eks, k\u00f5rva oli tekkinud p\u00f5letik. Kust ta selle hankis, pole mul mingit aimu. Tegelikult on ta olnud ju v\u00e4ga terve ja tubli koer. 7 aasta jooksul ei mingeid h\u00e4dasid. Eks hakkab tal see keskiga tulema ja mured vahest lihtsalt tekivad.<br \/>\nKoeraga asjad korras, s\u00f5itsime linna. Tavap\u00e4rane Musamari tund. T\u00e4na oli niiiii soe ilm, et juba ei olnud siseruumides \u00f5hku. Lapsi oli v\u00e4hem kui tavaliset, aga palav oli ikkagi. Ei tea, kas esimesed soojad ilmad meelitasid osa lapsi oma emmedega juba randa :D Natuke veel ja ongi meie musahooaeg l\u00e4bi. Algab koolivaheaeg.<br \/>\nPeale Musamari korjas meid issi j\u00e4lle peale ja s\u00f5itsime koos Kadriorgu. Olin kuulnud juba palju kiidus\u00f5nu <a href=\"http:\/\/www.linnamuuseum.ee\/miiamillamanda\/\">Miia Milla Manda<\/a> laste muuseumi kohta ja t\u00e4na v\u00f5tsime siis plaani ise pilk peale heita. V\u00e4ga vahva maja !!! tegevust jagus seal jupiks ajaks ja tirts juba k\u00fcsib, et millal me j\u00e4lle sinna l\u00e4heme. Ma k\u00fcll ei kujuta ette, kuidas seal suvel k\u00e4ia saab, sest t\u00e4na, k\u00f5igest peale kahte sooja suveilma, oli seal t\u00e4ielik \u00f5hupuudus. Hiljem olime veel maja ees m\u00e4nguplatsil ja jahutasime ennast j\u00e4\u00e4tisega.<br \/>\nNiiet, \u00fcks igati kena p\u00e4ev oli t\u00e4na :)<\/p>\n<p><center><a href=\"\/pildid\/545\/IMG_0781v.jpg\"><img decoding=\"async\" src=\"\/pildid\/545\/IMG_0781v.jpg\" alt=\"Miia Milla Mandas\" \/><\/a><\/center><\/p>\n<p><center><a href=\"\/pildid\/545\/IMG_0784v.jpg\"><img decoding=\"async\" src=\"\/pildid\/545\/IMG_0784v.jpg\" alt=\"Miia Milla Mandas\" \/><\/a><\/center><\/p>\n<p><center><a href=\"\/pildid\/545\/IMG_0801v.jpg\"><img decoding=\"async\" src=\"\/pildid\/545\/IMG_0801v.jpg\" alt=\"Miia Milla Mandas\" \/><\/a><\/center><\/p>\n<p><center><a href=\"\/pildid\/545\/IMG_0804v.jpg\"><img decoding=\"async\" src=\"\/pildid\/545\/IMG_0804v.jpg\" alt=\"Miia Milla Mandas\" \/><\/a><\/center><\/p>\n<p><center><a href=\"\/pildid\/545\/IMG_0808v.jpg\"><img decoding=\"async\" src=\"\/pildid\/545\/IMG_0808v.jpg\" alt=\"Miia Milla Mandas\" \/><\/a><\/center><\/p>\n<p><center><a href=\"\/pildid\/545\/IMG_0809v.jpg\"><img decoding=\"async\" src=\"\/pildid\/545\/IMG_0809v.jpg\" alt=\"Miia Milla Mandas\" \/><\/a><\/center><\/p>\n<p><center><a href=\"\/pildid\/545\/IMG_0811v.jpg\"><img decoding=\"async\" src=\"\/pildid\/545\/IMG_0811v.jpg\" alt=\"Miia Milla Mandas\" \/><\/a><\/center><\/p>\n<p><center><a href=\"\/pildid\/545\/IMG_0812v.jpg\"><img decoding=\"async\" src=\"\/pildid\/545\/IMG_0812v.jpg\" alt=\"Miia Milla Mandas\" \/><\/a><\/center><\/p>\n<p><center><a href=\"\/pildid\/545\/IMG_0823v.jpg\"><img decoding=\"async\" src=\"\/pildid\/545\/IMG_0823v.jpg\" alt=\"Miia Milla Mandas\" \/><\/a><\/center><\/p>\n<p><center><a href=\"\/pildid\/545\/IMG_0827v.jpg\"><img decoding=\"async\" src=\"\/pildid\/545\/IMG_0827v.jpg\" alt=\"Miia Milla Mandas\" \/><\/a><\/center><\/p>\n<p><center><a href=\"\/pildid\/545\/IMG_0831v.jpg\"><img decoding=\"async\" src=\"\/pildid\/545\/IMG_0831v.jpg\" alt=\"Miia Milla Mandas\" \/><\/a><\/center><\/p>\n<p><center><a href=\"\/pildid\/545\/IMG_0835v.jpg\"><img decoding=\"async\" src=\"\/pildid\/545\/IMG_0835v.jpg\" alt=\"Miia Milla Mandas\" \/><\/a><\/center><\/p>\n","protected":false},"excerpt":{"rendered":"<p>T\u00e4nane hommik algas meie m\u00f5istes vara :) Mina \u00e4rkasin natuke enne 8. No vara jah, kui enamuse p\u00e4evadest l\u00e4hed magama k\u00f5vasti peale kesk\u00f6\u00f6d. Mulle lihtsalt meeldib tegeleda \u00f6\u00f6sel t\u00f6\u00f6asjadega, kui on vaikus ja rahu ja oled v\u00f5imeline kuulama juba iseenda &hellip; <a href=\"https:\/\/www.kaldkriips.ee\/?p=545\">J\u00e4tka lugemist <span class=\"meta-nav\">&rarr;<\/span><\/a><\/p>\n","protected":false},"author":1,"featured_media":0,"comment_status":"open","ping_status":"open","sticky":false,"template":"","format":"standard","meta":{"footnotes":""},"categories":[5],"tags":[],"class_list":["post-545","post","type-post","status-publish","format-standard","hentry","category-mina-ise-ja-muud-loomad"],"_links":{"self":[{"href":"https:\/\/www.kaldkriips.ee\/index.php?rest_route=\/wp\/v2\/posts\/545"}],"collection":[{"href":"https:\/\/www.kaldkriips.ee\/index.php?rest_route=\/wp\/v2\/posts"}],"about":[{"href":"https:\/\/www.kaldkriips.ee\/index.php?rest_route=\/wp\/v2\/types\/post"}],"author":[{"embeddable":true,"href":"https:\/\/www.kaldkriips.ee\/index.php?rest_route=\/wp\/v2\/users\/1"}],"replies":[{"embeddable":true,"href":"https:\/\/www.kaldkriips.ee\/index.php?rest_route=%2Fwp%2Fv2%2Fcomments&post=545"}],"version-history":[{"count":0,"href":"https:\/\/www.kaldkriips.ee\/index.php?rest_route=\/wp\/v2\/posts\/545\/revisions"}],"wp:attachment":[{"href":"https:\/\/www.kaldkriips.ee\/index.php?rest_route=%2Fwp%2Fv2%2Fmedia&parent=545"}],"wp:term":[{"taxonomy":"category","embeddable":true,"href":"https:\/\/www.kaldkriips.ee\/index.php?rest_route=%2Fwp%2Fv2%2Fcategories&post=545"},{"taxonomy":"post_tag","embeddable":true,"href":"https:\/\/www.kaldkriips.ee\/index.php?rest_route=%2Fwp%2Fv2%2Ftags&post=545"}],"curies":[{"name":"wp","href":"https:\/\/api.w.org\/{rel}","templated":true}]}}