{"id":544,"date":"2010-05-14T20:42:09","date_gmt":"2010-05-14T18:42:09","guid":{"rendered":"http:\/\/blog.kaldkriips.ee\/?p=544"},"modified":"2010-05-14T20:42:09","modified_gmt":"2010-05-14T18:42:09","slug":"emadepaev","status":"publish","type":"post","link":"https:\/\/www.kaldkriips.ee\/?p=544","title":{"rendered":"Emadep\u00e4ev"},"content":{"rendered":"<p>V\u00e4ike meenutus m\u00f6\u00f6dunud emadep\u00e4evast.<\/p>\n<p>Selle aasta emadep\u00e4ev algas meil hoopis k\u00fclas :)<br \/>\nEelmisel p\u00e4eval juba l\u00e4ksime tipsuga Raasikule k\u00fclla. Peretuttavad kutsusid s\u00fcnnip\u00e4evapeole. Minul oli k\u00fcll plaan minna \u00f5htuks koju tagasi, aga kuna tips ja pererahvas tungivalt n\u00f5udsid sinnaj\u00e4\u00e4mist, pidin ma enamuse tahtele alluma :D<br \/>\nNii juhtuski, et p\u00fchap\u00e4eval \u00e4rkasime sugugi mitte kodus. Hommikul kell 10, just siis, kui l\u00f5id Raasiku kiriku kellad, istusime autosse ja s\u00f5itsime koju :)<br \/>\nOk, mitte kohe koju. Enne veel Tallinnast l\u00e4bi. Natuke mere\u00e4\u00e4res kolamist ja poes s\u00f6\u00f6givarude t\u00e4iendamist ja siis t\u00f5esti kodupoole teele.<br \/>\nRaplas p\u00f5ikasime sisse surnuaiale. Tips polnud varem surnuaial k\u00e4inud ja temale tuli hulga asju selgitada. Igatahes oli temale see uus kogemus, et seal metsa all on \u00fcks tema vanaemadest, kellele istutasime ilusad valged lilled hauale ja panime k\u00fc\u00fcnla p\u00f5lema.<br \/>\nKodus ootasid mind vanemad lapsed lilledega :) Eks see p\u00e4ev oligi selline kodune ja perekeskne. Liigse k\u00e4rata ja armas.<br \/>\nJ\u00e4lle \u00fcks aasta m\u00f6\u00f6das ja koged sama tunnet &#8211; ema on tore olla :)<\/p>\n<p><center><a href=\"\/pildid\/544\/IMG_0777.jpg\"><img decoding=\"async\" src=\"\/pildid\/544\/IMG_0777.jpg\" alt=\"lilled\" \/><\/a><\/center><\/p>\n","protected":false},"excerpt":{"rendered":"<p>V\u00e4ike meenutus m\u00f6\u00f6dunud emadep\u00e4evast. Selle aasta emadep\u00e4ev algas meil hoopis k\u00fclas :) Eelmisel p\u00e4eval juba l\u00e4ksime tipsuga Raasikule k\u00fclla. Peretuttavad kutsusid s\u00fcnnip\u00e4evapeole. Minul oli k\u00fcll plaan minna \u00f5htuks koju tagasi, aga kuna tips ja pererahvas tungivalt n\u00f5udsid sinnaj\u00e4\u00e4mist, pidin ma &hellip; <a href=\"https:\/\/www.kaldkriips.ee\/?p=544\">J\u00e4tka lugemist <span class=\"meta-nav\">&rarr;<\/span><\/a><\/p>\n","protected":false},"author":1,"featured_media":0,"comment_status":"open","ping_status":"open","sticky":false,"template":"","format":"standard","meta":{"footnotes":""},"categories":[5],"tags":[],"class_list":["post-544","post","type-post","status-publish","format-standard","hentry","category-mina-ise-ja-muud-loomad"],"_links":{"self":[{"href":"https:\/\/www.kaldkriips.ee\/index.php?rest_route=\/wp\/v2\/posts\/544"}],"collection":[{"href":"https:\/\/www.kaldkriips.ee\/index.php?rest_route=\/wp\/v2\/posts"}],"about":[{"href":"https:\/\/www.kaldkriips.ee\/index.php?rest_route=\/wp\/v2\/types\/post"}],"author":[{"embeddable":true,"href":"https:\/\/www.kaldkriips.ee\/index.php?rest_route=\/wp\/v2\/users\/1"}],"replies":[{"embeddable":true,"href":"https:\/\/www.kaldkriips.ee\/index.php?rest_route=%2Fwp%2Fv2%2Fcomments&post=544"}],"version-history":[{"count":0,"href":"https:\/\/www.kaldkriips.ee\/index.php?rest_route=\/wp\/v2\/posts\/544\/revisions"}],"wp:attachment":[{"href":"https:\/\/www.kaldkriips.ee\/index.php?rest_route=%2Fwp%2Fv2%2Fmedia&parent=544"}],"wp:term":[{"taxonomy":"category","embeddable":true,"href":"https:\/\/www.kaldkriips.ee\/index.php?rest_route=%2Fwp%2Fv2%2Fcategories&post=544"},{"taxonomy":"post_tag","embeddable":true,"href":"https:\/\/www.kaldkriips.ee\/index.php?rest_route=%2Fwp%2Fv2%2Ftags&post=544"}],"curies":[{"name":"wp","href":"https:\/\/api.w.org\/{rel}","templated":true}]}}