{"id":5435,"date":"2016-04-07T17:24:35","date_gmt":"2016-04-07T15:24:35","guid":{"rendered":"http:\/\/www.kaldkriips.ee\/?p=5435"},"modified":"2016-04-07T17:24:35","modified_gmt":"2016-04-07T15:24:35","slug":"kevad-koik-sellega-kaasnev-ning-minu-kiun-ja-ving","status":"publish","type":"post","link":"https:\/\/www.kaldkriips.ee\/?p=5435","title":{"rendered":"Kevad, k\u00f5ik sellega kaasnev  ning minu kiun ja ving"},"content":{"rendered":"<p>Kui lihtsamalt v\u00e4ljenduda, siis praegu on elu nagu lollipop.<br \/>\nKui on kiire, siis ikka ja alati k\u00f5ik asjad \u00fchel n\u00e4dalal ja et sellest veel v\u00e4he ei oleks, tabavad ka k\u00f5ige mittevajalikumad asjad, nagu haigused, inimesi t\u00e4iesti valel ajal. <\/p>\n<p>Mul t\u00f6\u00f6l sel n\u00e4dalal nii\u00f6elda pikk n\u00e4dal, 6 p\u00e4eva t\u00f6\u00f6l ja kuna kuu algus, siis see t\u00e4hendab, et kahel \u00f5htul olid mul laste\u00fcritused ja olen \u00f5htul hiljani t\u00f6\u00f6l.<br \/>\nKirkel on reedel, ehk siis homme Laulukarussell ja et ikka tore oleks, siis esmasp\u00e4eval peale kooli, klaverit ja laulustuudiot t\u00f5usis tal palavik ja kurk l\u00e4ks valusaks. Noooh, m\u00f5tlesime, et reedeni veel aega, k\u00fcll l\u00e4heb \u00fcle. L\u00e4ks jah, palavik l\u00e4ks kahe p\u00e4evaga \u00fcle, aga&#8230;siis tuli heast peast nohu ja siis k\u00f6ha ja eile hakkas valutama \u00fcks k\u00f5rv ja l\u00e4ks lukku ja t\u00e4na teine k\u00f5rv ja n\u00fc\u00fcd m\u00f5lemad k\u00f5rvad lukus. Pikk lause sai, eks, aga mina m\u00f5tlen, et ehk on n\u00fc\u00fcd enam v\u00e4hem k\u00f5ik valutanud ja hakkab l\u00f5puks paremaks minema !!!!! K\u00f5ht j\u00f5udis ka valutada, koos esimese p\u00e4eva k\u00f5rge palavikuga. Sellest ei saanudki aru, miks ta valutas.<br \/>\nTerve s\u00fcgistalve on meil haiguste osas k\u00f5ik p\u00e4ris kena olnud ja n\u00fc\u00fcd siis, kevadel, k\u00f5ige valemal ajal \u00fcldse &#8211; haige :S Klassijuhataja arvas, et paistab n\u00fc\u00fcd hakkavad need \u00e4ra kukkuma, kes terve talve kenasti vastu pidanud. Igatahes on see jamade jama. \u00d5petajad on \u00f5nneks vastutulelikud,  v\u00e4ga toetavad ja hoolitsevad. K\u00f5ik soovivad paranemist ja et jaksaks ikka reedel kenasti karussellitada.<br \/>\nTeeme t\u00e4na veel mis teha annab, et homme ikka kenasti v\u00f5istlusrivis oleks ja siinkohal pole mina enam suurt \u00fctleja, et \u00e4kki sa ei peakski osalema. Laps koos \u00f5petajaga on teinud selle nimel t\u00f6\u00f6d. Kaks kuud on laulu harjutatud kord n\u00e4dalas ( vahest on \u00e4ra ka j\u00e4\u00e4nud). Pakkusin, et \u00e4kki ei taha osaleda??? Ei, kus sa sellega, tahab ja v\u00e4ga, sest ilus laul on :) Oh seda last. \u00d5petaja ka toetab, et kui ikka p\u00e4ris pikali ei ole, katsume \u00e4ra teha. Eks me siis katsume, kuigi emana ma n\u00e4eks last hoopis rahus kodus paranemas. Hea seegi, et palavik l\u00e4ks ruttu \u00e4ra ja vaatame, kas saame homseks k\u00f5rvad ka lukust lahti. Kui ei saa, siis tuleb laulda nii, nagu need k\u00f5rvad on. Tunne on see tegelikult nagu sul oleks kehasisene monitor :D Nali naljaks, eks ole, aga just selline see tunne on. Omal ajal ise nii laulnud k\u00fcll, et k\u00f5rvad lukus. Vahepeal k\u00e4isin lava taga ninatilku panemas, et nina lahti saada ja l\u00e4hed muudkui laulad edasi. \u00d5nneks polnud see konkurss vaid muu \u00fcritus. <\/p>\n<p><center><a href=\"\/pildid\/1284\/IMG_5052.jpg\"><img decoding=\"async\" src=\"\/pildid\/1284\/IMG_5052.jpg\" alt=\"loodus\" \/><\/a><\/center><\/p>\n<p>Jaaa, aga eriti karm on, kui h\u00e4\u00e4l on sul t\u00f6\u00f6vahendiks. Nii on praegu h\u00e4das meie \u00f5petaja Thea. Kevadised pasatskid viisid tal h\u00e4\u00e4le lihtsalt t\u00e4itsa \u00e4ra. Nii juhtus siis, et lisaks oma hullarile, k\u00e4isin ma teisip\u00e4eval ja t\u00e4na \u00f5petaja palvel asendamas teda eelkoori laulutundides. Tore kogemus oli. S\u00fcgasin veidi kukalt, v\u00f5tsin m\u00f5ned noodid kaasa, \u00f5petaja saatis meid klaveril ja mina siis laulsin ja keksisin lastega nii, et nahk m\u00e4rg :D Lapsed \u00f5petasid mulle m\u00f5ne laulu ja mina \u00f5petasin nendele m\u00f5ne uue laulu, mida nad polnud kuulnud. Lisaks laulsime tuttavaid laule ja m\u00e4ngisime tuntud ringm\u00e4nge. Siiralt r\u00f5\u00f5msad laste silmad on parim t\u00e4nu!<\/p>\n<p>Praegu ma siis m\u00f5tlen, et saaks see n\u00e4dal l\u00e4bi. Kirjutasin endast selle v\u00e4simuse ja mure v\u00e4lja ning m\u00f5tlen positiivselt. K\u00fcll k\u00f5ik laabub ja l\u00e4heb nii, nagu hetkel minna saab. <\/p>\n<p>Kevadp\u00fchade aegu k\u00e4isime \u00f5ues jalutamas ja sellest ajast m\u00f5ned pildid meie teekonnalt.  <\/p>\n<p><center><a href=\"\/pildid\/1284\/IMG_4983.jpg\"><img decoding=\"async\" src=\"\/pildid\/1284\/IMG_4983.jpg\" alt=\"loodus\" \/><\/a><\/center><\/p>\n<p><center><a href=\"\/pildid\/1284\/IMG_5036.jpg\"><img decoding=\"async\" src=\"\/pildid\/1284\/IMG_5036.jpg\" alt=\"loodus\" \/><\/a><\/center><\/p>\n<p><center><a href=\"\/pildid\/1284\/IMG_5039.jpg\"><img decoding=\"async\" src=\"\/pildid\/1284\/IMG_5039.jpg\" alt=\"loodus\" \/><\/a><\/center><\/p>\n<p><center><a href=\"\/pildid\/1284\/IMG_5072.jpg\"><img decoding=\"async\" src=\"\/pildid\/1284\/IMG_5072.jpg\" alt=\"loodus\" \/><\/a><\/center><\/p>\n<p>Ah jaa, muidugi. Tol p\u00e4eval k\u00e4is meie karvane s\u00f5ber Kirkega koos jalutamas. Koerad pidavat tahtma ju v\u00e4rsket \u00f5hku saada. Peale Carro taevastele teedele minemist on laps selle venna poolt talle kunagi kingitud karvikuga lahutamatu. \u00d6\u00f6siti on ta kaisus ja Rootis k\u00e4is kaasas ja kusiganes. N\u00fc\u00fcd tuli siis v\u00f5tta jalutusk\u00e4igule. Nagu koertega ikka, teevad nad ju koerusi ja l\u00f5puks oli tal taguots m\u00e4rjaks saanud. Lahendus lihtne &#8211; peale jalutusk\u00e4iku tuli koer \u00e4ra kuivatada &#8211; kuivatis :P K\u00f5ige t\u00e4htsam, et s\u00f5ber sai \u00f5ues olla. <\/p>\n<p><center><a href=\"\/pildid\/1284\/IMG_5067.jpg\"><img decoding=\"async\" src=\"\/pildid\/1284\/IMG_5067.jpg\" alt=\"\u00f5ues\" \/><\/a><\/center><\/p>\n<p><center><a href=\"\/pildid\/1284\/IMG_5068.jpg\"><img decoding=\"async\" src=\"\/pildid\/1284\/IMG_5068.jpg\" alt=\"\u00f5ues\" \/><\/a><\/center><\/p>\n<p><center><a href=\"\/pildid\/1284\/IMG_5069.jpg\"><img decoding=\"async\" src=\"\/pildid\/1284\/IMG_5069.jpg\" alt=\"\u00f5ues\" \/><\/a><\/center><\/p>\n","protected":false},"excerpt":{"rendered":"<p>Kui lihtsamalt v\u00e4ljenduda, siis praegu on elu nagu lollipop. Kui on kiire, siis ikka ja alati k\u00f5ik asjad \u00fchel n\u00e4dalal ja et sellest veel v\u00e4he ei oleks, tabavad ka k\u00f5ige mittevajalikumad asjad, nagu haigused, inimesi t\u00e4iesti valel ajal. Mul t\u00f6\u00f6l &hellip; <a href=\"https:\/\/www.kaldkriips.ee\/?p=5435\">J\u00e4tka lugemist <span class=\"meta-nav\">&rarr;<\/span><\/a><\/p>\n","protected":false},"author":1,"featured_media":0,"comment_status":"open","ping_status":"open","sticky":false,"template":"","format":"standard","meta":{"footnotes":""},"categories":[5],"tags":[],"class_list":["post-5435","post","type-post","status-publish","format-standard","hentry","category-mina-ise-ja-muud-loomad"],"_links":{"self":[{"href":"https:\/\/www.kaldkriips.ee\/index.php?rest_route=\/wp\/v2\/posts\/5435"}],"collection":[{"href":"https:\/\/www.kaldkriips.ee\/index.php?rest_route=\/wp\/v2\/posts"}],"about":[{"href":"https:\/\/www.kaldkriips.ee\/index.php?rest_route=\/wp\/v2\/types\/post"}],"author":[{"embeddable":true,"href":"https:\/\/www.kaldkriips.ee\/index.php?rest_route=\/wp\/v2\/users\/1"}],"replies":[{"embeddable":true,"href":"https:\/\/www.kaldkriips.ee\/index.php?rest_route=%2Fwp%2Fv2%2Fcomments&post=5435"}],"version-history":[{"count":6,"href":"https:\/\/www.kaldkriips.ee\/index.php?rest_route=\/wp\/v2\/posts\/5435\/revisions"}],"predecessor-version":[{"id":5441,"href":"https:\/\/www.kaldkriips.ee\/index.php?rest_route=\/wp\/v2\/posts\/5435\/revisions\/5441"}],"wp:attachment":[{"href":"https:\/\/www.kaldkriips.ee\/index.php?rest_route=%2Fwp%2Fv2%2Fmedia&parent=5435"}],"wp:term":[{"taxonomy":"category","embeddable":true,"href":"https:\/\/www.kaldkriips.ee\/index.php?rest_route=%2Fwp%2Fv2%2Fcategories&post=5435"},{"taxonomy":"post_tag","embeddable":true,"href":"https:\/\/www.kaldkriips.ee\/index.php?rest_route=%2Fwp%2Fv2%2Ftags&post=5435"}],"curies":[{"name":"wp","href":"https:\/\/api.w.org\/{rel}","templated":true}]}}