{"id":5387,"date":"2016-04-09T17:26:59","date_gmt":"2016-04-09T15:26:59","guid":{"rendered":"http:\/\/www.kaldkriips.ee\/?p=5387"},"modified":"2016-04-09T17:26:59","modified_gmt":"2016-04-09T15:26:59","slug":"puhkus-ja-koolivaheaeg-tagasivaade","status":"publish","type":"post","link":"https:\/\/www.kaldkriips.ee\/?p=5387","title":{"rendered":"Puhkus ja koolivaheaeg &#8211; tagasivaade"},"content":{"rendered":"<p>P\u00fchaden\u00e4dalal olime tipsiga m\u00f5lemad priid. Tema koolist, mina t\u00f6\u00f6lt. \u00dchel oli siis koolivaheaeg, teisel hiline talvepuhkus. V\u00f5tangi selle talvepuhkuse n\u00e4dala lapse koolivaheajaga samal ajal juba teist aastat, et tema ei peaks \u00fcksi kodus redutama ja mina ei peaks ennast sassi m\u00f5tlema, mida talle iga p\u00e4ev ise t\u00f6\u00f6l olles koju s\u00fc\u00fca organiseerida. Nojah, ja seda koosveedetud kvaliteetaega on ju ka tarvis siiski m\u00e4rksa rohkem, kui t\u00f6\u00f6l k\u00e4ies j\u00f5uab.<br \/>\nN\u00fc\u00fcd, olles juba t\u00f6\u00f6l tagasi, on tore tagasi vaadata ja t\u00f5deda, et oli ikka \u00fcks eriti aktiivne puhkus ja palju tegemisi. Laps j\u00f5udis s\u00f5pradega m\u00e4ngida, \u00f5ues joosta, k\u00fclas k\u00e4ia, k\u00fclalisi vastu v\u00f5tta&#8230;. Mina j\u00f5udsin teha neid asju, mida t\u00f6\u00f6l olles v\u00e4ga ei j\u00f5ua, koos saime ringi k\u00e4idud ja p\u00fchi peetud. Kirke j\u00f5udis isegi \u00fche vaheajaks antud klaveripala iseseisvalt t\u00e4itsa selgeks \u00f5ppida kogu selle tramburai sees, sest sellist harjumust tal pole, et m\u00f5ni p\u00e4ev klaverit ei harjutaks. \u00d5nneks. Hetkel tundub, et minu t\u00f6\u00f6 selles osas on kenasti vilja kandnud, lapsele on harjutamisharjumus sisse juurdunud ja edaspidi on minu asi olla vajadusel vaid moraalseks toeks. <\/p>\n<p>Aga siiski, k\u00f5igest enam v\u00e4hem j\u00e4rgim\u00f6\u00f6da.<\/p>\n<p>Esimesel vabal p\u00e4eval s\u00f5itsime koos poja perega Viljandisse. Ilm oli kevadiselt heitlik ja nii saime reisi kestel tunda p\u00e4ikest ja lumesadu vahelduva eduga. Enamuse ajast paistis tegelikult kevadiselt m\u00f5nus p\u00e4ike, aga aeg ajalt tuli ei tea kust \u00fcks tuisum\u00f6ll ja samamoodi ta varsti l\u00e4ks tagasi &#8211; ei tea kuhu.<br \/>\nViljandis k\u00e4ies k\u00e4isime sees Pauluse kirikus. Ma pole teab mis ajast Viljandis \u00fcldse k\u00e4inud, r\u00e4\u00e4kimata sealsest kirikust. Suurep\u00e4rane ehitis. Kaunis nii seest, kui v\u00e4ljast. Kui enamus meie kirikuid on \u00fcsna k\u00f5ledad, siis sealne kirik j\u00e4ttis v\u00e4ga sooja ja meeldiva mulje, r\u00e4\u00e4kimata sellest, et neil on seal v\u00e4ga hea suur Estonia tiibklaver ja korralik orel. Istekohtigi rohkem, kui \u00fcle tee asuvas Ugala teatris, t\u00e4nu millele on selles kirikus palju h\u00e4id kontserte.<\/p>\n<p><center><a href=\"\/pildid\/1282\/IMG_4712.jpg\"><img decoding=\"async\" src=\"\/pildid\/1282\/IMG_4712.jpg\" alt=\"kirikus\" \/><\/a><\/center><\/p>\n<p> Sel ajal, kui me seal jalutasime, tegi Viljandi muusikakooli klaveri\u00f5petaja ja \u00fchtlasi sama kiriku organist parasjagu v\u00e4iksemate lastega seal proovi. Kirkel oli meeldiv v\u00f5imalus esitada klaveril oma pala, mispeale \u00f5petaja tuli kohe r\u00e4\u00e4kima, et \u00e4kki ta saaks j\u00e4rgmisel p\u00e4eval koos nendega kirikus esineda:D Meeldiv ja ootamatu ettepanek, aga paraku me ei j\u00e4\u00e4nud Viljandisse \u00f6\u00f6bima. \u00d5petaja ei olnud kitsi kiitusega ja avaldas lootust, et nad siiski saavad millalgi, kui j\u00e4lle tuleme ehk \u00fchiselt musitseerida. Neil on seal tore komme anda kirikus esinemiseks v\u00f5imalusi muusikakooli lastele, et saada rohkem esinemiskogemusi. <\/p>\n<p><center><a href=\"\/pildid\/1282\/IMG_4718.jpg\"><img decoding=\"async\" src=\"\/pildid\/1282\/IMG_4718.jpg\" alt=\"kirikus\" \/><\/a><\/center><\/p>\n<p><center><a href=\"\/pildid\/1282\/IMG_4715.jpg\"><img decoding=\"async\" src=\"\/pildid\/1282\/IMG_4715.jpg\" alt=\"kirikus\" \/><\/a><\/center><\/p>\n<p>K\u00f5ige rosinaks avanes meil v\u00f5imalus ronida Pauluse kiriku torni. Oli ikka t\u00fckk ronimist m\u00f6\u00f6da kitsaid ja veel kitsamaid treppe, l\u00f5puks kohe m\u00f6\u00f6da \u00fcsna kitsast keerdtreppi, aga \u00fcks hetk olime \u00fcleval ja kui luugid valla l\u00f5ime, oli \u00f5ue kohe sealsamas. \u00d5ues oli parasjagu see tuisune hetk ja vaatamata kaasa antud binoklile me just eriti kaugele sealt ei n\u00e4inud. Huvitav ja p\u00f5nev oli ikkagi.<\/p>\n<p><center><a href=\"\/pildid\/1282\/IMG_4706.jpg\"><img decoding=\"async\" src=\"\/pildid\/1282\/IMG_4706.jpg\" alt=\"kirikus\" \/><\/a><\/center><\/p>\n<p><center><a href=\"\/pildid\/1282\/IMG_4707.jpg\"><img decoding=\"async\" src=\"\/pildid\/1282\/IMG_4707.jpg\" alt=\"kirikus\" \/><\/a><\/center><\/p>\n<p>Peale seiklusi kirikus k\u00e4isime s\u00f6\u00f6mas \u00fches toredas kohalikus pubis sealsamas l\u00e4hedal ja varsti oli ees kojus\u00f5it. V\u00e4ikeste lastega v\u00e4ga kauaks logistama ei saa j\u00e4\u00e4da ja eks meil oli tegelikult Viljandisse veel muud asja ka. <\/p>\n<p>J\u00e4rgmisel p\u00e4eval, ehk p\u00fchap\u00e4eval, korraldas Kirke oma paarile s\u00f5brale kodus klaveripidu. Ettevalmistused hakkasid peale tal juba koos idee tekkimisega kena kuu aega tagasi. Meisterdas ja kirjutas hoolega kutseid, et kutsuda oma 4 head s\u00f5pra v\u00e4ikesele peole. Minule anti austav \u00fclesanne meisterdada s\u00f5pradele kinkimiseks v\u00e4ikesed kommituutud. <\/p>\n<p><center><a href=\"\/pildid\/1282\/IMG_4721.jpg\"><img decoding=\"async\" src=\"\/pildid\/1282\/IMG_4721.jpg\" alt=\"klaveripidu\" \/><\/a><\/center><\/p>\n<p>T\u00fckk aega oli ainult kuup\u00e4ev lahtine, aga \u00fckskord sai paika seegi. Koolivaheaja esimesel p\u00fchap\u00e4eval see peoke igatahes toimus. Kohal olid kaks klassi\u00f5de\/muusikakoolikaaslast. \u00dcks s\u00f5branna oli kodus pisut haige ja \u00fcks s\u00f5ber ei saanud samuti tulla- tuli teisel p\u00e4eval.<br \/>\nLastel oli l\u00f5bus ja mis mulle r\u00f5\u00f5mu tegi oli see, et neil on ikka tahet ja r\u00f5\u00f5mu koos musitseerida. M\u00e4ngisid klaverit ja m\u00e4ngisid viiulit, m\u00e4ngisid koos.<\/p>\n<p><center><a href=\"\/pildid\/1282\/IMG_4754.jpg\"><img decoding=\"async\" src=\"\/pildid\/1282\/IMG_4754.jpg\" alt=\"klaveripidu\" \/><\/a><\/center><\/p>\n<p><center><a href=\"\/pildid\/1282\/IMG_4760.jpg\"><img decoding=\"async\" src=\"\/pildid\/1282\/IMG_4760.jpg\" alt=\"klaveripidu\" \/><\/a><\/center><\/p>\n<p>Siit hargnes muidugi lahti \u00fcks teema, mis meil ammu \u00fcleval olnud. Nimelt, kui Kirke hakkas muusikakooli katsetele minema, valis ta s\u00fcgavalt klaveri ja viiuli vahel. Kord oli \u00fcks peal, kord teine. Ma ei teagi, mis l\u00f5puks teda m\u00f5jutas valima klaverit, aga klaveri ta valis ja on selle valikuga olnud ka v\u00e4ga rahul. Mis seal salata, ka mina ise olen rahul. Kui oled laulev inimene, on hea klaverioskus alati boonus ja eks klaver on nii v\u00f5i naa baas k\u00f5igele muule. Kui s\u00f5brannad k\u00fclas k\u00e4isid, meenus talle aga j\u00e4lle see viiulikiiks ja muidugi asus kohe katsetama, kuidas ikka poogen keeltel liigub ja mis h\u00e4\u00e4lt teeb. Veidi instrueerimist s\u00f5bratari poolt ja saigi t\u00e4itsa korraliku h\u00e4\u00e4le k\u00e4tte. Viiulist, tuli v\u00e4lja, seda polegi nii lihtne k\u00e4tte saada. Proovisin ka, aga peale k\u00e4uksu ei tulnud sealt mul midagi :P Ja eks sealt kerkis meil j\u00e4lle see viiuliteema ikka p\u00e4evakorda. Paistab, et k\u00e4tte istub tal pill h\u00e4sti ja s\u00f5rmed on ka sellised parajad viiuli jaoks. Kiiresti ei k\u00e4i meil aga need asjad mitte sugugi, nagu tunduda v\u00f5ib. Teema v\u00f5ib ju \u00fcles kerkida, aga see ei t\u00e4henda seda, et see p\u00e4evapealt edasi areneb. Praegu k\u00e4sil alles teine \u00f5ppeaasta muusikakoolis ja tuleval aastal saaks lisapilli valida ja see ei t\u00e4henda, et selle \u00fcle ei v\u00f5iks laps m\u00f5tteid m\u00f5lgutada juba praegu. Temas seda tahet ja muusikar\u00f5\u00f5mu jagub ja kui ta jaksab, las v\u00f5tab endale midagi lisaks. Mina olen ise pigem selle poolt, et las olla \u00fcks pill, mida harjutab korralikult. Hiljem on alati v\u00f5imalik tahte korral midagi veel \u00f5ppida. Pealegi, praegusel ajal ei ole lisapill enam kohustuslik. Minu muusikakooli ajal puudus v\u00f5imalust lisapilli mitte \u00f5ppida. See on igatahes aga fakt, et kui ei viitsita harjutada p\u00f5hipilligi korralikult, siis lisapill ei oma \u00fcldse m\u00f5tet. Nendel lastel, kellele  pidev harjutamine pole vastuv\u00f5etav, ongi arukam \u00f5ppida ainult \u00fchte pilli. Kirkel on kevadeni rahus aega m\u00f5elda ja k\u00fcll siis paistab, mis ta otsustab. <\/p>\n<p><center><a href=\"\/pildid\/1282\/IMG_4762-2.jpg\"><img decoding=\"async\" src=\"\/pildid\/1282\/IMG_4762-2.jpg\" alt=\"klaveripidu\" \/><\/a><\/center><\/p>\n<p>Vahepeal leidsid piigad aega \u00f5ues joosta ja toas lauam\u00e4nge m\u00e4ngida.<\/p>\n<p><center><a href=\"\/pildid\/1282\/IMG_4765.jpg\"><img decoding=\"async\" src=\"\/pildid\/1282\/IMG_4765.jpg\" alt=\"klaveripidu\" \/><\/a><\/center><\/p>\n<p>\u00d5uest tulles said k\u00f5ik r\u00f5\u00f5msalt smuutit nautida. Siiani olen ma kohanud v\u00e4ga v\u00e4he neid lapsi, kes smuutit n\u00e4hes ei r\u00f5\u00f5mustaks. <\/p>\n<p><center><a href=\"\/pildid\/1282\/IMG_4768-2.jpg\"><img decoding=\"async\" src=\"\/pildid\/1282\/IMG_4768-2.jpg\" alt=\"klaveripidu\" \/><\/a><\/center><\/p>\n<p>\u00dcks hetk oli aeg sealmaal, et lapsed tahtsid esineda. Tulemas oli kontsert. K\u00f5igepealt revideeriti Kirke riideid ja k\u00f5ik leidsid endale midagi meelep\u00e4rast selga. Siis toimus harjutamine. \u00dchel pillil, teisel pillil, vahepeal tantsiti&#8230;<\/p>\n<p><center><a href=\"\/pildid\/1282\/IMG_4785.jpg\"><img decoding=\"async\" src=\"\/pildid\/1282\/IMG_4785.jpg\" alt=\"klaveripidu\" \/><\/a><\/center><\/p>\n<p>Ettevalmistus kestis p\u00e4ris t\u00fckk aega ja selle aja sees k\u00e4idi kilgates m\u00f6\u00f6da trepikoda naabrinaise lapsi kontserdile kutsumas. Naabrinaine ise oli trennis ja pereisa ka kuskil \u00e4ra, aga see eest oli perepoegadest \u00fcks saadaval :D Tema vaeseke aga ei julenud sellise kilkava plikadebande kontserdile tulla. <\/p>\n<p><center><a href=\"\/pildid\/1282\/IMG_4789.jpg\"><img decoding=\"async\" src=\"\/pildid\/1282\/IMG_4789.jpg\" alt=\"klaveripidu\" \/><\/a><\/center><\/p>\n<p>\u00d5nneks tuli meile koju rahvast juurde ja nii v\u00f5is kontsert alata. K\u00f5ik m\u00e4ngisid kaks pala. Oli teadustaja ja oli suur aplaus.<\/p>\n<p><center><a href=\"\/pildid\/1282\/IMG_4797.jpg\"><img decoding=\"async\" src=\"\/pildid\/1282\/IMG_4797.jpg\" alt=\"klaveripidu\" \/><\/a><\/center><\/p>\n<p><center><a href=\"\/pildid\/1282\/IMG_4801.jpg\"><img decoding=\"async\" src=\"\/pildid\/1282\/IMG_4801.jpg\" alt=\"klaveripidu\" \/><\/a><\/center><\/p>\n<p>\u00dches\u00f5naga tralli jagus pikaks ajaks ja tegelikult lausa hommikuni. \u00d6\u00f6sel lapsed \u00f5nneks magasid, kuigi mina j\u00e4in k\u00fcll enne neid magama :D<\/p>\n<p><center><a href=\"\/pildid\/1282\/IMG_4804.jpg\"><img decoding=\"async\" src=\"\/pildid\/1282\/IMG_4804.jpg\" alt=\"klaveripidu\" \/><\/a><\/center><\/p>\n<p>J\u00e4rgmine tore ettev\u00f5tmine sai olema spa &#8211; k\u00fclastus. Broneerisin meile toakese eelmise n\u00e4dala l\u00f5pus Tallink SPA-sse ja sinna me l\u00e4ksimegi. Valik osutus selliseks, sest tahtsime olla kesklinnas, kus soovi korral lihtne realiseerida muidki m\u00f5tteid.<\/p>\n<p><center><a href=\"\/pildid\/1282\/IMG_4818.jpg\"><img decoding=\"async\" src=\"\/pildid\/1282\/IMG_4818.jpg\" alt=\"klaveripidu\" \/><\/a><\/center><\/p>\n<p> Teisip\u00e4eva hommikul s\u00f5itsime Tallinna, saime k\u00e4tte kella 14 paiku oma toa, vahetasime riided ja l\u00e4ksime ujuma. Kirke on ikka p\u00e4ris veehull inimene. Umbes kella kolmveerand kolmest saime me vette ja veest v\u00e4lja tulime l\u00f5plikult kell k\u00fcmme \u00f5htul, kui basseinid \u00f6\u00f6puhkusele l\u00e4ksid. Vahepeal k\u00e4isime korra toas kergelt s\u00f6\u00f6mas ja kohe tagasi ujuma. Minul hakkasid k\u00fcll saba ja uimed l\u00f5puks kasvama, aga lapsel oli r\u00f5\u00f5mu ja l\u00f5bu laialt. Peale ujumisoskuse omandamist ujub tips nagu h\u00fcljes ja pidev sukeldumine paneb loomulikult ema \u00e4revalt ringi vaatama. Peab ju j\u00e4lgima, kus see peanupp j\u00e4lle on ja kas ikka vee alt v\u00e4lja j\u00f5uab.<\/p>\n<p><center><a href=\"\/pildid\/1282\/IMG_4828.jpg\"><img decoding=\"async\" src=\"\/pildid\/1282\/IMG_4828.jpg\" alt=\"spa\" \/><\/a><\/center><\/p>\n<p><center><a href=\"\/pildid\/1282\/IMG_4849.jpg\"><img decoding=\"async\" src=\"\/pildid\/1282\/IMG_4849.jpg\" alt=\"spa\" \/><\/a><\/center><\/p>\n<p> \u00d5nneks oli tal ikka viitsimist vahest ka m\u00f5nes mullivannis logeleda v\u00f5i saunades koos minuga k\u00e4ia.<\/p>\n<p><center><a href=\"\/pildid\/1282\/IMG_4835.jpg\"><img decoding=\"async\" src=\"\/pildid\/1282\/IMG_4835.jpg\" alt=\"spa\" \/><\/a><\/center><\/p>\n<p> N\u00e4dala sees spa-tamisel on oma v\u00f5lu, sest siis pole seal \u00fcleliia palju rahvast. Jutu j\u00e4rgi oli seal kesklinnale omaselt soomlasi, kuulis vene keelt ja piisavalt emakeelt. Kui aga keegi \u00fcldse kohati h\u00e4iris, siis&#8230;kahjuks seekord just kaasmaalased.  \u00dcldjoontes oli aga meil \u00e4\u00e4retult lahe \u00f5htu. Tegime m\u00f6llu ja ujusime  &#8211; ikka sees ja \u00f5ues. Mul k\u00e4sti ka pommi h\u00fcpata, sest peakat mina ei ole n\u00f5us h\u00fcppama :D Meile m\u00f5lemile meeldib seal spa-s just see, et on olemas ka v\u00e4libassein.<\/p>\n<p><center><a href=\"\/pildid\/1282\/IMG_4848.jpg\"><img decoding=\"async\" src=\"\/pildid\/1282\/IMG_4848.jpg\" alt=\"spa\" \/><\/a><\/center><\/p>\n<p>Veem\u00f5nusid nautides j\u00e4in ma seal m\u00f5tlema \u00fchele teemale, millest lugesin hiljuti raamatus. Nagu eelpool mainisin, oli rahvuseid seal erinevaid, kuid \u00fcks hetk istusid meie k\u00f5rval mullivannis ema , isa ja umbes Kirke vanune t\u00fcdruk ning hakkasid meiega juttu ajama. Tuli v\u00e4lja, et nemad Rootsist. Uurisid, kas majas on veel basseine peale silma all olevate, k\u00fcsisid, kas Kirke oskab inglise keelt? Saime selgeks, et m\u00f5lemad lapsed \u00f5pivad v\u00f5\u00f5rkeelt alles esimest aastat, uurisid, kust meie p\u00e4rit oleme jne.<br \/>\n P\u00e4rast j\u00e4in m\u00f5tlema selle \u00fcle, et keegi teine ei k\u00f5netanud, peale rootslaste ( ise ka muidugi mitte) ja siis meenus see loetud raamat &#8211; &#8221; Minu Rootsi&#8221; &#8211; kus just kirjutas autor sellest, et rootslane on v\u00e4ga avatud ja hakkab alati vestlema, ka v\u00f5\u00f5raga ja tema huvi ongi ehe ja siiras. Siis hakkasid meenuma ka need Rootsi reisid, kus hommikus\u00f6\u00f6gi lauas hakkasid sinuga vestlema v\u00f5hiv\u00f5\u00f5rad inimesed&#8230;ikka just rootslased :) Tegelikult on ju tore. Me v\u00f5iks isegi olla avatumad ja suhtlevamad. <\/p>\n<p><center><a href=\"\/pildid\/1282\/IMG_4846.jpg\"><img decoding=\"async\" src=\"\/pildid\/1282\/IMG_4846.jpg\" alt=\"spa\" \/><\/a><\/center><\/p>\n<p><center><a href=\"\/pildid\/1282\/IMG_4824.jpg\"><img decoding=\"async\" src=\"\/pildid\/1282\/IMG_4824.jpg\" alt=\"spa\" \/><\/a><\/center><\/p>\n<p>L\u00f5puks saabus siis aeg basseinidest v\u00e4lja ronida. Kirke tegi seda loomulikult kahjutundega, mina, mis seal salata, pisukese ohkega, et l\u00f5puks saab veest v\u00e4lja. Mmm, kui m\u00f5nus oli ronida hommikumantlisse ja kepsutada 4 korrust \u00fclespoole oma tuppa puhkama. Mulle kuidagi kohe ei meeldi see peale ujumist riietesse ronimine ja \u00f5ue minemine. Eks sellep\u00e4rast lapski tahtis minna spa-sse just \u00f6\u00f6bimisega. Miks me liftiga ei l\u00e4inud? Aga miks peaks? Treppidest k\u00e4imine on kasulik. Toas tegime v\u00e4ikese \u00f5htus\u00f6\u00f6gi, kes vaatas telekat, kes luges ja varsti saabuski juba \u00f6\u00f6.<\/p>\n<p><center><a href=\"\/pildid\/1282\/IMG_4810.jpg\"><img decoding=\"async\" src=\"\/pildid\/1282\/IMG_4810.jpg\" alt=\"spa\" \/><\/a><\/center><\/p>\n<p><center><a href=\"\/pildid\/1282\/IMG_4814.jpg\"><img decoding=\"async\" src=\"\/pildid\/1282\/IMG_4814.jpg\" alt=\"spa\" \/><\/a><\/center><\/p>\n<p>Hommikul polnud pikka m\u00f5tlemist. Varakult \u00fcles, k\u00e4isime s\u00f6\u00f6mas rootsi lauas hommikus\u00f6\u00f6ki ja kohe basseinidesse tagasi. Hotellik\u00fclastajatele on need avatud juba \u00f5nneks kella kaheksast. Alguses oli peale meie seal vaid 2 inimest, aga varsti oli rahvast juba pisut rohkem. Sulistasime m\u00f5nuga pea l\u00f5unani, kuni saabus aeg panna asjad kotti ja \u00f6elda selleks korraks suplusm\u00f5nudele head aega ja j\u00e4rgmise korrani. <\/p>\n<p><center><a href=\"\/pildid\/1282\/IMG_4841.jpg\"><img decoding=\"async\" src=\"\/pildid\/1282\/IMG_4841.jpg\" alt=\"spa\" \/><\/a><\/center><\/p>\n<p>Ilm oli p\u00e4ikeseline, Kirkel soov vaadata \u00fchte lastefilmi &#8211; <a href=\"https:\/\/www.youtube.com\/watch?v=VCDQRy1od30\">&#8220;Zootropolist&#8221;<\/a>. Viisin lapse just algavale seansile Cocacolakinosse ja ise istusin selle aja kohvikus ning lugesin raamatut. Film l\u00e4bi, k\u00e4isime Cubanitas s\u00f6\u00f6mas ja liikusime edasi Solarise keskusesse, et vaadata sealses kinos filmi, mida tahtsin mina n\u00e4ha. Oli selline kerge film, aga m\u00f5nus vaadata. <a href=\"https:\/\/www.youtube.com\/watch?v=vUfFyCnVRNE\">&#8221; K\u00f5ik teed viivad Rooma&#8221;<\/a>.<br \/>\n\u00dches\u00f5naga \u00f5htuks olime l\u00f5puks kodus. K\u00f5vasti puhanud, veidike v\u00e4sinud ja koju j\u00f5udmise \u00fcle r\u00f5\u00f5msad. <\/p>\n<p>Mis veel puhkusen\u00e4dalasse j\u00e4i? Lapsel ikka s\u00f5brad k\u00fclas ja ise s\u00f5prade pool k\u00fclas. Mina sain lugeda, sest mis puhkus see on, kui lugeda ka ei j\u00f5ua ja muidugi tegin m\u00f5ned kiired t\u00f6\u00f6d \u00e4ra, mis ei kannatanud oodata. Loomulikult olid meil kevadp\u00fchad, v\u00e4rvisime mune ja veetsime m\u00f5nusalt aega. Looduses k\u00e4isime samuti. <\/p>\n<p><center><a href=\"\/pildid\/1282\/IMG_4855-2.jpg\"><img decoding=\"async\" src=\"\/pildid\/1282\/IMG_4855-2.jpg\" alt=\"spa\" \/><\/a><\/center><\/p>\n<p><em>S\u00f5ber Kert k\u00e4is k\u00fclas<\/em><\/p>\n<p>Kokkuv\u00f5tvalt siis seda, et kui \u00f5iges proportsioonis puhata ning tegutseda, tundub n\u00e4dal puhkust pikemana, kui ta tegelikult oli ja t\u00f6\u00f6le\/kooli sai minna p\u00e4ris r\u00f5\u00f5msana. <\/p>\n<p>Ah jaa, kui jutt oli koolivaheajast, siis loogiliselt l\u00f5ppes ju ka kolmas veerand. Kuidas? V\u00e4ga h\u00e4sti! Endiselt viielisena, kuid sellele vaatamata olen ma ikka seda meelt, et lapsi ei peaks \u00fcsna mitu aastat koolis hindeliselt hindama vaid oleks tore saada kirjeldavat hindamist. <\/p>\n","protected":false},"excerpt":{"rendered":"<p>P\u00fchaden\u00e4dalal olime tipsiga m\u00f5lemad priid. Tema koolist, mina t\u00f6\u00f6lt. \u00dchel oli siis koolivaheaeg, teisel hiline talvepuhkus. V\u00f5tangi selle talvepuhkuse n\u00e4dala lapse koolivaheajaga samal ajal juba teist aastat, et tema ei peaks \u00fcksi kodus redutama ja mina ei peaks ennast sassi &hellip; <a href=\"https:\/\/www.kaldkriips.ee\/?p=5387\">J\u00e4tka lugemist <span class=\"meta-nav\">&rarr;<\/span><\/a><\/p>\n","protected":false},"author":1,"featured_media":0,"comment_status":"open","ping_status":"open","sticky":false,"template":"","format":"standard","meta":{"footnotes":""},"categories":[5],"tags":[],"class_list":["post-5387","post","type-post","status-publish","format-standard","hentry","category-mina-ise-ja-muud-loomad"],"_links":{"self":[{"href":"https:\/\/www.kaldkriips.ee\/index.php?rest_route=\/wp\/v2\/posts\/5387"}],"collection":[{"href":"https:\/\/www.kaldkriips.ee\/index.php?rest_route=\/wp\/v2\/posts"}],"about":[{"href":"https:\/\/www.kaldkriips.ee\/index.php?rest_route=\/wp\/v2\/types\/post"}],"author":[{"embeddable":true,"href":"https:\/\/www.kaldkriips.ee\/index.php?rest_route=\/wp\/v2\/users\/1"}],"replies":[{"embeddable":true,"href":"https:\/\/www.kaldkriips.ee\/index.php?rest_route=%2Fwp%2Fv2%2Fcomments&post=5387"}],"version-history":[{"count":42,"href":"https:\/\/www.kaldkriips.ee\/index.php?rest_route=\/wp\/v2\/posts\/5387\/revisions"}],"predecessor-version":[{"id":5460,"href":"https:\/\/www.kaldkriips.ee\/index.php?rest_route=\/wp\/v2\/posts\/5387\/revisions\/5460"}],"wp:attachment":[{"href":"https:\/\/www.kaldkriips.ee\/index.php?rest_route=%2Fwp%2Fv2%2Fmedia&parent=5387"}],"wp:term":[{"taxonomy":"category","embeddable":true,"href":"https:\/\/www.kaldkriips.ee\/index.php?rest_route=%2Fwp%2Fv2%2Fcategories&post=5387"},{"taxonomy":"post_tag","embeddable":true,"href":"https:\/\/www.kaldkriips.ee\/index.php?rest_route=%2Fwp%2Fv2%2Ftags&post=5387"}],"curies":[{"name":"wp","href":"https:\/\/api.w.org\/{rel}","templated":true}]}}