{"id":5349,"date":"2016-03-19T09:42:48","date_gmt":"2016-03-19T07:42:48","guid":{"rendered":"http:\/\/www.kaldkriips.ee\/?p=5349"},"modified":"2016-03-19T09:42:48","modified_gmt":"2016-03-19T07:42:48","slug":"pagarid-ja-korstnapuhkijad","status":"publish","type":"post","link":"https:\/\/www.kaldkriips.ee\/?p=5349","title":{"rendered":"Pagarid ja korstnap\u00fchkijad"},"content":{"rendered":"<p>Lastel on teadup\u00e4rast perioodiliselt klassi\u00f5htud. Vahest ma ei oskagi \u00f6elda, kas need on ikka v\u00e4ga vajalikud v\u00f5i kui on, siis kuidas, millises vormis, millise n\u00e4ksimisega, kui tihti? Tean paljude laste k\u00e4est, kes mul siin endal tundides k\u00e4ivad, et nad oma klasside klassi\u00f5htutel k\u00e4ia ei armasta. Enamuse argumendid on, et liiga palju kisa ja l\u00e4rmi, k\u00f5ik hullavad ja see on \u00f5udsalt t\u00fc\u00fctu ning v\u00e4sitab. Lihtsamalt v\u00e4ljenduvad v\u00e4ikesed pubekad &#8211; m\u00f5ttetu! Iseenesest ju t\u00e4iesti m\u00f5istetav, kui p\u00e4evast p\u00e4eva viibivad nad niikuinii l\u00e4rmakas koolikeskkonnas.<br \/>\nPoiste ajast m\u00e4letan, et nad ei armastanud v\u00e4ga klassikatel k\u00e4ia ja ega neid suurt korraldatudki, sest keegi ei viitsinud sinna minna.<br \/>\nTipsil on n\u00fc\u00fcd pea 2 \u00f5ppeaasta peale p\u00e4ris mitmed klassi\u00f5htud toimunud ja mingi pilt on sellest juba olemas. M\u00f5nikord talle meeldib, kui seal \u00fcht &#8211; teist p\u00f5nevat tehakse. N\u00e4iteks koos head filmi vaadatakse. Enamus kordi aga n\u00e4en koju j\u00f5udvat \u00fcdini v\u00e4sinud last ja suhteliselt tavap\u00e4raselt k\u00f5huvaluga. No loomulikult v\u00f5iks ma \u00f6elda, et mis sa siis seal sahmerdad nii palju ja s\u00fc\u00fca v\u00f5iks ka v\u00e4hem. Milline laps see aga ikka v\u00e4ga nurka istuma j\u00e4\u00e4b v\u00f5i \u00fcldse ei s\u00f6\u00f6. Ja kui isu hea ja s\u00f6\u00f6ki kuhjas, eks siis pannakse ka \u00fcle piiri oma k\u00f5htu. Selles vanuses ei ole veel lihtne piiri pidada ja arukalt s\u00fc\u00fca. No mis ma siin r\u00e4\u00e4gin, tean paljusid tuttavaid t\u00e4iskasvanuidki, kes ei oska toidule ei \u00f6elda, eriti veel sellisele, mida ei peakski s\u00f6\u00f6ma. Eks see magusa hulk, mida nad seal peol s\u00f6\u00f6vad, on ilmselgelt liiga suur ja tulemuseks on \u00fclekeevad lapsed. Sekka veel kartulikr\u00f5pse, karastusjooke ning k\u00fcpsiseid ja&#8230;no mul hakkaks ka siis k\u00f5ht valutama.<br \/>\nKlassi\u00f5htule toob iga laps midagi kaasa ja kahjuks on siis koos \u00fcsna palju sellist kraami, mida v\u00e4ga m\u00f5istlik s\u00fc\u00fca ei olegi, eriti veel k\u00f5ike segamini. Tulemuseks ongi &#8211; kel s\u00fcda paha, kel k\u00f5ht valutab. Eile tuli laps igatahes klassi\u00f5htult suht vara tagasi, sest klassivenna ema t\u00f5i ta koju, kui oma lapsele j\u00e4rgi l\u00e4ks. K\u00fcsisin, et sa nii vara tagasi, kas pidu sai l\u00e4bi? Ei olnud saanud, aga s\u00f5bra ema juba tuli j\u00e4rgi. K\u00fcsisin siis, et kas oleks muidu tahtnud kauemaks j\u00e4\u00e4da? Vastas, et eiei, rohkem k\u00fcll ei tahtnud olla, tema on v\u00e4sinud sellest l\u00e4rmist ja m\u00f6llust juba niigi. Viskaski pikali, kohe teki alla ja puhkas. P\u00e4rast \u00f5ppis, harjutas klaverit, \u00f5htus\u00f6\u00f6ki ei tahtnud, sest k\u00f5ht valutas ja kell 21 oli pestud ja voodis. Uni saabus kohe. Tavap\u00e4raselt ei maga ta kell \u00fcheksa kunagi.<br \/>\nNii k\u00f5rvalt vaadates mulle tundub, et lastele meeldivad rohkem vist sellised koos kuskil v\u00e4ljas k\u00e4imised palju enam, kui klassi\u00f5htud. Kui klassi\u00f5htu, siis tuleks ehk leppida kokku v\u00e4hemalt s\u00f6\u00f6gi osas, n\u00e4iteks, et seekord toome k\u00f5ik ainult juurvilju, puuvilju ja t\u00e4isterakr\u00f5psleivakesi. \u00dches\u00f5naga annaks m\u00f5elda, mida kaasa v\u00f5tta nii, et ei tekiks k\u00f5htudes paabelisegadust ega liigne suhkur teeks lastest duratselle. Kui ilm soosib, siis oleks hoopis tore minna lastega l\u00e4hedale jalgsimatkale, iga\u00fchel oma piknikukotike kaasas. Matka ajal vaadata loodust, teha m\u00f5ned toredad m\u00e4ngud. Ah, mis siin ikka. M\u00f5tlemiskoht on see kindlasti. <\/p>\n<p>Enne klassi\u00f5htut aga oli muidugi elevus suur, sest teema oli ette antud &#8211; pagarid ja korstnap\u00fchkijad. Laps soovis olla pagar ja nii tuli mul plaaniv\u00e4liselt istuda masina taha ja tekitada midagi pagarile sobivat. Ehk siis p\u00f5ll ja m\u00fcts. \u00dcks klassi\u00f5de oli arvanud, et tipsil ikka koka riided, aga &#8230;tegelikult kannab ka pagar p\u00f5lle ja m\u00fctsi :) ja pagar paneb koogi peale maasikaid,  kasutab k\u00fcpsetistes sidruneid ja soolase piruka sisse paneb sibulat :)<br \/>\nPlaaniv\u00e4lise \u00f5mblust\u00f6\u00f6 juures lohutas vaid see, et mul tegelikult ammu oli plaanis lapsele oma p\u00f5ll \u00f5mmelda. N\u00fc\u00fcd on see olemas ja m\u00fcts samuti.<br \/>\nT\u00e4nan ennast taaskord selle eest, et varun ikka kangaid koju. Nii saab teha asju ka siis, kui neid v\u00e4ga \u00e4kki tarvis on. <\/p>\n<p><center><a href=\"\/pildid\/1279\/IMG_4686.jpg\"><img decoding=\"async\" src=\"\/pildid\/1279\/IMG_4686.jpg\" alt=\"p\u00f5ll\" \/><\/a><\/center><\/p>\n<p><center><a href=\"\/pildid\/1279\/IMG_4687.jpg\"><img decoding=\"async\" src=\"\/pildid\/1279\/IMG_4687.jpg\" alt=\"p\u00f5ll\" \/><\/a><\/center><\/p>\n<p><center><a href=\"\/pildid\/1279\/IMG_4690.jpg\"><img decoding=\"async\" src=\"\/pildid\/1279\/IMG_4690.jpg\" alt=\"p\u00f5ll\" \/><\/a><\/center><\/p>\n","protected":false},"excerpt":{"rendered":"<p>Lastel on teadup\u00e4rast perioodiliselt klassi\u00f5htud. Vahest ma ei oskagi \u00f6elda, kas need on ikka v\u00e4ga vajalikud v\u00f5i kui on, siis kuidas, millises vormis, millise n\u00e4ksimisega, kui tihti? Tean paljude laste k\u00e4est, kes mul siin endal tundides k\u00e4ivad, et nad oma &hellip; <a href=\"https:\/\/www.kaldkriips.ee\/?p=5349\">J\u00e4tka lugemist <span class=\"meta-nav\">&rarr;<\/span><\/a><\/p>\n","protected":false},"author":1,"featured_media":0,"comment_status":"open","ping_status":"open","sticky":false,"template":"","format":"standard","meta":{"footnotes":""},"categories":[5,33],"tags":[],"class_list":["post-5349","post","type-post","status-publish","format-standard","hentry","category-mina-ise-ja-muud-loomad","category-minu-kasitoo"],"_links":{"self":[{"href":"https:\/\/www.kaldkriips.ee\/index.php?rest_route=\/wp\/v2\/posts\/5349"}],"collection":[{"href":"https:\/\/www.kaldkriips.ee\/index.php?rest_route=\/wp\/v2\/posts"}],"about":[{"href":"https:\/\/www.kaldkriips.ee\/index.php?rest_route=\/wp\/v2\/types\/post"}],"author":[{"embeddable":true,"href":"https:\/\/www.kaldkriips.ee\/index.php?rest_route=\/wp\/v2\/users\/1"}],"replies":[{"embeddable":true,"href":"https:\/\/www.kaldkriips.ee\/index.php?rest_route=%2Fwp%2Fv2%2Fcomments&post=5349"}],"version-history":[{"count":5,"href":"https:\/\/www.kaldkriips.ee\/index.php?rest_route=\/wp\/v2\/posts\/5349\/revisions"}],"predecessor-version":[{"id":5354,"href":"https:\/\/www.kaldkriips.ee\/index.php?rest_route=\/wp\/v2\/posts\/5349\/revisions\/5354"}],"wp:attachment":[{"href":"https:\/\/www.kaldkriips.ee\/index.php?rest_route=%2Fwp%2Fv2%2Fmedia&parent=5349"}],"wp:term":[{"taxonomy":"category","embeddable":true,"href":"https:\/\/www.kaldkriips.ee\/index.php?rest_route=%2Fwp%2Fv2%2Fcategories&post=5349"},{"taxonomy":"post_tag","embeddable":true,"href":"https:\/\/www.kaldkriips.ee\/index.php?rest_route=%2Fwp%2Fv2%2Ftags&post=5349"}],"curies":[{"name":"wp","href":"https:\/\/api.w.org\/{rel}","templated":true}]}}