{"id":531,"date":"2010-03-26T23:22:21","date_gmt":"2010-03-26T21:22:21","guid":{"rendered":"http:\/\/blog.kaldkriips.ee\/?p=531"},"modified":"2010-03-26T23:38:32","modified_gmt":"2010-03-26T21:38:32","slug":"fak","status":"publish","type":"post","link":"https:\/\/www.kaldkriips.ee\/?p=531","title":{"rendered":"FAK"},"content":{"rendered":"<p>Sel n\u00e4dalal oli mul \u00fcks vahva koost\u00f6\u00f6projekt koos FAK-iga- siis Fotograafia Arendus- ja Koolituskeskusega.<br \/>\nMEIGI JA PORTREEFOTO L\u00dcHIKURSUS<br \/>\nMinu osaks oli viia l\u00e4bi fotomeigi koolitus. Fotomeik on teema omaette ja selleks, et modell n\u00e4eks fotol hea v\u00e4ja, kuluvad teadmised marjaks \u00e4ra. Kel selle vastu huvi suurem ja tahe klienti aidata &#8211; tasub \u00f5ppida. Huvilisi oli paju ning  andsin endast parima, mida sai mulle  antud ajaga teha.<br \/>\nKoolituse pluss minule oli see, et sain teisest osast tasuta osa v\u00f5tta :P<br \/>\nTeine tund oli kursuslastel siis stuudiotund. V\u00f5imalus proovida pildistada stuudios portreefotot. Kuna r\u00e4\u00e4giti seal p\u00f5hiliselt sellest, milline valgustus peab olema portree pildistamiseks ja praktiline t\u00f6\u00f6 oli suunatud kadreeringule, polnud minul seal palju \u00f5ppida. Kadreerimisega olen ma alati s\u00f5ber olnud.Niipalju on minu kunstialasest haridusest ja taustast kasu k\u00fcll.  Kasutasin siis aega h\u00e4sti, piinasin juhendajat, Jaak Kadakut, tehnliste k\u00fcsimustega ja tegin m\u00f5ned pildid. Kui ma temale puhts\u00fcdamlikult \u00fcles tunnistasin, et ma olen fotonduses tehniline puupea, vaatas ta mulle otsa ja teatas, et aga hea pildi saamiseks ei peagi k\u00f5iki nuppe tundma :D On hea kuulda, et isegi proff arvab, et hea pildi jaoks on eelk\u00f5ige vaja head tunnetust, peale seda alles tuleb m\u00e4ngu tehniline pool. Igatahes aga oli see esimest korda stuudios pildistamine huvitav kogemus. Ikkagi hoopis teine teema. Ja nuppude n\u00e4ppimisest ei p\u00e4\u00e4senud ma seekord kohe mitte :D Saigi see hirmus koht \u00fcletatud. Niiet minul siis elu esimene piiiisike fotograafiaalane koolitus. Isepusija, nagu ma seni olen olnud. <\/p>\n<p><center><a href=\"\/pildid\/531\/IMG_9723v.jpg\"><img decoding=\"async\" src=\"\/pildid\/531\/IMG_9723v.jpg\" alt=\"koolitus\" \/><\/a><\/center><\/p>\n<p>Juhendaja Jaak Kadak r\u00e4\u00e4gib valgusest, statiivist ja muust<\/p>\n<p><center><a href=\"\/pildid\/531\/IMG_9748v.jpg\"><img decoding=\"async\" src=\"\/pildid\/531\/IMG_9748v.jpg\" alt=\"kaameraga\" \/><\/a><\/center><\/p>\n<p>Modell t\u00f6\u00f6vahendiga kahekesi<\/p>\n<p><center><a href=\"\/pildid\/531\/IMG_9801v.jpg\"><img decoding=\"async\" src=\"\/pildid\/531\/IMG_9801v.jpg\" alt=\"modell\" \/><\/a><\/center><\/p>\n<p>Meikimata poiss kaadris :P<\/p>\n<p><center><a href=\"\/pildid\/531\/IMG_9837v.jpg\"><img decoding=\"async\" src=\"\/pildid\/531\/IMG_9837v.jpg\" alt=\"kolmainsus\" \/><\/a><\/center><\/p>\n<p>Lavastus <\/p>\n<p><center><a href=\"\/pildid\/531\/IMG_9858v.jpg\"><img decoding=\"async\" src=\"\/pildid\/531\/IMG_9858v.jpg\" alt=\"kompositsioon\" \/><\/a><\/center><\/p>\n<p>Kompositsioon omal valikul<\/p>\n<p><center><a href=\"\/pildid\/531\/IMG_9826v.jpg\"><img decoding=\"async\" src=\"\/pildid\/531\/IMG_9826v.jpg\" alt=\"mina ise\" \/><\/a><\/center><\/p>\n<p>Tegin vahepeal kursuslastele modelli :D Lasin oma aparaadiga ka m\u00f5ne kl\u00f5psu teha. <\/p>\n","protected":false},"excerpt":{"rendered":"<p>Sel n\u00e4dalal oli mul \u00fcks vahva koost\u00f6\u00f6projekt koos FAK-iga- siis Fotograafia Arendus- ja Koolituskeskusega. MEIGI JA PORTREEFOTO L\u00dcHIKURSUS Minu osaks oli viia l\u00e4bi fotomeigi koolitus. Fotomeik on teema omaette ja selleks, et modell n\u00e4eks fotol hea v\u00e4ja, kuluvad teadmised marjaks &hellip; <a href=\"https:\/\/www.kaldkriips.ee\/?p=531\">J\u00e4tka lugemist <span class=\"meta-nav\">&rarr;<\/span><\/a><\/p>\n","protected":false},"author":1,"featured_media":0,"comment_status":"open","ping_status":"open","sticky":false,"template":"","format":"standard","meta":{"footnotes":""},"categories":[5],"tags":[],"class_list":["post-531","post","type-post","status-publish","format-standard","hentry","category-mina-ise-ja-muud-loomad"],"_links":{"self":[{"href":"https:\/\/www.kaldkriips.ee\/index.php?rest_route=\/wp\/v2\/posts\/531"}],"collection":[{"href":"https:\/\/www.kaldkriips.ee\/index.php?rest_route=\/wp\/v2\/posts"}],"about":[{"href":"https:\/\/www.kaldkriips.ee\/index.php?rest_route=\/wp\/v2\/types\/post"}],"author":[{"embeddable":true,"href":"https:\/\/www.kaldkriips.ee\/index.php?rest_route=\/wp\/v2\/users\/1"}],"replies":[{"embeddable":true,"href":"https:\/\/www.kaldkriips.ee\/index.php?rest_route=%2Fwp%2Fv2%2Fcomments&post=531"}],"version-history":[{"count":0,"href":"https:\/\/www.kaldkriips.ee\/index.php?rest_route=\/wp\/v2\/posts\/531\/revisions"}],"wp:attachment":[{"href":"https:\/\/www.kaldkriips.ee\/index.php?rest_route=%2Fwp%2Fv2%2Fmedia&parent=531"}],"wp:term":[{"taxonomy":"category","embeddable":true,"href":"https:\/\/www.kaldkriips.ee\/index.php?rest_route=%2Fwp%2Fv2%2Fcategories&post=531"},{"taxonomy":"post_tag","embeddable":true,"href":"https:\/\/www.kaldkriips.ee\/index.php?rest_route=%2Fwp%2Fv2%2Ftags&post=531"}],"curies":[{"name":"wp","href":"https:\/\/api.w.org\/{rel}","templated":true}]}}