{"id":528,"date":"2010-03-07T20:12:46","date_gmt":"2010-03-07T18:12:46","guid":{"rendered":"http:\/\/blog.kaldkriips.ee\/?p=528"},"modified":"2010-03-07T20:19:02","modified_gmt":"2010-03-07T18:19:02","slug":"maria-seeria","status":"publish","type":"post","link":"https:\/\/www.kaldkriips.ee\/?p=528","title":{"rendered":"Maria"},"content":{"rendered":"<p>\u00dcks Vabariigi aastap\u00e4eval minu tehtud fotoseeria armsast preilist nimega Maria :)<br \/>\nL\u00f5pupoole s\u00e4ttis mu edev t\u00fctretirts loomulikult ka ennast pildile :D<br \/>\nSiin siis killuke nendest piltidest. <\/p>\n<p><center><a href=\"\/pildid\/528\/IMG_9350v.jpg\"><img decoding=\"async\" src=\"\/pildid\/528\/IMG_9350v.jpg\" alt=\"laps\" \/><\/a><\/center><\/p>\n<p><center><a href=\"\/pildid\/528\/IMG_9353v.jpg\"><img decoding=\"async\" src=\"\/pildid\/528\/IMG_9353v.jpg\" alt=\"laps\" \/><\/a><\/center><\/p>\n<p><center><a href=\"\/pildid\/528\/IMG_9356ov.jpg\"><img decoding=\"async\" src=\"\/pildid\/528\/IMG_9356ov.jpg\" alt=\"laps\" \/><\/a><\/center><\/p>\n<p><center><a href=\"\/pildid\/528\/IMG_9358v.jpg\"><img decoding=\"async\" src=\"\/pildid\/528\/IMG_9358v.jpg\" alt=\"laps\" \/><\/a><\/center><\/p>\n<p><center><a href=\"\/pildid\/528\/IMG_9361uv.jpg\"><img decoding=\"async\" src=\"\/pildid\/528\/IMG_9361uv.jpg\" alt=\"laps\" \/><\/a><\/center><\/p>\n<p><center><a href=\"\/pildid\/528\/IMG_9365sv.jpg\"><img decoding=\"async\" src=\"\/pildid\/528\/IMG_9365sv.jpg\" alt=\"laps\" \/><\/a><\/center><\/p>\n<p><center><a href=\"\/pildid\/528\/IMG_9365uv.jpg\"><img decoding=\"async\" src=\"\/pildid\/528\/IMG_9365uv.jpg\" alt=\"laps\" \/><\/a><\/center><\/p>\n","protected":false},"excerpt":{"rendered":"<p>\u00dcks Vabariigi aastap\u00e4eval minu tehtud fotoseeria armsast preilist nimega Maria :) L\u00f5pupoole s\u00e4ttis mu edev t\u00fctretirts loomulikult ka ennast pildile :D Siin siis killuke nendest piltidest.<\/p>\n","protected":false},"author":1,"featured_media":0,"comment_status":"open","ping_status":"open","sticky":false,"template":"","format":"standard","meta":{"footnotes":""},"categories":[5],"tags":[],"class_list":["post-528","post","type-post","status-publish","format-standard","hentry","category-mina-ise-ja-muud-loomad"],"_links":{"self":[{"href":"https:\/\/www.kaldkriips.ee\/index.php?rest_route=\/wp\/v2\/posts\/528"}],"collection":[{"href":"https:\/\/www.kaldkriips.ee\/index.php?rest_route=\/wp\/v2\/posts"}],"about":[{"href":"https:\/\/www.kaldkriips.ee\/index.php?rest_route=\/wp\/v2\/types\/post"}],"author":[{"embeddable":true,"href":"https:\/\/www.kaldkriips.ee\/index.php?rest_route=\/wp\/v2\/users\/1"}],"replies":[{"embeddable":true,"href":"https:\/\/www.kaldkriips.ee\/index.php?rest_route=%2Fwp%2Fv2%2Fcomments&post=528"}],"version-history":[{"count":0,"href":"https:\/\/www.kaldkriips.ee\/index.php?rest_route=\/wp\/v2\/posts\/528\/revisions"}],"wp:attachment":[{"href":"https:\/\/www.kaldkriips.ee\/index.php?rest_route=%2Fwp%2Fv2%2Fmedia&parent=528"}],"wp:term":[{"taxonomy":"category","embeddable":true,"href":"https:\/\/www.kaldkriips.ee\/index.php?rest_route=%2Fwp%2Fv2%2Fcategories&post=528"},{"taxonomy":"post_tag","embeddable":true,"href":"https:\/\/www.kaldkriips.ee\/index.php?rest_route=%2Fwp%2Fv2%2Ftags&post=528"}],"curies":[{"name":"wp","href":"https:\/\/api.w.org\/{rel}","templated":true}]}}