{"id":527,"date":"2010-02-27T12:56:04","date_gmt":"2010-02-27T10:56:04","guid":{"rendered":"http:\/\/blog.kaldkriips.ee\/?p=527"},"modified":"2010-02-27T12:56:04","modified_gmt":"2010-02-27T10:56:04","slug":"vaikus-vaikus-ja-veelkord-vaikus","status":"publish","type":"post","link":"https:\/\/www.kaldkriips.ee\/?p=527","title":{"rendered":"Vaikus, vaikus ja veelkord vaikus"},"content":{"rendered":"<p>T\u00f6\u00f6alaselt pingeline veebruar sai l\u00e4bi.<br \/>\nT\u00f5estasin iseendale, et olen tugev ja arukas t\u00f6\u00f6 meeskonnaga viis sihile.<br \/>\nN\u00e4gin, kui suur on s\u00f5prade toetuse j\u00f5ud. Kui palju aitab, kui sinusse v\u00e4ga, v\u00e4ga usutakse.<br \/>\nJa n\u00fc\u00fcd naudime tirtsuga koos vaikust metsade vahel :P<br \/>\nId\u00fcll. \u00dcmberringi lumi ja mets ja p\u00f5llud&#8230;&#8230;ja nii m\u00f5nus :)<br \/>\nVarsti l\u00e4heme lumememme ehitama :)<br \/>\nSuured lapsed juba igatsevad meid koju :D V\u00f5iks arvta, et nendelgi m\u00f5nus puhata v\u00e4ikelapse pidevast sebimisest, aga niikui p\u00e4evakese \u00e4ra oleme, siis juba helistavad, et millal me koju tuleme :P<br \/>\nJa koju minna on m\u00f5nus, sest lapsed on alati koristanud ja meid plikaga pole ka kodus olnud, kes k\u00f5ik segi p\u00f6\u00f6ravad :D<br \/>\nPragu aga panen selle K\u00d5U kinni ja naudin olemist :)<\/p>\n","protected":false},"excerpt":{"rendered":"<p>T\u00f6\u00f6alaselt pingeline veebruar sai l\u00e4bi. T\u00f5estasin iseendale, et olen tugev ja arukas t\u00f6\u00f6 meeskonnaga viis sihile. N\u00e4gin, kui suur on s\u00f5prade toetuse j\u00f5ud. Kui palju aitab, kui sinusse v\u00e4ga, v\u00e4ga usutakse. Ja n\u00fc\u00fcd naudime tirtsuga koos vaikust metsade vahel :P &hellip; <a href=\"https:\/\/www.kaldkriips.ee\/?p=527\">J\u00e4tka lugemist <span class=\"meta-nav\">&rarr;<\/span><\/a><\/p>\n","protected":false},"author":1,"featured_media":0,"comment_status":"open","ping_status":"open","sticky":false,"template":"","format":"standard","meta":{"footnotes":""},"categories":[5],"tags":[],"class_list":["post-527","post","type-post","status-publish","format-standard","hentry","category-mina-ise-ja-muud-loomad"],"_links":{"self":[{"href":"https:\/\/www.kaldkriips.ee\/index.php?rest_route=\/wp\/v2\/posts\/527"}],"collection":[{"href":"https:\/\/www.kaldkriips.ee\/index.php?rest_route=\/wp\/v2\/posts"}],"about":[{"href":"https:\/\/www.kaldkriips.ee\/index.php?rest_route=\/wp\/v2\/types\/post"}],"author":[{"embeddable":true,"href":"https:\/\/www.kaldkriips.ee\/index.php?rest_route=\/wp\/v2\/users\/1"}],"replies":[{"embeddable":true,"href":"https:\/\/www.kaldkriips.ee\/index.php?rest_route=%2Fwp%2Fv2%2Fcomments&post=527"}],"version-history":[{"count":0,"href":"https:\/\/www.kaldkriips.ee\/index.php?rest_route=\/wp\/v2\/posts\/527\/revisions"}],"wp:attachment":[{"href":"https:\/\/www.kaldkriips.ee\/index.php?rest_route=%2Fwp%2Fv2%2Fmedia&parent=527"}],"wp:term":[{"taxonomy":"category","embeddable":true,"href":"https:\/\/www.kaldkriips.ee\/index.php?rest_route=%2Fwp%2Fv2%2Fcategories&post=527"},{"taxonomy":"post_tag","embeddable":true,"href":"https:\/\/www.kaldkriips.ee\/index.php?rest_route=%2Fwp%2Fv2%2Ftags&post=527"}],"curies":[{"name":"wp","href":"https:\/\/api.w.org\/{rel}","templated":true}]}}