{"id":520,"date":"2010-02-03T00:28:50","date_gmt":"2010-02-02T22:28:50","guid":{"rendered":"http:\/\/blog.kaldkriips.ee\/?p=520"},"modified":"2010-02-03T00:28:50","modified_gmt":"2010-02-02T22:28:50","slug":"stiilimutt","status":"publish","type":"post","link":"https:\/\/www.kaldkriips.ee\/?p=520","title":{"rendered":"Stiilimutt"},"content":{"rendered":"<p>Vahest ma vaatan ja imestan, kuidas pisike preilna riideid sobitab. Kohati muidugi see pidev garderoobivahetus ajab hulluks, aga v\u00e4hemasti ta katsetab ja kombineerib igasuguseid komplekte. Ikka p\u00e4ris p\u00f5nevate m\u00f5tete peale tuleb :D Hiljuti siin kombineeris linased p\u00fcksid linase kleidiga ja musta piboga. Kaelakee k\u00e4is muidugi asja juurde. Ja siis kamandati emme pildistama, sest kuidas ikka moedemm ilma fotosessioonita olla saaks :D<\/p>\n<p><center><a href=\"\/pildid\/520\/IMG_8658.jpg\"><img decoding=\"async\" src=\"\/pildid\/520\/IMG_8658v.jpg\" alt=\"laps\" \/><\/a><\/center><\/p>\n<p><center><a href=\"\/pildid\/520\/IMG_8662.jpg\"><img decoding=\"async\" src=\"\/pildid\/520\/IMG_8662v.jpg\" alt=\"laps\" \/><\/a><\/center><\/p>\n<p><center><a href=\"\/pildid\/520\/IMG_8667.jpg\"><img decoding=\"async\" src=\"\/pildid\/520\/IMG_8667v.jpg\" alt=\"laps\" \/><\/a><\/center><\/p>\n","protected":false},"excerpt":{"rendered":"<p>Vahest ma vaatan ja imestan, kuidas pisike preilna riideid sobitab. Kohati muidugi see pidev garderoobivahetus ajab hulluks, aga v\u00e4hemasti ta katsetab ja kombineerib igasuguseid komplekte. Ikka p\u00e4ris p\u00f5nevate m\u00f5tete peale tuleb :D Hiljuti siin kombineeris linased p\u00fcksid linase kleidiga ja &hellip; <a href=\"https:\/\/www.kaldkriips.ee\/?p=520\">J\u00e4tka lugemist <span class=\"meta-nav\">&rarr;<\/span><\/a><\/p>\n","protected":false},"author":1,"featured_media":0,"comment_status":"open","ping_status":"open","sticky":false,"template":"","format":"standard","meta":{"footnotes":""},"categories":[5],"tags":[],"class_list":["post-520","post","type-post","status-publish","format-standard","hentry","category-mina-ise-ja-muud-loomad"],"_links":{"self":[{"href":"https:\/\/www.kaldkriips.ee\/index.php?rest_route=\/wp\/v2\/posts\/520"}],"collection":[{"href":"https:\/\/www.kaldkriips.ee\/index.php?rest_route=\/wp\/v2\/posts"}],"about":[{"href":"https:\/\/www.kaldkriips.ee\/index.php?rest_route=\/wp\/v2\/types\/post"}],"author":[{"embeddable":true,"href":"https:\/\/www.kaldkriips.ee\/index.php?rest_route=\/wp\/v2\/users\/1"}],"replies":[{"embeddable":true,"href":"https:\/\/www.kaldkriips.ee\/index.php?rest_route=%2Fwp%2Fv2%2Fcomments&post=520"}],"version-history":[{"count":0,"href":"https:\/\/www.kaldkriips.ee\/index.php?rest_route=\/wp\/v2\/posts\/520\/revisions"}],"wp:attachment":[{"href":"https:\/\/www.kaldkriips.ee\/index.php?rest_route=%2Fwp%2Fv2%2Fmedia&parent=520"}],"wp:term":[{"taxonomy":"category","embeddable":true,"href":"https:\/\/www.kaldkriips.ee\/index.php?rest_route=%2Fwp%2Fv2%2Fcategories&post=520"},{"taxonomy":"post_tag","embeddable":true,"href":"https:\/\/www.kaldkriips.ee\/index.php?rest_route=%2Fwp%2Fv2%2Ftags&post=520"}],"curies":[{"name":"wp","href":"https:\/\/api.w.org\/{rel}","templated":true}]}}