{"id":5170,"date":"2016-01-20T19:06:37","date_gmt":"2016-01-20T17:06:37","guid":{"rendered":"http:\/\/www.kaldkriips.ee\/?p=5170"},"modified":"2016-01-20T19:06:37","modified_gmt":"2016-01-20T17:06:37","slug":"kotimaania","status":"publish","type":"post","link":"https:\/\/www.kaldkriips.ee\/?p=5170","title":{"rendered":"Kotimaania"},"content":{"rendered":"<p>Minu kotimaania sai t\u00e4iendust. Maania ei ole muidugi see, et mul kodus oleks kuhjade viisi kotte, vaid see, et minult neid ikka j\u00e4tkuvalt tellitakse. Vana aasta l\u00f5pus said valmis mitu uut kotti, mis n\u00fc\u00fcd juba r\u00f5\u00f5msalt uute omanike \u00f5lal aega veedavad&#8230; v\u00f5i ootavad veel suve. Ega mina t\u00e4pselt ei tea. Tean vaid seda, et kotid valmistasid saajatele r\u00f5\u00f5mu.<br \/>\nJa miks ei peakski? Teen neid kotte hoole ja armastusega ja just selliseid, mida isegi heal meelel oma \u00f5lal kannaks&#8230;.mis paneb mind endalt muidugi k\u00fcsima, millal ma siis endale l\u00f5puks koti \u00f5mblen??? \u00d5igemini mul oleks h\u00e4dasti vaja uut seljakotti. Igatahes ma m\u00f5tlen selle peale ja see on juba suur asi. <\/p>\n<p>Kui enamus kotte on mul olnud kergele vatiinile t\u00f6\u00f6deldud, siis see kott siin on ilma vatiinita ja lihtsalt voodriga. N\u00f6\u00f6bitav sisetasku on samuti olemas. <\/p>\n<p><center><a href=\"\/pildid\/1269\/IMG_9820.jpg\"><img decoding=\"async\" src=\"\/pildid\/1269\/IMG_9820.jpg\" alt=\"kott\" \/><\/a><\/center><\/p>\n<p><center><a href=\"\/pildid\/1269\/IMG_9822.jpg\"><img decoding=\"async\" src=\"\/pildid\/1269\/IMG_9822.jpg\" alt=\"kott\" \/><\/a><\/center><\/p>\n<p><center><a href=\"\/pildid\/1269\/IMG_9824.jpg\"><img decoding=\"async\" src=\"\/pildid\/1269\/IMG_9824.jpg\" alt=\"kott\" \/><\/a><\/center><\/p>\n<p><center><a href=\"\/pildid\/1269\/IMG_9841.jpg\"><img decoding=\"async\" src=\"\/pildid\/1269\/IMG_9841.jpg\" alt=\"kott\" \/><\/a><\/center><\/p>\n","protected":false},"excerpt":{"rendered":"<p>Minu kotimaania sai t\u00e4iendust. Maania ei ole muidugi see, et mul kodus oleks kuhjade viisi kotte, vaid see, et minult neid ikka j\u00e4tkuvalt tellitakse. Vana aasta l\u00f5pus said valmis mitu uut kotti, mis n\u00fc\u00fcd juba r\u00f5\u00f5msalt uute omanike \u00f5lal aega &hellip; <a href=\"https:\/\/www.kaldkriips.ee\/?p=5170\">J\u00e4tka lugemist <span class=\"meta-nav\">&rarr;<\/span><\/a><\/p>\n","protected":false},"author":1,"featured_media":0,"comment_status":"open","ping_status":"open","sticky":false,"template":"","format":"standard","meta":{"footnotes":""},"categories":[33],"tags":[],"class_list":["post-5170","post","type-post","status-publish","format-standard","hentry","category-minu-kasitoo"],"_links":{"self":[{"href":"https:\/\/www.kaldkriips.ee\/index.php?rest_route=\/wp\/v2\/posts\/5170"}],"collection":[{"href":"https:\/\/www.kaldkriips.ee\/index.php?rest_route=\/wp\/v2\/posts"}],"about":[{"href":"https:\/\/www.kaldkriips.ee\/index.php?rest_route=\/wp\/v2\/types\/post"}],"author":[{"embeddable":true,"href":"https:\/\/www.kaldkriips.ee\/index.php?rest_route=\/wp\/v2\/users\/1"}],"replies":[{"embeddable":true,"href":"https:\/\/www.kaldkriips.ee\/index.php?rest_route=%2Fwp%2Fv2%2Fcomments&post=5170"}],"version-history":[{"count":2,"href":"https:\/\/www.kaldkriips.ee\/index.php?rest_route=\/wp\/v2\/posts\/5170\/revisions"}],"predecessor-version":[{"id":5172,"href":"https:\/\/www.kaldkriips.ee\/index.php?rest_route=\/wp\/v2\/posts\/5170\/revisions\/5172"}],"wp:attachment":[{"href":"https:\/\/www.kaldkriips.ee\/index.php?rest_route=%2Fwp%2Fv2%2Fmedia&parent=5170"}],"wp:term":[{"taxonomy":"category","embeddable":true,"href":"https:\/\/www.kaldkriips.ee\/index.php?rest_route=%2Fwp%2Fv2%2Fcategories&post=5170"},{"taxonomy":"post_tag","embeddable":true,"href":"https:\/\/www.kaldkriips.ee\/index.php?rest_route=%2Fwp%2Fv2%2Ftags&post=5170"}],"curies":[{"name":"wp","href":"https:\/\/api.w.org\/{rel}","templated":true}]}}