{"id":517,"date":"2010-01-11T00:15:22","date_gmt":"2010-01-10T22:15:22","guid":{"rendered":"http:\/\/blog.kaldkriips.ee\/?p=517"},"modified":"2010-01-11T00:15:22","modified_gmt":"2010-01-10T22:15:22","slug":"talveroomud","status":"publish","type":"post","link":"https:\/\/www.kaldkriips.ee\/?p=517","title":{"rendered":"Talver\u00f5\u00f5mud"},"content":{"rendered":"<p>T\u00e4na oli meil tore p\u00fchap\u00e4ev.<br \/>\nNo eile oli tore laup\u00e4ev ka :D<br \/>\nT\u00e4na oli sellep\u00e4rst lahe, et k\u00e4isime perega Paluk\u00fclas kelgum\u00e4el lustimas.<br \/>\nK\u00f5igepealt hommikul muidgi tegime hommikus\u00f6\u00f6ki, s\u00f5ime ja siis varsti s\u00f5itsimegi m\u00e4ele.<br \/>\nIlm oli super. M\u00e4el oli palju rahvast. Loodus nagu muinasjutt ja tuju hea :) Koer m\u00f6llas hullumoodi. M\u00f5ni inimene enam ei saanud aru, mitu dalmaatslast seal m\u00e4el on, nii v\u00e4ledalt teine jooksis :D<br \/>\nKodutee oli ilus l\u00e4bi lumise metsa. V\u00e4ike \u00f5eke magas tagaistmel venna s\u00fcles.<br \/>\nV\u00e4ike poetuur ja koju s\u00fc\u00fca tegema. M\u00f5nus, m\u00f5nus, m\u00f5nus p\u00e4ev oli :)<\/p>\n<p>Ja s\u00f5nu polegi rohkem vaja :)<\/p>\n<p><center><a href=\"\/pildid\/517\/IMG_8025.jpg\"><img decoding=\"async\" src=\"\/pildid\/517\/IMG_8025v.jpg\" alt=\"talv\" \/><\/a><\/center> <\/p>\n<p><center><a href=\"\/pildid\/517\/IMG_8034.jpg\"><img decoding=\"async\" src=\"\/pildid\/517\/IMG_8034v.jpg\" alt=\"talv\" \/><\/a><\/center> <\/p>\n<p><center><a href=\"\/pildid\/517\/IMG_8044.jpg\"><img decoding=\"async\" src=\"\/pildid\/517\/IMG_8044v.jpg\" alt=\"talv\" \/><\/a><\/center> <\/p>\n<p><center><a href=\"\/pildid\/517\/IMG_8045.jpg\"><img decoding=\"async\" src=\"\/pildid\/517\/IMG_8045v.jpg\" alt=\"talv\" \/><\/a><\/center> <\/p>\n<p><center><a href=\"\/pildid\/517\/IMG_8046.jpg\"><img decoding=\"async\" src=\"\/pildid\/517\/IMG_8046v.jpg\" alt=\"talv\" \/><\/a><\/center> <\/p>\n<p><center><a href=\"\/pildid\/517\/IMG_8051.jpg\"><img decoding=\"async\" src=\"\/pildid\/517\/IMG_8051v.jpg\" alt=\"talv\" \/><\/a><\/center><\/p>\n<p><center><a href=\"\/pildid\/517\/IMG_8059.jpg\"><img decoding=\"async\" src=\"\/pildid\/517\/IMG_8059v.jpg\" alt=\"talv\" \/><\/a><\/center> <\/p>\n<p><center><a href=\"\/pildid\/517\/IMG_8063.jpg\"><img decoding=\"async\" src=\"\/pildid\/517\/IMG_8063v.jpg\" alt=\"talv\" \/><\/a><\/center> <\/p>\n<p><center><a href=\"\/pildid\/517\/IMG_8067.jpg\"><img decoding=\"async\" src=\"\/pildid\/517\/IMG_8067v.jpg\" alt=\"talv\" \/><\/a><\/center> <\/p>\n<p><center><a href=\"\/pildid\/517\/IMG_8072.jpg\"><img decoding=\"async\" src=\"\/pildid\/517\/IMG_8072v.jpg\" alt=\"talv\" \/><\/a><\/center> <\/p>\n<p><center><a href=\"\/pildid\/517\/IMG_8073.jpg\"><img decoding=\"async\" src=\"\/pildid\/517\/IMG_8073v.jpg\" alt=\"talv\" \/><\/a><\/center> <\/p>\n<p><center><a href=\"\/pildid\/517\/IMG_8077.jpg\"><img decoding=\"async\" src=\"\/pildid\/517\/IMG_8077v.jpg\" alt=\"talv\" \/><\/a><\/center> <\/p>\n<p><center><a href=\"\/pildid\/517\/IMG_8080.jpg\"><img decoding=\"async\" src=\"\/pildid\/517\/IMG_8080v.jpg\" alt=\"talv\" \/><\/a><\/center> <\/p>\n<p><center><a href=\"\/pildid\/517\/IMG_8082.jpg\"><img decoding=\"async\" src=\"\/pildid\/517\/IMG_8082v.jpg\" alt=\"talv\" \/><\/a><\/center> <\/p>\n","protected":false},"excerpt":{"rendered":"<p>T\u00e4na oli meil tore p\u00fchap\u00e4ev. No eile oli tore laup\u00e4ev ka :D T\u00e4na oli sellep\u00e4rst lahe, et k\u00e4isime perega Paluk\u00fclas kelgum\u00e4el lustimas. K\u00f5igepealt hommikul muidgi tegime hommikus\u00f6\u00f6ki, s\u00f5ime ja siis varsti s\u00f5itsimegi m\u00e4ele. Ilm oli super. M\u00e4el oli palju rahvast. &hellip; <a href=\"https:\/\/www.kaldkriips.ee\/?p=517\">J\u00e4tka lugemist <span class=\"meta-nav\">&rarr;<\/span><\/a><\/p>\n","protected":false},"author":1,"featured_media":0,"comment_status":"open","ping_status":"open","sticky":false,"template":"","format":"standard","meta":{"footnotes":""},"categories":[5],"tags":[],"class_list":["post-517","post","type-post","status-publish","format-standard","hentry","category-mina-ise-ja-muud-loomad"],"_links":{"self":[{"href":"https:\/\/www.kaldkriips.ee\/index.php?rest_route=\/wp\/v2\/posts\/517"}],"collection":[{"href":"https:\/\/www.kaldkriips.ee\/index.php?rest_route=\/wp\/v2\/posts"}],"about":[{"href":"https:\/\/www.kaldkriips.ee\/index.php?rest_route=\/wp\/v2\/types\/post"}],"author":[{"embeddable":true,"href":"https:\/\/www.kaldkriips.ee\/index.php?rest_route=\/wp\/v2\/users\/1"}],"replies":[{"embeddable":true,"href":"https:\/\/www.kaldkriips.ee\/index.php?rest_route=%2Fwp%2Fv2%2Fcomments&post=517"}],"version-history":[{"count":0,"href":"https:\/\/www.kaldkriips.ee\/index.php?rest_route=\/wp\/v2\/posts\/517\/revisions"}],"wp:attachment":[{"href":"https:\/\/www.kaldkriips.ee\/index.php?rest_route=%2Fwp%2Fv2%2Fmedia&parent=517"}],"wp:term":[{"taxonomy":"category","embeddable":true,"href":"https:\/\/www.kaldkriips.ee\/index.php?rest_route=%2Fwp%2Fv2%2Fcategories&post=517"},{"taxonomy":"post_tag","embeddable":true,"href":"https:\/\/www.kaldkriips.ee\/index.php?rest_route=%2Fwp%2Fv2%2Ftags&post=517"}],"curies":[{"name":"wp","href":"https:\/\/api.w.org\/{rel}","templated":true}]}}