{"id":5139,"date":"2016-01-11T16:01:28","date_gmt":"2016-01-11T14:01:28","guid":{"rendered":"http:\/\/www.kaldkriips.ee\/?p=5139"},"modified":"2016-01-11T16:08:39","modified_gmt":"2016-01-11T14:08:39","slug":"tuhjast-tahjast","status":"publish","type":"post","link":"https:\/\/www.kaldkriips.ee\/?p=5139","title":{"rendered":"T\u00fchjast t\u00e4hjast"},"content":{"rendered":"<p>Uus aasta on tiksunud juba 10 p\u00e4eva, t\u00e4na on 11-s ja lapsed l\u00e4ksid peale hirmpikka koolivaheaega j\u00e4lle kooli. Kuidagi pikaks venis ja isegi laps hakkas s\u00fcgelema, et kooli tahaks juba. N\u00e4dala alguses helistas klaveri\u00f5petajale, et kas ta saaks tundi tulla vahepeal? Noh, \u00f5petaja oli v\u00e4ga r\u00f5\u00f5mus lapse tahte \u00fcle, aga kuna ta plaanis veel terve n\u00e4dala pealinnas veeta, ei saanud kahjuks tundi teha. Et kurvastust leevendada, istus ja meisterdas pool p\u00e4eva oma \u00f5petajale kingitust. Vaatan ja imestan seda tahet. Tahet harjutada ja tahet hoolida. Omal ajal minul k\u00fcll ei tulnud koolivaheajal p\u00e4he, et ma tahaks muusikakooli tundi minna.<br \/>\nPikk oli vaheaeg k\u00fcll. Mulle t\u00e4itsa meeldis see variant, mida kasutasid mitmed pealinna koolid, et vaheaeg tehti l\u00fchem ja mis \u00fcle j\u00e4i, see kasutatakse \u00e4ra eelseisva k\u00f5ige pikema veerandi jooksul. Et selline v\u00e4ike sutsak pika veerandi sees. Igati m\u00f5istlik minumeelest.<br \/>\nKuid&#8230;t\u00e4na algas j\u00e4lle rutiin. \u00d5htul ikka \u00f5igel ajal magama, sest hommikul ei saa hambad laiali p\u00f5\u00f5nata poole p\u00e4evani. Koolivaheajal oli see t\u00e4ietsi tavaline, et \u00e4ratus saabus l\u00f5unaks. Kui v\u00e4lja arvata need hommikud, mil laps tuli minuga kaasa t\u00f6\u00f6le, sest raamatukogus olid m\u00f5nel p\u00e4eval toredad koolivaheaja\u00fcritused.<br \/>\nKoolivaheaeg oli pikk, aga&#8230;me ei teinud sel korral mitte midagi v\u00e4ga erilist, ehk siis ei v\u00f5tnud ette mingeid suuri k\u00e4imisi. Oli kohe selline tunne, et peaks hoopis puhkama, rohkem kodus olema ja koos midagi tubastki tegema. 3 n\u00e4dalat kodus passida me loomulikult ei saanud, sest m\u00f5ni meist peab siiski t\u00f6\u00f6l k\u00e4ima, aga ega me kuskil suurt k\u00e4inud ka. Kirke k\u00e4is s\u00f5pradel k\u00fclas, \u00f5ues lastega m\u00e4ngimas, s\u00f5brad k\u00e4isid meil k\u00fclas. Sagimist \u00fches\u00f5naga jagus, aga Tallinnas me n\u00e4iteks kordagi ei k\u00e4inud ja Tartus, Rakveres, P\u00e4rnus ka mitte. Veetsime aega hoopis oma tasases kodulinnas. Vaatamata eiteakust tulnud kr\u00f5bedale k\u00fclmale k\u00e4isime ikka \u00f5ues jalutamas ja eile suisa uisutamas. Tubastest tegevustest olid populaarseimad lugemine, joonistamine, lauam\u00e4ngud ja vahest vaatasime koos m\u00f5ne filmi. Kui vaadatud filmist on olemas raamat, tassisime selle koju ja lugesime.<\/p>\n<p>\u00dches j\u00f5ulupakis oli Kirkel v\u00e4ike lugemislamp. Selline kohtvalgusti. See on n\u00fc\u00fcd pidevalt kasutuses. Pidavat m\u00f5nus olema. <\/p>\n<p><center><a href=\"\/pildid\/1268\/IMG_1271.jpg\"><img decoding=\"async\" src=\"\/pildid\/1268\/IMG_1271.jpg\" alt=\"toas\" \/><\/a><\/center><\/p>\n<p>See selline aja mahav\u00f5tmine oli t\u00e4iesti teadlik, sest kui aasta alguses endale veidigi puhkamist ei v\u00f5imalda, siis p\u00e4rast hakkab j\u00e4lle peale see oravrattas ja kus sa siis sedasi saad. Endasse tuleb ikka inimlikult suhtuda ja edaspidi jaksab siis j\u00e4lle sebida.<br \/>\nN\u00fc\u00fcd aga on tunne, et oleks aeg jalad pepu alt v\u00e4lja t\u00f5mmata ja j\u00e4lle tegusaks hakata. Mingid m\u00f5tted juba peas liiguvad uute projektide suunas, mingid vanad asjad oleks vaja l\u00f5petada, uued huvitavad \u00fcritused ja tegemised paistavad&#8230;\u00fches\u00f5naga elu nagu elu ikka. K\u00f5ige t\u00e4htsam, et eluke on tore ja ise oleme terved ning \u00f5nnelikud. <\/p>\n<p>Veidi pildimaterjali:<\/p>\n<p>Lastel on alati l\u00f5bu laialt, kui lumi maha tuleb. On seal k\u00fclm v\u00f5i soe, ikka tahavad \u00f5ue minna ja m\u00f6llata. Eks me oleme isegi siin k\u00e4inud jalutamas ja teinud nii 8 kilomeetrise tiiru -20-ga ja umbes sama temperatuuriga uisutamas. \u00dches\u00f5naga, kui liigutad ja tuult pole, on vahetevahel t\u00e4itsa m\u00f5nus \u00f5ues tuuritada ka suure k\u00fclmaga. V\u00e4hemalt minu, kui t\u00e4iskasvanu seisukohast. Parema meelega tahaks sellise k\u00fclmaga ikka pugeda sooja pleedi alla, istuda kamina l\u00e4hedal, k\u00e4es tass m\u00f5nusat teed ja hea raamat.<br \/>\nAh jaa. \u00dchel \u00f5htul tulime t\u00f6\u00f6lt lapsega koos  ja j\u00f5udsime kodu ette poole kaheksa ajal ja vat siis oli mul lihtsalt tunne peal vaatamata k\u00fclmale, et kohe peab saama lumes p\u00fcherdada. Tegime kahekesi maja ees lumeingleid ja p\u00e4rast veeretasime ennast &#8220;m\u00e4est&#8221; alla kraavi. Ikka \u00fcles ja alla. M\u00f5ni m\u00f6\u00f6das\u00f5itja v\u00f5is meid k\u00fcll veidralt vaadata, aga mis meil sellest. Hullult m\u00f5nus ja l\u00f5\u00f5gastav oli. <\/p>\n<p><center><a href=\"\/pildid\/1268\/IMG_1221-2.jpg\"><img decoding=\"async\" src=\"\/pildid\/1268\/IMG_1221-2.jpg\" alt=\"\u00f5ues\" \/><\/a><\/p>\n<p><\/center><center><a href=\"\/pildid\/1268\/IMG_1223.jpg\"><img decoding=\"async\" src=\"\/pildid\/1268\/IMG_1223.jpg\" alt=\"\u00f5ues\" \/><\/a><\/center><\/p>\n<p><center><a href=\"\/pildid\/1268\/IMG_1239-2.jpg\"><img decoding=\"async\" src=\"\/pildid\/1268\/IMG_1239-2.jpg\" alt=\"\u00f5ues\" \/><\/a><\/center><\/p>\n<p><center><a href=\"\/pildid\/1268\/IMG_1240-2.jpg\"><img decoding=\"async\" src=\"\/pildid\/1268\/IMG_1240-2.jpg\" alt=\"\u00f5ues\" \/><\/a><\/center><\/p>\n<p><center><a href=\"\/pildid\/1268\/IMG_1243.jpg\"><img decoding=\"async\" src=\"\/pildid\/1268\/IMG_1243.jpg\" alt=\"\u00f5ues\" \/><\/a><\/center><\/p>\n<p><center><a href=\"\/pildid\/1268\/IMG_1225-2.jpg\"><img decoding=\"async\" src=\"\/pildid\/1268\/IMG_1225-2.jpg\" alt=\"\u00f5ues\" \/><\/a><\/center><\/p>\n<p><center><a href=\"\/pildid\/1268\/IMG_1228-2.jpg\"><img decoding=\"async\" src=\"\/pildid\/1268\/IMG_1228-2.jpg\" alt=\"\u00f5ues\" \/><\/a><\/center><\/p>\n<p>Meie uisutamisv\u00e4rgist tahtsin ka r\u00e4\u00e4kida.<br \/>\nAastat ehk 4 tagasi k\u00e4isime s\u00f5brap\u00e4eva puhul noorema poja ja t\u00fctrega uisutamas. K\u00e4isime parafiinj\u00e4\u00e4 peal siseruumides. Sellise j\u00e4\u00e4 peal on omamoodi kummaline uisutada, sest seal nagu kohe ei libise see uisk kuidagi. Mina sain tookord selgeks, et uisutamist nagu rattas\u00f5itugi ei unusta \u00e4ra, kui oled lapsena \u00e4ra \u00f5ppinud ja Kirke sai lihtsalt esimest korda proovida. Eile v\u00f5tsime k\u00e4tte ja l\u00e4ksime proovima p\u00e4ris j\u00e4\u00e4le. Meil on see suurep\u00e4rane v\u00f5imalus k\u00e4ia uisutamas \u00fcsna kodu k\u00f5rval, kui ilmaolud on veekogud kaanetanud. Nimelt meil pea maja tagant l\u00e4hevad terviserajad igasse kanti ja \u00fcle m\u00e4e minnes olemegi 10 minuti p\u00e4rast uisuv\u00e4ljadel. Seal on terve hulk saviauke, mis talvel muunduvad liuv\u00e4ljadeks. Kuna \u00fcks koolimaja on sealsamas k\u00f5rval, siis nende lapsed saavad ka kehalise kasvatuse tundides uisutamas k\u00e4ia v\u00f5i hokit m\u00e4ngida. Uisulaenutus on sealsamas Sadolini spordihoones ja hind t\u00e4iesti s\u00fcmboolne.<br \/>\nMe siis eile l\u00e4ksime. Libe oli, palju libedam, kui sisehallis. Kirke alguses kakerdas minu najal, aga varsti sai juba ise hakkama ja l\u00f5puks ka veidi liuelda. Igatahes tore, et t\u00e4navune talv on meile pakkumas sellist toredat v\u00f5imalust. Ma fotokat targu j\u00e4\u00e4 peale kaasa ei tirinud, seega tegin seal paar h\u00e4dist pilti oma tavalise telefoniga. <\/p>\n<p><center><a href=\"\/pildid\/1268\/IMG_014.jpg\"><img decoding=\"async\" src=\"\/pildid\/1268\/IMG_014.jpg\" alt=\"\u00f5ues\" \/><\/a><\/center><\/p>\n<p><center><a href=\"\/pildid\/1268\/IMG_017.jpg\"><img decoding=\"async\" src=\"\/pildid\/1268\/IMG_017.jpg\" alt=\"\u00f5ues\" \/><\/a><\/center><\/p>\n<p>Koju tagasi tulime \u00fcle kelgum\u00e4e, et saaks ikka m\u00f5ned pikemad liud teha ja p\u00e4rast jalutasime m\u00f6\u00f6da terviserada lumise metsa vahelt koju tagasi. M\u00f5nus oli, v\u00e4ga m\u00f5nus. Juuksed ja m\u00fctsid olid k\u00fcll h\u00e4rmas, aga p\u00f5sed m\u00f5nusalt punased ja ise r\u00f5\u00f5msad.<\/p>\n<p><center><a href=\"\/pildid\/1268\/IMG_019.jpg\"><img decoding=\"async\" src=\"\/pildid\/1268\/IMG_019.jpg\" alt=\"\u00f5ues\" \/><\/a><\/center><\/p>\n<p>Koju j\u00f5udes vaatasin maja poole ja avastasin, et meil nn p\u00f6\u00f6ningukorrusel on akendel j\u00e4\u00e4lilled. T\u00e4nap\u00e4eva akendega sellist ilu enam naljalt ei n\u00e4e, aga kuna meil seal korrusel aknad vahetamata, siis&#8230;.l\u00e4ksin tuppa, v\u00f5tsin fotoka kaasa, ronisin \u00fcles ja tegin m\u00f5ned pildid. Imelised j\u00e4\u00e4lilled. M\u00e4letan, kuidas lapsena ikka nina vastu klaasi neid imetletud sai. N\u00fc\u00fcd ei m\u00e4letagi, millal viimati n\u00e4inud olin ja sinna maja \u00fclakorrusele pole taibanud kunagi talvel vaatama minna aknaid. Tore, et eile \u00f5uest silma j\u00e4id. Ilmselt sellep\u00e4rast, et vastasakendest s\u00e4ras l\u00e4bi loojuv p\u00e4ike, mis pani j\u00e4\u00e4lilled sillerdama.<\/p>\n<p><center><a href=\"\/pildid\/1268\/IMG_1301.jpg\"><img decoding=\"async\" src=\"\/pildid\/1268\/IMG_1301.jpg\" alt=\"\u00f5ues\" \/><\/a><\/center><\/p>\n<p><center><a href=\"\/pildid\/1268\/IMG_1303.jpg\"><img decoding=\"async\" src=\"\/pildid\/1268\/IMG_1303.jpg\" alt=\"\u00f5ues\" \/><\/a><\/center><\/p>\n<p><center><a href=\"\/pildid\/1268\/IMG_1306.jpg\"><img decoding=\"async\" src=\"\/pildid\/1268\/IMG_1306.jpg\" alt=\"\u00f5ues\" \/><\/a><\/center><\/p>\n<p> Niisiis, meil on talv. P\u00e4ris talv. K\u00fclma ja lumega. Mulle tegelikult v\u00f5iks juba aidata, aga laste p\u00e4rast v\u00f5iks ikka olla. Eriti h\u00e4sti sobiks selline kuni -10 ja p\u00e4ikesega. Mis seal ikka, varsti on jaanip\u00e4ev k\u00e4es :) Seni aga naudime talvem\u00f5nusid, tegeleme tubaste asjadega, k\u00e4ime toredates kohtades lustimas ja p\u00e4ris kindlasti v\u00f5tame aega l\u00e4hedaste ja s\u00f5pradega suhtlemiseks. Just istumegi sedasi m\u00f5nusalt kamina ees, soe teetass k\u00e4es ja ajame juttu :)<\/p>\n","protected":false},"excerpt":{"rendered":"<p>Uus aasta on tiksunud juba 10 p\u00e4eva, t\u00e4na on 11-s ja lapsed l\u00e4ksid peale hirmpikka koolivaheaega j\u00e4lle kooli. Kuidagi pikaks venis ja isegi laps hakkas s\u00fcgelema, et kooli tahaks juba. N\u00e4dala alguses helistas klaveri\u00f5petajale, et kas ta saaks tundi tulla &hellip; <a href=\"https:\/\/www.kaldkriips.ee\/?p=5139\">J\u00e4tka lugemist <span class=\"meta-nav\">&rarr;<\/span><\/a><\/p>\n","protected":false},"author":1,"featured_media":0,"comment_status":"open","ping_status":"open","sticky":false,"template":"","format":"standard","meta":{"footnotes":""},"categories":[5],"tags":[],"class_list":["post-5139","post","type-post","status-publish","format-standard","hentry","category-mina-ise-ja-muud-loomad"],"_links":{"self":[{"href":"https:\/\/www.kaldkriips.ee\/index.php?rest_route=\/wp\/v2\/posts\/5139"}],"collection":[{"href":"https:\/\/www.kaldkriips.ee\/index.php?rest_route=\/wp\/v2\/posts"}],"about":[{"href":"https:\/\/www.kaldkriips.ee\/index.php?rest_route=\/wp\/v2\/types\/post"}],"author":[{"embeddable":true,"href":"https:\/\/www.kaldkriips.ee\/index.php?rest_route=\/wp\/v2\/users\/1"}],"replies":[{"embeddable":true,"href":"https:\/\/www.kaldkriips.ee\/index.php?rest_route=%2Fwp%2Fv2%2Fcomments&post=5139"}],"version-history":[{"count":24,"href":"https:\/\/www.kaldkriips.ee\/index.php?rest_route=\/wp\/v2\/posts\/5139\/revisions"}],"predecessor-version":[{"id":5164,"href":"https:\/\/www.kaldkriips.ee\/index.php?rest_route=\/wp\/v2\/posts\/5139\/revisions\/5164"}],"wp:attachment":[{"href":"https:\/\/www.kaldkriips.ee\/index.php?rest_route=%2Fwp%2Fv2%2Fmedia&parent=5139"}],"wp:term":[{"taxonomy":"category","embeddable":true,"href":"https:\/\/www.kaldkriips.ee\/index.php?rest_route=%2Fwp%2Fv2%2Fcategories&post=5139"},{"taxonomy":"post_tag","embeddable":true,"href":"https:\/\/www.kaldkriips.ee\/index.php?rest_route=%2Fwp%2Fv2%2Ftags&post=5139"}],"curies":[{"name":"wp","href":"https:\/\/api.w.org\/{rel}","templated":true}]}}