{"id":5112,"date":"2015-12-31T21:30:07","date_gmt":"2015-12-31T19:30:07","guid":{"rendered":"http:\/\/www.kaldkriips.ee\/?p=5112"},"modified":"2015-12-31T21:56:35","modified_gmt":"2015-12-31T19:56:35","slug":"31-detsember-2015","status":"publish","type":"post","link":"https:\/\/www.kaldkriips.ee\/?p=5112","title":{"rendered":"31.detsember 2015"},"content":{"rendered":"<p>T\u00e4na on  2015 aasta viimane p\u00e4ev. Vahetub number&#8230;aga kas sellest midagi muutub ? Eks see s\u00f5ltu vist suures osas meist endist. V\u00e4hemasti osalt, sest suures plaanis&#8230;ei me keegi tea, mis siin maailmas s\u00fcnnib, aga loodame ikka, et headus v\u00f5idab.<br \/>\nSelle aasta viimane \u00f5htu on olnud h\u00e4sti m\u00f5nusalt rahulik, sujuv, armas&#8230;selline rahumeelne kulgemine. Hommikul \u00e4rkasime ilma \u00e4ratuskellata siis, kui oli tunne, et uni on t\u00e4is magatud. Ok, tegelikult helistas poeg kell 11 ja imestas, et me veel ikka magame, aga uni oligi selleks ajaks otsas.  Eks eelmisel \u00f5htul lugesin liiga kaua raamatut ja&#8230;lihtsalt oli vaja ennast v\u00e4lja magada m\u00f6\u00f6duvast aastast. Peale hilist hommikus\u00f6\u00f6ki toimetasime veidi kodus ja kui praad oli oma uhiuue j\u00f5uluks saadud elu esimese malmpotiga ahju pandud, suundusime \u00f5ue, et teha selle aasta viimane p\u00e4evane jalutusk\u00e4ik loodusesse. M\u00f5nusalt valge ja karge oli \u00f5ues ja hinges soe teadmine, et n\u00fc\u00fcd l\u00e4hebki iga p\u00e4evaga natuke valgemaks. <\/p>\n<p><center><a href=\"\/pildid\/1263\/IMG_1012.jpg\"><img decoding=\"async\" src=\"\/pildid\/1263\/IMG_1012.jpg\" alt=\"\u00f5ues\" \/><\/a><\/center><\/p>\n<p><center><a href=\"\/pildid\/1263\/IMG_1026-2.jpg\"><img decoding=\"async\" src=\"\/pildid\/1263\/IMG_1026-2.jpg\" alt=\"\u00f5ues\" \/><\/a><\/center><\/p>\n<p><center><a href=\"\/pildid\/1263\/IMG_1040.jpg\"><img decoding=\"async\" src=\"\/pildid\/1263\/IMG_1040.jpg\" alt=\"\u00f5ues\" \/><\/a><\/center><\/p>\n<p><center><a href=\"\/pildid\/1263\/IMG_1054.jpg\"><img decoding=\"async\" src=\"\/pildid\/1263\/IMG_1054.jpg\" alt=\"\u00f5ues\" \/><\/a><\/center><\/p>\n<p>Et sel aastal polegi sellist valget ja helget aega olnud, siis t\u00e4na puhkas silm t\u00f5eliselt h\u00e4rmas loodust vaadates. Nagu v\u00e4ike muinasjutt. Jalutad metsavaikuses ja fantaseerid. <\/p>\n<p><center><a href=\"\/pildid\/1263\/IMG_1027-2.jpg\"><img decoding=\"async\" src=\"\/pildid\/1263\/IMG_1027-2.jpg\" alt=\"\u00f5ues\" \/><\/a><\/center><\/p>\n<p><center><a href=\"\/pildid\/1263\/IMG_1044.jpg\"><img decoding=\"async\" src=\"\/pildid\/1263\/IMG_1044.jpg\" alt=\"\u00f5ues\" \/><\/a><\/center><\/p>\n<p>P\u00e4ike l\u00e4ks looja, termomeeter langes kahe p\u00fcgala v\u00f5rra ja meie l\u00e4ksime koju. Teepeal kohtasime  minu kalli s\u00f5branna t\u00fctart Helenat. Ajasime juttu maast ja ilmast. Ka sellest, kui m\u00f5nus on l\u00f5puks peale detsembrikiiret lihtsalt rahulikult kodus olla.<br \/>\nTuppa oli m\u00f5nus tulla, sest praad ahjupotis elas juba oma elu ning saatis sealt meie s\u00fcljen\u00e4\u00e4rmete elavdamiseks v\u00e4lja imelisi aroome. Juurikad olid potis podisenud paraja aja, koputasin veidi liha l\u00e4bi ning lisasin kergelt \u00fclepraetuna koos sibula ja k\u00fc\u00fcslauguga praeliha potti. Nii nad seal siis koos juurikatega veetsid j\u00e4rgmisedki 1,5 tundi. L\u00f5hnad olid ilmselt nii head ja tugevad, et sellepeale tuli meile isegi rahvast juurde. Nii sai siis seltsis s\u00f6\u00f6dud selle aasta viimane \u00f5htus\u00f6\u00f6k, n\u00f5ud koristatud ja juttu aetud. <\/p>\n<p><center><a href=\"\/pildid\/1263\/IMG_1057.jpg\"><img decoding=\"async\" src=\"\/pildid\/1263\/IMG_1057.jpg\" alt=\"\u00f5ues\" \/><\/a><\/center><\/p>\n<p><center><a href=\"\/pildid\/1263\/IMG_1063.jpg\"><img decoding=\"async\" src=\"\/pildid\/1263\/IMG_1063.jpg\" alt=\"\u00f5ues\" \/><\/a><\/center><\/p>\n<p>J\u00e4in m\u00f5tlema, et milline see aasta 2015 siis oli? Midagi halba igatahes ei tule meelde, seega&#8230;.oli hea, ilus ja tore aasta. Perre s\u00fcndis juurde \u00fcks armas t\u00fctarlaps, k\u00f5ik l\u00e4hedased ja s\u00f5brad olid terved, toit laual, katus pea kohal. On olnud sisemist kasvamist ja arusaamist, et oma tunded valime me ise. Seega \u00f5nnelik olemine, on teadlik valik. \u00dcks kurb asi siiski oli&#8230;meie juurest lahkus taevastele teedele meie armas koerake. See oli t\u00f5esti t\u00f5eliselt kurb ja meenutame teda pereringis sageli hea s\u00f5naga, meenutame naljakaid juhtumisi&#8230;<br \/>\n Kuid pere ja l\u00e4hedased ei ole midagi iseenesestm\u00f5istetavat, nad on nii olulised, kui oluline saab \u00fcldse siin elus midagi veel olla ja kui perel on k\u00f5ik h\u00e4sti, on \u00f5nn ka enda \u00f5uel.<br \/>\nSaadan aasta \u00e4ra s\u00fcgavas t\u00e4nutundes k\u00f5ige eest, mis mu elus on head ja ka selle eest, mis on olnud \u00f5ppetunniks. <\/p>\n<p>M\u00f5ne tunni p\u00e4rast v\u00f5tame vastu uue aasta, suurep\u00e4rase aasta, t\u00e4is armastust, kordaminekuid ja r\u00f5\u00f5mu!<\/p>\n","protected":false},"excerpt":{"rendered":"<p>T\u00e4na on 2015 aasta viimane p\u00e4ev. Vahetub number&#8230;aga kas sellest midagi muutub ? Eks see s\u00f5ltu vist suures osas meist endist. V\u00e4hemasti osalt, sest suures plaanis&#8230;ei me keegi tea, mis siin maailmas s\u00fcnnib, aga loodame ikka, et headus v\u00f5idab. Selle &hellip; <a href=\"https:\/\/www.kaldkriips.ee\/?p=5112\">J\u00e4tka lugemist <span class=\"meta-nav\">&rarr;<\/span><\/a><\/p>\n","protected":false},"author":1,"featured_media":0,"comment_status":"open","ping_status":"open","sticky":false,"template":"","format":"standard","meta":{"footnotes":""},"categories":[5],"tags":[],"class_list":["post-5112","post","type-post","status-publish","format-standard","hentry","category-mina-ise-ja-muud-loomad"],"_links":{"self":[{"href":"https:\/\/www.kaldkriips.ee\/index.php?rest_route=\/wp\/v2\/posts\/5112"}],"collection":[{"href":"https:\/\/www.kaldkriips.ee\/index.php?rest_route=\/wp\/v2\/posts"}],"about":[{"href":"https:\/\/www.kaldkriips.ee\/index.php?rest_route=\/wp\/v2\/types\/post"}],"author":[{"embeddable":true,"href":"https:\/\/www.kaldkriips.ee\/index.php?rest_route=\/wp\/v2\/users\/1"}],"replies":[{"embeddable":true,"href":"https:\/\/www.kaldkriips.ee\/index.php?rest_route=%2Fwp%2Fv2%2Fcomments&post=5112"}],"version-history":[{"count":14,"href":"https:\/\/www.kaldkriips.ee\/index.php?rest_route=\/wp\/v2\/posts\/5112\/revisions"}],"predecessor-version":[{"id":5126,"href":"https:\/\/www.kaldkriips.ee\/index.php?rest_route=\/wp\/v2\/posts\/5112\/revisions\/5126"}],"wp:attachment":[{"href":"https:\/\/www.kaldkriips.ee\/index.php?rest_route=%2Fwp%2Fv2%2Fmedia&parent=5112"}],"wp:term":[{"taxonomy":"category","embeddable":true,"href":"https:\/\/www.kaldkriips.ee\/index.php?rest_route=%2Fwp%2Fv2%2Fcategories&post=5112"},{"taxonomy":"post_tag","embeddable":true,"href":"https:\/\/www.kaldkriips.ee\/index.php?rest_route=%2Fwp%2Fv2%2Ftags&post=5112"}],"curies":[{"name":"wp","href":"https:\/\/api.w.org\/{rel}","templated":true}]}}