{"id":511,"date":"2010-01-04T16:56:41","date_gmt":"2010-01-04T14:56:41","guid":{"rendered":"http:\/\/blog.kaldkriips.ee\/?p=511"},"modified":"2010-01-04T16:57:39","modified_gmt":"2010-01-04T14:57:39","slug":"muinasjutuline-talv","status":"publish","type":"post","link":"https:\/\/www.kaldkriips.ee\/?p=511","title":{"rendered":"Muinasjutuline talv"},"content":{"rendered":"<p>Sel aastal on ilmataat \u00f5nnistanud meid t\u00f5epoolest muinasjutulise talvega.<br \/>\nUusaasta\u00f6\u00f6 lumise vaikuse, pakase ja t\u00e4iskuuga lausa lummas ja seda ilu jagub siiani. Kohati tekib tunne, et&#8230;.saaks vaid kuidagi seda ilu salvetsada, et see hetk viibiks kauem&#8230;<br \/>\nOleme siin t\u00fctrekesega kasutanud v\u00f5imalust ja ikka nina \u00f5ue pistnud. Patt oleks sellist lumerohkust ja v\u00f5rratut vaatepilti vaid toa aknast vaadata. Kuigi mis seal salata, soojas toas, kaminatule praksumine taustaks&#8230;.on samuti m\u00f5nus \u00f5ueilu nautida. Meil \u00f5nneks selleks otstarbeks suur aken ja sealt paistab just see looduse kaunim osa :) S\u00f5idutee j\u00e4\u00e4b allapoole n\u00e4gemispiiri. Sellegipoolest&#8230;.\u00f5ue, \u00f5ue, \u00f5ue :) Elades v\u00e4ikelinnas j\u00e4\u00e4b ka see r\u00f5\u00f5m, et aastaaegade vaheldumine on meil m\u00e4rgatav :) Kui on talv, siis on ikka talv, mitte teedel\u00f6gaga \u00e4\u00e4ristatud t\u00e4navad.<br \/>\nKogu see lumerohkus, valgus ja s\u00e4ra&#8230;.annab tunde, et m\u00f5ttedki on s\u00e4ravamad. <\/p>\n<p><center><a href=\"\/pildid\/511\/IMG_7783v.jpg\"><img decoding=\"async\" src=\"\/pildid\/511\/IMG_7783v.jpg\" alt=\"\u00f5ues\" \/><\/a><\/center> <\/p>\n<p><center><a href=\"\/pildid\/511\/IMG_7787v.jpg\"><img decoding=\"async\" src=\"\/pildid\/511\/IMG_7787v.jpg\" alt=\"lumi\" \/><\/a><\/center> <\/p>\n<p><center><a href=\"\/pildid\/511\/IMG_7793v.jpg\"><img decoding=\"async\" src=\"\/pildid\/511\/IMG_7793v.jpg\" alt=\"\u00f5ues\" \/><\/a><\/center> <\/p>\n<p><center><a href=\"\/pildid\/511\/IMG_7801v.jpg\"><img decoding=\"async\" src=\"\/pildid\/511\/IMG_7801v.jpg\" alt=\"lumi\" \/><\/a><\/center> <\/p>\n<p><center><a href=\"\/pildid\/511\/IMG_7807v.jpg\"><img decoding=\"async\" src=\"\/pildid\/511\/IMG_7807v.jpg\" alt=\"\u00f5ues\" \/><\/a><\/center> <\/p>\n<p><center><a href=\"\/pildid\/511\/IMG_7809v.jpg\"><img decoding=\"async\" src=\"\/pildid\/511\/IMG_7809v.jpg\" alt=\"\u00f5ues\" \/><\/a><\/center> <\/p>\n<p><center><a href=\"\/pildid\/511\/IMG_7823v.jpg\"><img decoding=\"async\" src=\"\/pildid\/511\/IMG_7823v.jpg\" alt=\"lumi\" \/><\/a><\/center> <\/p>\n<p>Selline oli siis meie eilne lumeretk :)<\/p>\n","protected":false},"excerpt":{"rendered":"<p>Sel aastal on ilmataat \u00f5nnistanud meid t\u00f5epoolest muinasjutulise talvega. Uusaasta\u00f6\u00f6 lumise vaikuse, pakase ja t\u00e4iskuuga lausa lummas ja seda ilu jagub siiani. Kohati tekib tunne, et&#8230;.saaks vaid kuidagi seda ilu salvetsada, et see hetk viibiks kauem&#8230; Oleme siin t\u00fctrekesega kasutanud &hellip; <a href=\"https:\/\/www.kaldkriips.ee\/?p=511\">J\u00e4tka lugemist <span class=\"meta-nav\">&rarr;<\/span><\/a><\/p>\n","protected":false},"author":1,"featured_media":0,"comment_status":"open","ping_status":"open","sticky":false,"template":"","format":"standard","meta":{"footnotes":""},"categories":[5],"tags":[],"class_list":["post-511","post","type-post","status-publish","format-standard","hentry","category-mina-ise-ja-muud-loomad"],"_links":{"self":[{"href":"https:\/\/www.kaldkriips.ee\/index.php?rest_route=\/wp\/v2\/posts\/511"}],"collection":[{"href":"https:\/\/www.kaldkriips.ee\/index.php?rest_route=\/wp\/v2\/posts"}],"about":[{"href":"https:\/\/www.kaldkriips.ee\/index.php?rest_route=\/wp\/v2\/types\/post"}],"author":[{"embeddable":true,"href":"https:\/\/www.kaldkriips.ee\/index.php?rest_route=\/wp\/v2\/users\/1"}],"replies":[{"embeddable":true,"href":"https:\/\/www.kaldkriips.ee\/index.php?rest_route=%2Fwp%2Fv2%2Fcomments&post=511"}],"version-history":[{"count":0,"href":"https:\/\/www.kaldkriips.ee\/index.php?rest_route=\/wp\/v2\/posts\/511\/revisions"}],"wp:attachment":[{"href":"https:\/\/www.kaldkriips.ee\/index.php?rest_route=%2Fwp%2Fv2%2Fmedia&parent=511"}],"wp:term":[{"taxonomy":"category","embeddable":true,"href":"https:\/\/www.kaldkriips.ee\/index.php?rest_route=%2Fwp%2Fv2%2Fcategories&post=511"},{"taxonomy":"post_tag","embeddable":true,"href":"https:\/\/www.kaldkriips.ee\/index.php?rest_route=%2Fwp%2Fv2%2Ftags&post=511"}],"curies":[{"name":"wp","href":"https:\/\/api.w.org\/{rel}","templated":true}]}}