{"id":507,"date":"2009-12-28T15:07:43","date_gmt":"2009-12-28T13:07:43","guid":{"rendered":"http:\/\/blog.kaldkriips.ee\/?p=507"},"modified":"2009-12-28T15:11:21","modified_gmt":"2009-12-28T13:11:21","slug":"jouluaeg","status":"publish","type":"post","link":"https:\/\/www.kaldkriips.ee\/?p=507","title":{"rendered":"J\u00f5uluaeg"},"content":{"rendered":"<p>Nagu oli ka plaanitud, saabus meile J\u00f5ulurahu. K\u00f5ik kiiremad asjad said tehtud, koju hetkel v\u00f5imalikust parim kord saavutatud ja v\u00f5is rahumeeli ennast p\u00fchadelainele sobitada.<br \/>\nEsik oli saanud ilusa mahekollase uue kuue. Selle \u00fcle v\u00f5is t\u00f5siselt r\u00f5\u00f5mustada. Pere on terve &#8211; see on k\u00f5ige olulisem. Ja oleme k\u00f5ik koos :)<\/p>\n<p><center><a href=\"\/pildid\/507\/IMG_7701u.jpg\"><img decoding=\"async\" src=\"\/pildid\/507\/IMG_7701uv.jpg\" alt=\"j\u00f5ulupuu\" \/><\/a><\/center> <\/p>\n<p>J\u00f5ululaup\u00e4eva veetsime k\u00fclas. Maal. Nagu igal aastal juba \u00fcle 20 aasta kombeks. P\u00e4ev pole k\u00fcll kunagi raudpoltkindel, aga p\u00fchade ajal saame alti \u00fchise laua taga kokku.<br \/>\nSel aastal oli meil selline huvitav J\u00f5uluvana :) \u00dcllatavalt h\u00e4sti teadis ta, mida keegi on kingituseks soovinud :) Mina v\u00f5in k\u00fcll \u00f6elda, et k\u00f5ik mu ootused t\u00e4itusid :D<br \/>\nMida siis veel J\u00f5ulu ajal tehtud- s\u00f6\u00f6dud? S\u00f6\u00f6dud on t\u00f5tt\u00f6elda traditsioonilisi toite. J\u00f5ululaup\u00e4eval &#8211; liha ( sea- ja t\u00f5uveise), verivorste, m\u00f5nusat kapsast ja kartulit. Salat oli ka, aga see mu k\u00f5htu enam ei mahtunud :D<br \/>\nMagusroaks olid kringel, k\u00fcpsisetort ja k\u00fclmtort.<br \/>\nEsimesel p\u00fchal tegime asja lihtsamaks &#8211; h\u00e4vitasime seda, mis j\u00e4rgi, sest ega raisku saa lasta midagi :)<br \/>\nPerega olime k\u00f5ik kodused. \u00dcle mitmesetme aja vaatasin telekat &#8211; Harry Potter-it. Lugesin. Huvitav raamat. Hirmus palju asju ajas peas segi ja n\u00fc\u00fcd asetan k\u00f5ike oma kohtadele :) Igatahes v\u00e4ga hariv ja kavatsen teda korra veel lugeda.<br \/>\nTeise p\u00fcha olime samuti kodused. Lugesin, puhkasin, tegelesin lapsega, sebisin kappides&#8230;.<br \/>\nJa p\u00fchap\u00e4val magasime hommikul alles nagu kotid, kui meile k\u00fclaline tuli :D Igatahes veetsime toreda p\u00e4eva. K\u00f5igil oli l\u00f5bus ja tore. Ainus jama oli see, et hommikul t\u00e4idetud k\u00fclmik oli \u00f5htuks millegip\u00e4rast uuesti t\u00fchi :D<\/p>\n<p><center><a href=\"\/pildid\/507\/IMG_7746.jpg\"><img decoding=\"async\" src=\"\/pildid\/507\/IMG_7746v.jpg\" alt=\"talvem\u00f6ll\" \/><\/a><\/center> <\/p>\n<p>Jaaa, ja vat \u00f5htul hiljem tuli mulle veel armas s\u00f5bratar k\u00fclla. S\u00f5ime kooki ja tegime endale m\u00f5nusa filmi\u00f5htu. Ja armas s\u00f5brake t\u00f5i mulle veel s\u00fcnnip\u00e4evakingi :P &#8220;Sepamaa talu k\u00f6\u00f6k Vol.2&#8221;<br \/>\nSuper. Eelmine aasta t\u00f5i ta esimese osa ja ega siis esimene ilma teiseta v\u00f5i j\u00e4\u00e4da. T\u00e4na juba sihin sealt \u00fchte head suppi, mida tahaks teha :P<br \/>\nKokkuv\u00f5tteks v\u00f5ib \u00f6elda seda, et mu hinges on suur rahu ja \u00f5nn :) M\u00f5ned eluolulised pisiprobleemid on kogu selle tunde k\u00f5rval v\u00e4ga t\u00fchised. <\/p>\n<p><center><a href=\"\/pildid\/507\/IMG_7742.jpg\"><img decoding=\"async\" src=\"\/pildid\/507\/IMG_7742v.jpg\" alt=\"lumine\" \/><\/a><\/center> <\/p>\n","protected":false},"excerpt":{"rendered":"<p>Nagu oli ka plaanitud, saabus meile J\u00f5ulurahu. K\u00f5ik kiiremad asjad said tehtud, koju hetkel v\u00f5imalikust parim kord saavutatud ja v\u00f5is rahumeeli ennast p\u00fchadelainele sobitada. Esik oli saanud ilusa mahekollase uue kuue. Selle \u00fcle v\u00f5is t\u00f5siselt r\u00f5\u00f5mustada. Pere on terve &#8211; &hellip; <a href=\"https:\/\/www.kaldkriips.ee\/?p=507\">J\u00e4tka lugemist <span class=\"meta-nav\">&rarr;<\/span><\/a><\/p>\n","protected":false},"author":1,"featured_media":0,"comment_status":"open","ping_status":"open","sticky":false,"template":"","format":"standard","meta":{"footnotes":""},"categories":[5],"tags":[],"class_list":["post-507","post","type-post","status-publish","format-standard","hentry","category-mina-ise-ja-muud-loomad"],"_links":{"self":[{"href":"https:\/\/www.kaldkriips.ee\/index.php?rest_route=\/wp\/v2\/posts\/507"}],"collection":[{"href":"https:\/\/www.kaldkriips.ee\/index.php?rest_route=\/wp\/v2\/posts"}],"about":[{"href":"https:\/\/www.kaldkriips.ee\/index.php?rest_route=\/wp\/v2\/types\/post"}],"author":[{"embeddable":true,"href":"https:\/\/www.kaldkriips.ee\/index.php?rest_route=\/wp\/v2\/users\/1"}],"replies":[{"embeddable":true,"href":"https:\/\/www.kaldkriips.ee\/index.php?rest_route=%2Fwp%2Fv2%2Fcomments&post=507"}],"version-history":[{"count":0,"href":"https:\/\/www.kaldkriips.ee\/index.php?rest_route=\/wp\/v2\/posts\/507\/revisions"}],"wp:attachment":[{"href":"https:\/\/www.kaldkriips.ee\/index.php?rest_route=%2Fwp%2Fv2%2Fmedia&parent=507"}],"wp:term":[{"taxonomy":"category","embeddable":true,"href":"https:\/\/www.kaldkriips.ee\/index.php?rest_route=%2Fwp%2Fv2%2Fcategories&post=507"},{"taxonomy":"post_tag","embeddable":true,"href":"https:\/\/www.kaldkriips.ee\/index.php?rest_route=%2Fwp%2Fv2%2Ftags&post=507"}],"curies":[{"name":"wp","href":"https:\/\/api.w.org\/{rel}","templated":true}]}}